{"id":190645,"date":"2016-12-08T18:11:53","date_gmt":"2016-12-08T20:11:53","guid":{"rendered":"https:\/\/jundiai.sp.gov.br\/noticias\/?p=190645"},"modified":"2016-12-14T16:19:36","modified_gmt":"2016-12-14T18:19:36","slug":"contrapartida-da-iniciativa-privada-para-asfalto-da-wady-badra-avanca-na-prefeitura","status":"publish","type":"post","link":"https:\/\/jundiai.sp.gov.br\/noticias\/2016\/12\/08\/contrapartida-da-iniciativa-privada-para-asfalto-da-wady-badra-avanca-na-prefeitura\/","title":{"rendered":"Contrapartida da iniciativa privada para asfalto da Wady Badra avan\u00e7a na Prefeitura"},"content":{"rendered":"<p><strong>Um grupo de empres\u00e1rios da regi\u00e3o da <a href=\"https:\/\/jundiai.sp.gov.br\/noticias\/2016\/11\/30\/ponte-da-wady-badra-melhora-mobilidade-no-vetor-oeste\/\">rec\u00e9m-inaugurada ponte do Wady Badra<\/a>, no Jardim das Tulipas, esteve reunido na secretaria de Desenvolvimento Econ\u00f4mico, Ci\u00eancia e Tecnologia, na tarde desta quinta-feira (8), para tratar dos pr\u00f3ximos passos envolvendo a contrapartida privada para a melhoria da infraestrutura local, que prev\u00ea a pavimenta\u00e7\u00e3o do novo sistema vi\u00e1rio que envolve a ponte, que substituiu uma outra existente h\u00e1 cerca de 30 anos, feita de madeira.<\/strong><\/p>\n<p>A obra, entregue pelo prefeito Pedro Bigardi recentemente, \u00e9 uma <strong>importante liga\u00e7\u00e3o vi\u00e1ria entre o Distrito Industrial e a regi\u00e3o do Jardim das Tulipas, que vai facilitar o fluxo e a log\u00edstica da produ\u00e7\u00e3o industrial daquela \u00e1rea.<\/strong><\/p>\n<p><strong>LEIA TAMB\u00c9M<br \/>\n<a href=\"https:\/\/jundiai.sp.gov.br\/noticias\/2016\/12\/08\/projeto-de-lei-sobre-incentivo-ao-sistema-de-inovacao-vai-a-camara\/\">Projeto de Lei sobre incentivo ao sistema de inova\u00e7\u00e3o vai \u00e0 C\u00e2mara<\/a><\/strong><\/p>\n<p>Conduzida pelo diretor de fomento \u00e0 ind\u00fastria, Gilson Pichioli, as conversas tiveram a participa\u00e7\u00e3o da secret\u00e1ria de Obras, Rose Mingotti, e do secret\u00e1rio de Servi\u00e7os P\u00fablicos, Lucas Aparecido Rodrigues, e pelo diretor de Obras, Ari Marinho.<\/p>\n<p>\u201c<strong>Ficou acertado que, de imediato, ter\u00e1 in\u00edcio o trabalho de tubula\u00e7\u00e3o com objetivo da drenagem local. O mais importante agora \u00e9 mantermos a obra em movimento, j\u00e1 que estamos em transi\u00e7\u00e3o governamental. Vamos deixar tudo engatilhado para que a obra n\u00e3o pare<\/strong>\u201d, disse Pichioli.<\/p>\n<p>O grupo de empres\u00e1rios foi un\u00e2nime ao lembrar do antigo estado de conserva\u00e7\u00e3o do trecho. \u201c<strong>O lugar era literalmente um lixo, porque todos descartavam res\u00edduos ali. Melhorou muito e agora vamos atuar na finaliza\u00e7\u00e3o dessa obra<\/strong>.\u201d<\/p>\n<p>Na ocasi\u00e3o, os envolvidos estudaram e debateram sobre o projeto executivo da via, detalhes sobre a coloca\u00e7\u00e3o de galerias (bocas de lobo), acerto da rede e dos novos postes e tamb\u00e9m sobre servi\u00e7os de manuten\u00e7\u00e3o que a Prefeitura executa, atualmente, naquele endere\u00e7o.<\/p>\n<p>Acertada em 2013, a contrapartida privada prev\u00ea o custeio do asfalto do novo vi\u00e1rio com m\u00e3o de obra da Prefeitura de Jundia\u00ed.<\/p>\n<p><em><strong>Thiago Secco <\/strong><\/em><\/p>\n","protected":false},"excerpt":{"rendered":"<p>Nova ponte ser\u00e1 importante liga\u00e7\u00e3o entre o Distrito Industrial e a regi\u00e3o do Jardim das Tulipas, facilitando a log\u00edstica da produ\u00e7\u00e3o industrial daquela \u00e1rea<\/p>\n","protected":false},"author":10,"featured_media":190647,"comment_status":"closed","ping_status":"closed","sticky":false,"template":"","format":"standard","meta":{"footnotes":""},"categories":[2],"tags":[365,347],"ods":[],"class_list":["post-190645","post","type-post","status-publish","format-standard","has-post-thumbnail","hentry","category-noticias","tag-desenvolvimento-economico-ciencia-e-tecnologia","tag-obras"],"_links":{"self":[{"href":"https:\/\/jundiai.sp.gov.br\/noticias\/wp-json\/wp\/v2\/posts\/190645","targetHints":{"allow":["GET"]}}],"collection":[{"href":"https:\/\/jundiai.sp.gov.br\/noticias\/wp-json\/wp\/v2\/posts"}],"about":[{"href":"https:\/\/jundiai.sp.gov.br\/noticias\/wp-json\/wp\/v2\/types\/post"}],"author":[{"embeddable":true,"href":"https:\/\/jundiai.sp.gov.br\/noticias\/wp-json\/wp\/v2\/users\/10"}],"replies":[{"embeddable":true,"href":"https:\/\/jundiai.sp.gov.br\/noticias\/wp-json\/wp\/v2\/comments?post=190645"}],"version-history":[{"count":3,"href":"https:\/\/jundiai.sp.gov.br\/noticias\/wp-json\/wp\/v2\/posts\/190645\/revisions"}],"predecessor-version":[{"id":190885,"href":"https:\/\/jundiai.sp.gov.br\/noticias\/wp-json\/wp\/v2\/posts\/190645\/revisions\/190885"}],"wp:featuredmedia":[{"embeddable":true,"href":"https:\/\/jundiai.sp.gov.br\/noticias\/wp-json\/wp\/v2\/media\/190647"}],"wp:attachment":[{"href":"https:\/\/jundiai.sp.gov.br\/noticias\/wp-json\/wp\/v2\/media?parent=190645"}],"wp:term":[{"taxonomy":"category","embeddable":true,"href":"https:\/\/jundiai.sp.gov.br\/noticias\/wp-json\/wp\/v2\/categories?post=190645"},{"taxonomy":"post_tag","embeddable":true,"href":"https:\/\/jundiai.sp.gov.br\/noticias\/wp-json\/wp\/v2\/tags?post=190645"},{"taxonomy":"ods","embeddable":true,"href":"https:\/\/jundiai.sp.gov.br\/noticias\/wp-json\/wp\/v2\/ods?post=190645"}],"curies":[{"name":"wp","href":"https:\/\/api.w.org\/{rel}","templated":true}]}}