{"id":190669,"date":"2016-12-09T17:12:57","date_gmt":"2016-12-09T19:12:57","guid":{"rendered":"https:\/\/jundiai.sp.gov.br\/noticias\/?p=190669"},"modified":"2016-12-14T09:35:07","modified_gmt":"2016-12-14T11:35:07","slug":"corte-da-uva-2017-tem-pre-selecao-das-16-finalistas-neste-sabado-10","status":"publish","type":"post","link":"https:\/\/jundiai.sp.gov.br\/noticias\/2016\/12\/09\/corte-da-uva-2017-tem-pre-selecao-das-16-finalistas-neste-sabado-10\/","title":{"rendered":"Corte da Uva 2017 tem pr\u00e9-sele\u00e7\u00e3o das 16 finalistas neste s\u00e1bado (10)"},"content":{"rendered":"<p><strong>Candidatas ao posto de rainha, 1\u00aa princesa e 2\u00aa princesa da <a href=\"http:\/\/festadauva.jundiai.sp.gov.br\/\" target=\"_blank\">34\u00aa Festa da Uva e 5\u00aa Expo Vinhos<\/a> v\u00e3o ser pr\u00e9-selecionadas neste s\u00e1bado (10), a partir das 19h30, no audit\u00f3rio Elis Regina, no Complexo Argos. Nesta etapa, a Corte da Uva 2017 seleciona 16 finalistas das 29 inscritas.<\/strong><\/p>\n<p><strong>LEIA TAMB\u00c9M<\/strong><br \/>\n<a href=\"https:\/\/jundiai.sp.gov.br\/noticias\/2016\/12\/07\/coral-municipal-tem-concertos-natalinos-e-encerra-temporada-2016\/\">Coral Municipal t\u00eam concertos natalinos e encerra temporada 2016<\/a><br \/>\n<a href=\"https:\/\/jundiai.sp.gov.br\/noticias\/2016\/12\/07\/cras-santa-gertrudes-tem-apresentacao-musical-do-projeto-tocar-encantar\/\">CRAS Santa Gertrudes tem apresenta\u00e7\u00e3o musical do \u2018Tocar &amp; Encantar\u2019<\/a><br \/>\n<a href=\"https:\/\/jundiai.sp.gov.br\/noticias\/2016\/12\/07\/programa-de-cultura-alternativa-feira-entorta-tem-ultima-edicao-neste-domingo-11\/\">Programa de cultura \u2018Feira Entorta\u2019 tem \u00faltima edi\u00e7\u00e3o neste domingo (11)<\/a><\/p>\n<div id=\"attachment_190670\" style=\"width: 410px\" class=\"wp-caption alignright\"><a href=\"https:\/\/jundiai.sp.gov.br\/noticias\/wp-content\/uploads\/sites\/32\/2016\/12\/meninas-festa-uva.jpg\"><img loading=\"lazy\" decoding=\"async\" aria-describedby=\"caption-attachment-190670\" class=\"size-full wp-image-190670\" src=\"https:\/\/jundiai.sp.gov.br\/noticias\/wp-content\/uploads\/sites\/32\/2016\/12\/meninas-festa-uva.jpg\" alt=\"Meninas v\u00e3o ser avaliadas nos quesitos: beleza, eleg\u00e2ncia, simpatia, desembara\u00e7o e traje de gala\" width=\"400\" height=\"350\" \/><\/a><p id=\"caption-attachment-190670\" class=\"wp-caption-text\">Meninas v\u00e3o ser avaliadas nos quesitos: beleza, eleg\u00e2ncia, simpatia, desembara\u00e7o e traje de gala<\/p><\/div>\n<p>A sele\u00e7\u00e3o que vai eleger a Corte da Uva oficial de 2017 est\u00e1 marcada para a <strong>quinta-feira (15), no <a href=\"http:\/\/cultura.jundiai.sp.gov.br\/teatropolytheama\/\" target=\"_blank\">Teatro Polythaema<\/a>, a partir das 19h30<\/strong> e ser\u00e1 feita com base nos quesitos <strong>beleza, eleg\u00e2ncia, simpatia, desembara\u00e7o e traje de gala<\/strong> das concorrentes.<\/p>\n<p>Na edi\u00e7\u00e3o, o concurso oferece premia\u00e7\u00e3o de <strong>R$ 5 mil para a rainha, R$ 3,5 mil para a 1\u00aa princesa e R$ 2,5 mil para a 2\u00aa princesa<\/strong>. Mais informa\u00e7\u00f5es pelo <strong>telefone (11) 4521-6922<\/strong>. <a href=\"https:\/\/jundiai.sp.gov.br\/noticias\/wp-content\/uploads\/sites\/32\/2016\/10\/edital-corte-festa-da-uva.pdf\" target=\"_blank\">Confira o edital completo<\/a>.<\/p>\n<p><strong>Mais<\/strong><br \/>\nEm 2017, a 34\u00aa edi\u00e7\u00e3o Festa da Uva e 5\u00aa Expo Vinhos \u00e9 promovida nos<strong> dias 19, 20, 21, 22, 27, 28, e 29 de janeiro e 3, 4, 5 de fevereiro<\/strong>. A festa acontece no Parque Comendador Ant\u00f4nio Carbonari, o <strong>Parque da Uva<\/strong>.<\/p>\n<p><strong>O audit\u00f3rio Elis Regina fica no 2\u00ba andar do Complexo Argos, na Av Dr\u00ba Cavalcanti, n\u00b0 396, Vila Arens. A entrada \u00e9 gratuita.<\/strong><\/p>\n<p><strong><em>Assessoria de Imprensa<br \/>\nFoto: Fot\u00f3grafos PMJ<\/em><\/strong><\/p>\n","protected":false},"excerpt":{"rendered":"<p>Em 2017, Parque da Uva vai receber a 34\u00aa Festa da Uva e 5\u00aa Expo Vinhos nos dias 19, 20, 21, 22, 27, 28, e 29 de janeiro e 3, 4, 5 de fevereiro<\/p>\n","protected":false},"author":14,"featured_media":190675,"comment_status":"closed","ping_status":"closed","sticky":false,"template":"","format":"standard","meta":{"footnotes":""},"categories":[2],"tags":[904,937,419,445,930,29,458,931,7,905,276,98],"ods":[],"class_list":["post-190669","post","type-post","status-publish","format-standard","has-post-thumbnail","hentry","category-noticias","tag-34a-festa-da-uva-e-5a-expo-vinhos","tag-5a-expo-vinhos","tag-complexo-argos","tag-corte-da-uva","tag-corte-da-uva-2017","tag-cultura","tag-expo-vinhos","tag-expo-vinhos-2017","tag-festa-da-uva","tag-festa-da-uva-2017","tag-parque-da-uva","tag-teatro-polytheama"],"_links":{"self":[{"href":"https:\/\/jundiai.sp.gov.br\/noticias\/wp-json\/wp\/v2\/posts\/190669","targetHints":{"allow":["GET"]}}],"collection":[{"href":"https:\/\/jundiai.sp.gov.br\/noticias\/wp-json\/wp\/v2\/posts"}],"about":[{"href":"https:\/\/jundiai.sp.gov.br\/noticias\/wp-json\/wp\/v2\/types\/post"}],"author":[{"embeddable":true,"href":"https:\/\/jundiai.sp.gov.br\/noticias\/wp-json\/wp\/v2\/users\/14"}],"replies":[{"embeddable":true,"href":"https:\/\/jundiai.sp.gov.br\/noticias\/wp-json\/wp\/v2\/comments?post=190669"}],"version-history":[{"count":8,"href":"https:\/\/jundiai.sp.gov.br\/noticias\/wp-json\/wp\/v2\/posts\/190669\/revisions"}],"predecessor-version":[{"id":190679,"href":"https:\/\/jundiai.sp.gov.br\/noticias\/wp-json\/wp\/v2\/posts\/190669\/revisions\/190679"}],"wp:featuredmedia":[{"embeddable":true,"href":"https:\/\/jundiai.sp.gov.br\/noticias\/wp-json\/wp\/v2\/media\/190675"}],"wp:attachment":[{"href":"https:\/\/jundiai.sp.gov.br\/noticias\/wp-json\/wp\/v2\/media?parent=190669"}],"wp:term":[{"taxonomy":"category","embeddable":true,"href":"https:\/\/jundiai.sp.gov.br\/noticias\/wp-json\/wp\/v2\/categories?post=190669"},{"taxonomy":"post_tag","embeddable":true,"href":"https:\/\/jundiai.sp.gov.br\/noticias\/wp-json\/wp\/v2\/tags?post=190669"},{"taxonomy":"ods","embeddable":true,"href":"https:\/\/jundiai.sp.gov.br\/noticias\/wp-json\/wp\/v2\/ods?post=190669"}],"curies":[{"name":"wp","href":"https:\/\/api.w.org\/{rel}","templated":true}]}}