{"id":190680,"date":"2016-12-09T17:30:22","date_gmt":"2016-12-09T19:30:22","guid":{"rendered":"https:\/\/jundiai.sp.gov.br\/noticias\/?p=190680"},"modified":"2016-12-13T18:14:16","modified_gmt":"2016-12-13T20:14:16","slug":"jundiai-e-3a-no-ranking-estadual-municipio-verde-e-azul","status":"publish","type":"post","link":"https:\/\/jundiai.sp.gov.br\/noticias\/2016\/12\/09\/jundiai-e-3a-no-ranking-estadual-municipio-verde-e-azul\/","title":{"rendered":"Jundia\u00ed \u00e9 3\u00aa no ranking &#8216;Munic\u00edpio Verde e Azul&#8217;"},"content":{"rendered":"<p><strong>Jundia\u00ed conquistou o terceiro lugar na edi\u00e7\u00e3o 2016 do Programa Munic\u00edpio Verde e Azul (PMVA), do Governo do Estado de S\u00e3o Paulo. A cidade alcan\u00e7ou 97,45 pontos no ranking ambiental, ficando atr\u00e1s apenas de Novo Horizonte e Botucatu. Na ocasi\u00e3o, tamb\u00e9m foi entregue o Pr\u00eamio Franco Montoro para os melhores colocados no ranking das Unidades de Gerenciamento de Recursos H\u00eddricos, em que\u00a0Jundia\u00ed ficou em primeiro lugar dentro da Bacia Hidrogr\u00e1fica dos Rios Piracicaba, Capivari e Jundia\u00ed.<\/strong><\/p>\n<p>O an\u00fancio foi feito nessa quinta-feira (8) pelo secret\u00e1rio estadual de Meio Ambiente, Ricardo Salles, no S\u00e3o Paulo Expo, na capital paulista. Jundia\u00ed foi representada na solenidade pela secret\u00e1ria de Planejamento e Meio Ambiente, Daniela da C\u00e2mara Sutti; pelo diretor de Meio Ambiente, Marcelo Pilon; e pela t\u00e9cnica Karina Lima, interlocutora do programa na cidade.<\/p>\n<p><strong>LEIA TAMB\u00c9M<\/strong><br \/>\n<a href=\"https:\/\/jundiai.sp.gov.br\/noticias\/2016\/12\/06\/compac-agiliza-tombamento-da-area-do-iac-de-jundiai\/\">Compac agiliza tombamento da \u00e1rea do IAC de Jundia\u00ed<\/a><\/p>\n<div id=\"attachment_190681\" style=\"width: 1250px\" class=\"wp-caption aligncenter\"><a href=\"https:\/\/jundiai.sp.gov.br\/noticias\/wp-content\/uploads\/sites\/32\/2016\/12\/MUNICIPIO-VERDE-E-AZUL_C_2.jpg\"><img loading=\"lazy\" decoding=\"async\" aria-describedby=\"caption-attachment-190681\" class=\"size-full wp-image-190681\" src=\"https:\/\/jundiai.sp.gov.br\/noticias\/wp-content\/uploads\/sites\/32\/2016\/12\/MUNICIPIO-VERDE-E-AZUL_C_2.jpg\" alt=\"Bigardi comemora o pr\u00eamio no Programa Munic\u00edpio Verde e Azul, com Karina e Daniela\" width=\"1240\" height=\"828\" srcset=\"https:\/\/jundiai.sp.gov.br\/noticias\/wp-content\/uploads\/sites\/32\/2016\/12\/MUNICIPIO-VERDE-E-AZUL_C_2.jpg 1240w, https:\/\/jundiai.sp.gov.br\/noticias\/wp-content\/uploads\/sites\/32\/2016\/12\/MUNICIPIO-VERDE-E-AZUL_C_2-300x200.jpg 300w, https:\/\/jundiai.sp.gov.br\/noticias\/wp-content\/uploads\/sites\/32\/2016\/12\/MUNICIPIO-VERDE-E-AZUL_C_2-768x513.jpg 768w, https:\/\/jundiai.sp.gov.br\/noticias\/wp-content\/uploads\/sites\/32\/2016\/12\/MUNICIPIO-VERDE-E-AZUL_C_2-720x481.jpg 720w\" sizes=\"auto, (max-width: 1240px) 100vw, 1240px\" \/><\/a><p id=\"caption-attachment-190681\" class=\"wp-caption-text\">Bigardi comemora o pr\u00eamio no Programa Munic\u00edpio Verde e Azul, com Karina e Daniela<\/p><\/div>\n<p><strong>O prefeito Pedro Bigardi destacou o salto que Jundia\u00ed deu nos \u00faltimos anos, saindo da 27\u00aa posi\u00e7\u00e3o em 2012 para o 3\u00ba lugar em 2016, posi\u00e7\u00e3o tamb\u00e9m ocupada em 2013<\/strong>. \u201cO pr\u00eamio mostra a <strong>preocupa\u00e7\u00e3o do munic\u00edpio com o meio ambiente e \u00e9 resultado da uni\u00e3o de esfor\u00e7os de v\u00e1rias secretarias<\/strong>. Ele tamb\u00e9m acaba sendo <strong>refer\u00eancia do trabalho do governo a partir de v\u00e1rias a\u00e7\u00f5es como o <a href=\"http:\/\/planodiretor.jundiai.sp.gov.br\/\" target=\"_blank\">Plano Diretor<\/a>, a preocupa\u00e7\u00e3o com a <a href=\"http:\/\/serradojapi.jundiai.sp.gov.br\/\" target=\"_blank\">Serra do Japi<\/a>, o reflorestamento de \u00e1reas urbana, a gest\u00e3o dos res\u00edduos s\u00f3lidos<\/strong>, entre outras.\u201d<\/p>\n<p>Daniela atribui a boa coloca\u00e7\u00e3o da cidade ao <strong>esfor\u00e7o que o poder p\u00fablico vem fazendo para potencializar e qualificar as pol\u00edticas p\u00fablicas voltadas ao meio ambiente<\/strong>. \u201cS\u00f3 \u00e9 poss\u00edvel uma cidade equilibrada e que produza qualidade de vida aos seus moradores <strong>se o desenvolvimento for pautado na sustentabilidade e no meio ambiente equilibrado. Este avan\u00e7o foi conseguido nestes quatro anos da gest\u00e3o Pedro Bigardi<\/strong>\u201d, pontua.<\/p>\n<p>O bom desempenho alcan\u00e7ado no programa em edi\u00e7\u00f5es anteriores garantiram ao munic\u00edpio <a href=\"https:\/\/jundiai.sp.gov.br\/noticias\/2016\/05\/06\/prefeitura-apresenta-novo-caminhao-contra-incendios-florestais\/\"><strong>pr\u00eamios em forma de equipamentos como um caminh\u00e3o multiguindaste e um caminh\u00e3o para combate a inc\u00eandios florestais<\/strong><\/a>.<\/p>\n<p><strong>Sobre o programa<\/strong><br \/>\nLan\u00e7ado em 2007, o Programa Munic\u00edpio Verde e Azul \u00e9 promovido pelo Governo do Estado de S\u00e3o Paulo e tem como prop\u00f3sito <strong>medir e apoiar a efici\u00eancia da gest\u00e3o ambiental dos munic\u00edpios<\/strong>. A avalia\u00e7\u00e3o t\u00e9cnica \u00e9 realizada pela Secretaria Estadual do Meio Ambiente em<strong> indicadores<\/strong> que formam as diretivas <strong>esgoto tratado, res\u00edduos s\u00f3lidos, biodiversidade, arboriza\u00e7\u00e3o urbana, educa\u00e7\u00e3o ambiental, munic\u00edpio sustent\u00e1vel, gest\u00e3o das \u00e1guas, qualidade do ar, estrutura ambiental e conselho ambiental<\/strong>.<\/p>\n<p>A edi\u00e7\u00e3o de 2016 ciclo contou com <strong>317 cidades<\/strong>, que apresentaram seus relat\u00f3rios finais, com as a\u00e7\u00f5es ambientais realizadas, e destes, <strong>78 munic\u00edpios (25%) foram certificados, com uma pontua\u00e7\u00e3o superior a 80<\/strong>.<\/p>\n<p><strong><em>Viviane Rodrigues<br \/>\nFoto: Cl\u00e9ber de Almeida<\/em><\/strong><\/p>\n","protected":false},"excerpt":{"rendered":"<p>Cidade levou tamb\u00e9m o Pr\u00eamio Franco Montoro para melhores colocados no gerenciamento de recursos h\u00eddricos<\/p>\n","protected":false},"author":14,"featured_media":172471,"comment_status":"closed","ping_status":"closed","sticky":false,"template":"","format":"standard","meta":{"footnotes":""},"categories":[2],"tags":[32,58],"ods":[],"class_list":["post-190680","post","type-post","status-publish","format-standard","has-post-thumbnail","hentry","category-noticias","tag-planejamento-e-meio-ambiente","tag-prefeito"],"_links":{"self":[{"href":"https:\/\/jundiai.sp.gov.br\/noticias\/wp-json\/wp\/v2\/posts\/190680","targetHints":{"allow":["GET"]}}],"collection":[{"href":"https:\/\/jundiai.sp.gov.br\/noticias\/wp-json\/wp\/v2\/posts"}],"about":[{"href":"https:\/\/jundiai.sp.gov.br\/noticias\/wp-json\/wp\/v2\/types\/post"}],"author":[{"embeddable":true,"href":"https:\/\/jundiai.sp.gov.br\/noticias\/wp-json\/wp\/v2\/users\/14"}],"replies":[{"embeddable":true,"href":"https:\/\/jundiai.sp.gov.br\/noticias\/wp-json\/wp\/v2\/comments?post=190680"}],"version-history":[{"count":8,"href":"https:\/\/jundiai.sp.gov.br\/noticias\/wp-json\/wp\/v2\/posts\/190680\/revisions"}],"predecessor-version":[{"id":190852,"href":"https:\/\/jundiai.sp.gov.br\/noticias\/wp-json\/wp\/v2\/posts\/190680\/revisions\/190852"}],"wp:featuredmedia":[{"embeddable":true,"href":"https:\/\/jundiai.sp.gov.br\/noticias\/wp-json\/wp\/v2\/media\/172471"}],"wp:attachment":[{"href":"https:\/\/jundiai.sp.gov.br\/noticias\/wp-json\/wp\/v2\/media?parent=190680"}],"wp:term":[{"taxonomy":"category","embeddable":true,"href":"https:\/\/jundiai.sp.gov.br\/noticias\/wp-json\/wp\/v2\/categories?post=190680"},{"taxonomy":"post_tag","embeddable":true,"href":"https:\/\/jundiai.sp.gov.br\/noticias\/wp-json\/wp\/v2\/tags?post=190680"},{"taxonomy":"ods","embeddable":true,"href":"https:\/\/jundiai.sp.gov.br\/noticias\/wp-json\/wp\/v2\/ods?post=190680"}],"curies":[{"name":"wp","href":"https:\/\/api.w.org\/{rel}","templated":true}]}}