{"id":190734,"date":"2016-12-12T17:32:34","date_gmt":"2016-12-12T19:32:34","guid":{"rendered":"https:\/\/jundiai.sp.gov.br\/noticias\/?p=190734"},"modified":"2016-12-14T17:21:17","modified_gmt":"2016-12-14T19:21:17","slug":"fundo-social-recebe-mantimentos-do-jogo-da-solidariedade","status":"publish","type":"post","link":"https:\/\/jundiai.sp.gov.br\/noticias\/2016\/12\/12\/fundo-social-recebe-mantimentos-do-jogo-da-solidariedade\/","title":{"rendered":"Funss recebe mantimentos do jogo da solidariedade"},"content":{"rendered":"<p><strong>As salas da sede do Fundo Social de Solidariedade est\u00e3o tomadas por pilhas de alimentos: arroz, feij\u00e3o, macarr\u00e3o, latas de \u00f3leo, farinha de trigo e at\u00e9 guloseimas para a sobremesa. Em outo ambiente, 7,5 mil caixas de leite foram empilhadas e devidamente organizadas. E ainda tem mais mantimento para chegar.<\/strong><\/p>\n<p>Esse foi o balan\u00e7o do jogo de futebol beneficente \u201c<a href=\"https:\/\/jundiai.sp.gov.br\/noticias\/2016\/12\/10\/festa-solidaria-atrai-mais-de-seis-mil-no-jayme-cintra\/\">Fome, S\u00f3 de Bola<\/a>\u201d, organizado pelo meia-atacante Nen\u00ea com apoio da Prefeitura, e que chegou \u00e0 6\u00aa edi\u00e7\u00e3o. <strong>Foram aproximadamente 30 toneladas de alimento, que ser\u00e3o triadas e divididas em cestas para distribui\u00e7\u00e3o entre as 140 entidades assistenciais cadastradas junto ao Fundo Social.<\/strong><\/p>\n<div id=\"attachment_190737\" style=\"width: 730px\" class=\"wp-caption aligncenter\"><a href=\"https:\/\/jundiai.sp.gov.br\/noticias\/wp-content\/uploads\/sites\/32\/2016\/12\/CDA8647.jpg\"><img loading=\"lazy\" decoding=\"async\" aria-describedby=\"caption-attachment-190737\" class=\"size-large wp-image-190737\" src=\"https:\/\/jundiai.sp.gov.br\/noticias\/wp-content\/uploads\/sites\/32\/2016\/12\/CDA8647-720x544.jpg\" alt=\"Sede do Fundo Social ficou tomada de mantimentos \" width=\"720\" height=\"544\" srcset=\"https:\/\/jundiai.sp.gov.br\/noticias\/wp-content\/uploads\/sites\/32\/2016\/12\/CDA8647-720x544.jpg 720w, https:\/\/jundiai.sp.gov.br\/noticias\/wp-content\/uploads\/sites\/32\/2016\/12\/CDA8647-300x227.jpg 300w, https:\/\/jundiai.sp.gov.br\/noticias\/wp-content\/uploads\/sites\/32\/2016\/12\/CDA8647-768x580.jpg 768w, https:\/\/jundiai.sp.gov.br\/noticias\/wp-content\/uploads\/sites\/32\/2016\/12\/CDA8647.jpg 1240w\" sizes=\"auto, (max-width: 720px) 100vw, 720px\" \/><\/a><p id=\"caption-attachment-190737\" class=\"wp-caption-text\">Sede do Fundo Social ficou tomada de mantimentos<\/p><\/div>\n<p>Assim, a primeira-dama e presidente do Fundo Social de Solidariedade, Margarete Geraldo Bigardi, recebeu Nen\u00ea na manh\u00e3 desta segunda-feira (12) para um breve caf\u00e9 que marcou a entrega dos mantimentos.<\/p>\n<p>\u201c<strong>Essa ajuda \u00e9 muito importante para as fam\u00edlias que j\u00e1 esperam por isso. Ser\u00e3o milhares de pessoas beneficiadas por essa atitude. Os alimentos j\u00e1 est\u00e3o em fase de prepara\u00e7\u00e3o para que estejam o quanto antes na mesa dessas fam\u00edlias<\/strong>\u201d, explicou a primeira-dama sobre a log\u00edstica. \u201cCada entidade receber\u00e1 um montante espec\u00edfico de cestas de acordo com o n\u00famero de pessoas atendidas\u201d, finalizou.<\/p>\n<div id=\"attachment_190736\" style=\"width: 410px\" class=\"wp-caption alignleft\"><a href=\"https:\/\/jundiai.sp.gov.br\/noticias\/wp-content\/uploads\/sites\/32\/2016\/12\/CDA8652.jpg\"><img loading=\"lazy\" decoding=\"async\" aria-describedby=\"caption-attachment-190736\" class=\"size-large wp-image-190736\" src=\"https:\/\/jundiai.sp.gov.br\/noticias\/wp-content\/uploads\/sites\/32\/2016\/12\/CDA8652-720x567.jpg\" alt=\"Empresa fez doa\u00e7\u00e3o de 7,5 mil litros de leite \" width=\"400\" height=\"400\" \/><\/a><p id=\"caption-attachment-190736\" class=\"wp-caption-text\">Empresa fez doa\u00e7\u00e3o de 7,5 mil litros de leite<\/p><\/div>\n<p>Entre uma selfie e outro, o jogador Nen\u00ea frisou novamente que \u00e9 muito bom poder ajudar. \u201c<strong>\u00c9 um sentimento que n\u00e3o tem pre\u00e7o. Fa\u00e7o por prazer. E fiquem tranquilos que o ano que vem tem mais. O jogo j\u00e1 entrou para o calend\u00e1rio festivo da cidade<\/strong>.\u201d<\/p>\n<p>Tamb\u00e9m visitando a sede do Funss estava o executivo Valdo Sales, representando a empresa Bardahl, doadora de 7,5 mil litros de leite.<\/p>\n<p>\u201c<strong>Sempre ajudamos. O Nen\u00ea \u00e9 um amigo particular e que colocou Jundia\u00ed no cen\u00e1rio internacional do futebol. E ajudar o Fundo Social \u00e9 um prazer, pelo trabalho s\u00e9rio que desenvolve. Eu mesmo j\u00e1 estive em algumas das entidades assistenciais beneficiadas e vi de perto a seriedade do trabalho desenvolvido<\/strong>\u201d, garantiu.<\/p>\n<p><em><strong>Thiago Secco<br \/>\nFotos: Cleber de Almeida <\/strong><\/em><\/p>\n","protected":false},"excerpt":{"rendered":"<p>Foram cerca de 30 toneladas de alimento, que ser\u00e3o entregues para 140 entidades assistenciais da cidade <\/p>\n","protected":false},"author":10,"featured_media":190735,"comment_status":"closed","ping_status":"closed","sticky":false,"template":"","format":"standard","meta":{"footnotes":""},"categories":[2],"tags":[416],"ods":[],"class_list":["post-190734","post","type-post","status-publish","format-standard","has-post-thumbnail","hentry","category-noticias","tag-fundo-social-de-solidariedade-funss"],"_links":{"self":[{"href":"https:\/\/jundiai.sp.gov.br\/noticias\/wp-json\/wp\/v2\/posts\/190734","targetHints":{"allow":["GET"]}}],"collection":[{"href":"https:\/\/jundiai.sp.gov.br\/noticias\/wp-json\/wp\/v2\/posts"}],"about":[{"href":"https:\/\/jundiai.sp.gov.br\/noticias\/wp-json\/wp\/v2\/types\/post"}],"author":[{"embeddable":true,"href":"https:\/\/jundiai.sp.gov.br\/noticias\/wp-json\/wp\/v2\/users\/10"}],"replies":[{"embeddable":true,"href":"https:\/\/jundiai.sp.gov.br\/noticias\/wp-json\/wp\/v2\/comments?post=190734"}],"version-history":[{"count":6,"href":"https:\/\/jundiai.sp.gov.br\/noticias\/wp-json\/wp\/v2\/posts\/190734\/revisions"}],"predecessor-version":[{"id":190916,"href":"https:\/\/jundiai.sp.gov.br\/noticias\/wp-json\/wp\/v2\/posts\/190734\/revisions\/190916"}],"wp:featuredmedia":[{"embeddable":true,"href":"https:\/\/jundiai.sp.gov.br\/noticias\/wp-json\/wp\/v2\/media\/190735"}],"wp:attachment":[{"href":"https:\/\/jundiai.sp.gov.br\/noticias\/wp-json\/wp\/v2\/media?parent=190734"}],"wp:term":[{"taxonomy":"category","embeddable":true,"href":"https:\/\/jundiai.sp.gov.br\/noticias\/wp-json\/wp\/v2\/categories?post=190734"},{"taxonomy":"post_tag","embeddable":true,"href":"https:\/\/jundiai.sp.gov.br\/noticias\/wp-json\/wp\/v2\/tags?post=190734"},{"taxonomy":"ods","embeddable":true,"href":"https:\/\/jundiai.sp.gov.br\/noticias\/wp-json\/wp\/v2\/ods?post=190734"}],"curies":[{"name":"wp","href":"https:\/\/api.w.org\/{rel}","templated":true}]}}