{"id":190853,"date":"2016-12-13T18:19:13","date_gmt":"2016-12-13T20:19:13","guid":{"rendered":"https:\/\/jundiai.sp.gov.br\/noticias\/?p=190853"},"modified":"2016-12-14T09:25:55","modified_gmt":"2016-12-14T11:25:55","slug":"sorteio-do-viver-aqui-sera-nesta-quinta-15","status":"publish","type":"post","link":"https:\/\/jundiai.sp.gov.br\/noticias\/2016\/12\/13\/sorteio-do-viver-aqui-sera-nesta-quinta-15\/","title":{"rendered":"Sorteio do Programa &#8216;Viver Aqui&#8217; ser\u00e1 nesta quinta-feira (15)"},"content":{"rendered":"<p><strong>A <a href=\"http:\/\/fumas.jundiai.sp.gov.br\/\" target=\"_blank\">Funda\u00e7\u00e3o Municipal de A\u00e7\u00e3o Social (Fumas)<\/a> promove sorteio classificat\u00f3rio do Programa Viver Aqui nesta quinta-feira (15), \u00e0s 18h30, no pavilh\u00e3o do Parque Comendador Ant\u00f4nio Carbonari, o Parque da Uva.<\/strong><\/p>\n<p>O sorteio ser\u00e1 eletr\u00f4nico e vai atribuir um n\u00famero de classifica\u00e7\u00e3o para os 11.620 inscritos, divididos em 8 grupos: com renda at\u00e9 3 sal\u00e1rios m\u00ednimos (pessoa com defici\u00eancia, idosos, especial e demanda geral) e at\u00e9 6 sal\u00e1rios m\u00ednimos (pessoa com defici\u00eancia, idosos, especial e demanda geral).<\/p>\n<p><strong>Ap\u00f3s o sorteio, as listas de classifica\u00e7\u00e3o de cada grupo ser\u00e3o impressas para consulta e publicadas na <a href=\"http:\/\/imprensaoficial.jundiai.sp.gov.br\/\" target=\"_blank\">Imprensa Oficial<\/a> e no site da Fumas.<\/strong><\/p>\n<p><strong>Empreendimento<\/strong><br \/>\nViver Aqui \u00e9 um programa para implanta\u00e7\u00e3o de empreendimentos habitacionais para fam\u00edlias residentes em Jundia\u00ed com renda familiar mensal de at\u00e9 R$ 5.280, mediante financiamento habitacional. Esta inscri\u00e7\u00e3o \u00e9 \u00fanica para todos os empreendimentos do Programa Viver Aqui, que ser\u00e3o implantados em \u00e1reas de Zona de Interesse Social (ZEIS) de Jundia\u00ed.<\/p>\n<p>O valor de venda da unidade habitacional n\u00e3o ultrapassa 5.800 UFESPs (Unidade Fiscal do Estado de S\u00e3o Paulo) ou 157 sal\u00e1rios m\u00ednimos nacionais vigentes, o que corresponderia a um valor atual de R$136.590, mediante financiamento banc\u00e1rio, cujos valores de entrada e subs\u00eddio podem variar de acordo com os crit\u00e9rios da institui\u00e7\u00e3o financeira.<\/p>\n<p>Para pagamento do valor de entrada poder\u00e1 ser utilizado o FGTS e\/ou parcelamento pela construtora. Por se tratar de financiamento, o interessado n\u00e3o deve possuir restri\u00e7\u00f5es cadastrais perante os \u00f3rg\u00e3os de cr\u00e9dito (SPC, Serasa, Receita Federal e outros).<\/p>\n<p><em><strong>Assessoria de imprensa<\/strong><\/em><\/p>\n","protected":false},"excerpt":{"rendered":"<p>A Funda\u00e7\u00e3o Municipal de A\u00e7\u00e3o Social (Fumas) promove sorteio classificat\u00f3rio do Programa Viver Aqui nesta quinta-feira (15), \u00e0s 18h30, no pavilh\u00e3o do Parque Comendador Ant\u00f4nio Carbonari, o Parque da Uva. O sorteio ser\u00e1 eletr\u00f4nico e vai atribuir um n\u00famero de classifica\u00e7\u00e3o para os 11.620 inscritos, divididos em 8 grupos: com renda at\u00e9 3 sal\u00e1rios m\u00ednimos [&hellip;]<\/p>\n","protected":false},"author":10,"featured_media":0,"comment_status":"closed","ping_status":"closed","sticky":false,"template":"","format":"standard","meta":{"footnotes":""},"categories":[2],"tags":[49,490,728],"ods":[],"class_list":["post-190853","post","type-post","status-publish","format-standard","hentry","category-noticias","tag-fundacao-municipal-de-acao-social-fumas","tag-habitacao","tag-imprensa-oficial"],"_links":{"self":[{"href":"https:\/\/jundiai.sp.gov.br\/noticias\/wp-json\/wp\/v2\/posts\/190853","targetHints":{"allow":["GET"]}}],"collection":[{"href":"https:\/\/jundiai.sp.gov.br\/noticias\/wp-json\/wp\/v2\/posts"}],"about":[{"href":"https:\/\/jundiai.sp.gov.br\/noticias\/wp-json\/wp\/v2\/types\/post"}],"author":[{"embeddable":true,"href":"https:\/\/jundiai.sp.gov.br\/noticias\/wp-json\/wp\/v2\/users\/10"}],"replies":[{"embeddable":true,"href":"https:\/\/jundiai.sp.gov.br\/noticias\/wp-json\/wp\/v2\/comments?post=190853"}],"version-history":[{"count":3,"href":"https:\/\/jundiai.sp.gov.br\/noticias\/wp-json\/wp\/v2\/posts\/190853\/revisions"}],"predecessor-version":[{"id":190866,"href":"https:\/\/jundiai.sp.gov.br\/noticias\/wp-json\/wp\/v2\/posts\/190853\/revisions\/190866"}],"wp:attachment":[{"href":"https:\/\/jundiai.sp.gov.br\/noticias\/wp-json\/wp\/v2\/media?parent=190853"}],"wp:term":[{"taxonomy":"category","embeddable":true,"href":"https:\/\/jundiai.sp.gov.br\/noticias\/wp-json\/wp\/v2\/categories?post=190853"},{"taxonomy":"post_tag","embeddable":true,"href":"https:\/\/jundiai.sp.gov.br\/noticias\/wp-json\/wp\/v2\/tags?post=190853"},{"taxonomy":"ods","embeddable":true,"href":"https:\/\/jundiai.sp.gov.br\/noticias\/wp-json\/wp\/v2\/ods?post=190853"}],"curies":[{"name":"wp","href":"https:\/\/api.w.org\/{rel}","templated":true}]}}