{"id":190905,"date":"2016-12-14T17:18:53","date_gmt":"2016-12-14T19:18:53","guid":{"rendered":"https:\/\/jundiai.sp.gov.br\/noticias\/?p=190905"},"modified":"2016-12-19T11:39:47","modified_gmt":"2016-12-19T13:39:47","slug":"prefeito-recebe-funcionarios-do-hospital-sao-vicente-e-explica-repasses-feitos","status":"publish","type":"post","link":"https:\/\/jundiai.sp.gov.br\/noticias\/2016\/12\/14\/prefeito-recebe-funcionarios-do-hospital-sao-vicente-e-explica-repasses-feitos\/","title":{"rendered":"Prefeito explica a funcion\u00e1rios do S\u00e3o Vicente os repasses financeiros"},"content":{"rendered":"<p><strong>Um grupo de funcion\u00e1rios do <a href=\"http:\/\/www.hsvicente.org.br\/\" target=\"_blank\">Hospital S\u00e3o Vicente<\/a> e representantes do Sindicato dos Empregados em Estabelecimentos de Servi\u00e7os de Sa\u00fade de Campinas e Regi\u00e3o (Sinsa\u00fade) foi recebido nesta quarta-feira (14), no Pa\u00e7o Municipal, pelo prefeito Pedro Bigardi e pelos secret\u00e1rios de Administra\u00e7\u00e3o e Gest\u00e3o, Denis Crupe, e de Neg\u00f3cios Jur\u00eddicos, Adilson Messias; e pelo assessor especial Edson Aparecido Rocha.<\/strong><\/p>\n<p><strong>Ciente do n\u00e3o pagamento de parte da primeira parcela do 13\u00ba sal\u00e1rio aos funcion\u00e1rios do hospital, o prefeito afirmou que n\u00e3o houve atraso nos repasses financeiros feitos pela Prefeitura<\/strong>. \u201cTemos um <strong>conv\u00eanio com o hospital que \u00e9 deficit\u00e1rio pela falta de repasse do Teto Mac, do governo federal, e do Programa Santa Casa Sustent\u00e1vel, do governo estadual<\/strong>. Em outubro, o conv\u00eanio teve um aditamento de <strong>R$ 28 milh\u00f5es para suprir as necessidades do hospital<\/strong>\u201d, disse Bigardi.<\/p>\n<div id=\"attachment_190906\" style=\"width: 1250px\" class=\"wp-caption aligncenter\"><a href=\"https:\/\/jundiai.sp.gov.br\/noticias\/wp-content\/uploads\/sites\/32\/2016\/12\/Prefeito-recebeu-funcion\u00e1rios-do-S\u00e3o-Vicente-e-representantes-do-Sinsa\u00fade.jpg\"><img loading=\"lazy\" decoding=\"async\" aria-describedby=\"caption-attachment-190906\" class=\"size-full wp-image-190906\" src=\"https:\/\/jundiai.sp.gov.br\/noticias\/wp-content\/uploads\/sites\/32\/2016\/12\/Prefeito-recebeu-funcion\u00e1rios-do-S\u00e3o-Vicente-e-representantes-do-Sinsa\u00fade.jpg\" alt=\"Prefeito recebeu funcion\u00e1rios do S\u00e3o Vicente e representantes do Sinsa\u00fade\" width=\"1240\" height=\"911\" srcset=\"https:\/\/jundiai.sp.gov.br\/noticias\/wp-content\/uploads\/sites\/32\/2016\/12\/Prefeito-recebeu-funcion\u00e1rios-do-S\u00e3o-Vicente-e-representantes-do-Sinsa\u00fade.jpg 1240w, https:\/\/jundiai.sp.gov.br\/noticias\/wp-content\/uploads\/sites\/32\/2016\/12\/Prefeito-recebeu-funcion\u00e1rios-do-S\u00e3o-Vicente-e-representantes-do-Sinsa\u00fade-300x220.jpg 300w, https:\/\/jundiai.sp.gov.br\/noticias\/wp-content\/uploads\/sites\/32\/2016\/12\/Prefeito-recebeu-funcion\u00e1rios-do-S\u00e3o-Vicente-e-representantes-do-Sinsa\u00fade-768x564.jpg 768w, https:\/\/jundiai.sp.gov.br\/noticias\/wp-content\/uploads\/sites\/32\/2016\/12\/Prefeito-recebeu-funcion\u00e1rios-do-S\u00e3o-Vicente-e-representantes-do-Sinsa\u00fade-720x529.jpg 720w\" sizes=\"auto, (max-width: 1240px) 100vw, 1240px\" \/><\/a><p id=\"caption-attachment-190906\" class=\"wp-caption-text\">Prefeito recebeu funcion\u00e1rios do S\u00e3o Vicente e representantes do Sinsa\u00fade<\/p><\/div>\n<p><strong>Destes R$ 28 milh\u00f5es, a Prefeitura j\u00e1 repassou R$ 21 milh\u00f5es<\/strong>. No \u00faltimo dia 30, foram liberados<strong> R$ 4,4 milh\u00f5es para o pagamento da primeira parcela do 13\u00ba sal\u00e1rio dos funcion\u00e1rios, entretanto, a diretoria do hospital pagou apenas 30% do valor e alegou que utilizou parte do recurso para outras urg\u00eancias<\/strong>.<\/p>\n<p>Na semana passada, a <strong>Prefeitura repassou mais R$ 5,5 milh\u00f5es para o pagamento de sal\u00e1rios dos funcion\u00e1rios<\/strong>. O restante do valor do aditamento, de cerca de <strong>R$ 7 milh\u00f5es, ser\u00e1 liberado at\u00e9 o final de dezembro, conforme estabelecido no conv\u00eanio. \u201cA Prefeitura est\u00e1 cumprindo o que foi acordado<\/strong> com o hospital e o restante do valor do aditamento ser\u00e1 enviado na ter\u00e7a-feira (20) para o pagamento do restante do 13\u00ba sal\u00e1rio\u201d, ressaltou o prefeito.<\/p>\n<p>A diretora-tesoureira da subsede Jundia\u00ed do Sinsa\u00fade e funcion\u00e1ria do Hospital S\u00e3o Vicente, <strong>Juliana Karine Machado Rodrigues, afirmou que desconhecia os repasses feitos pela Prefeitura ao hospital para o pagamento dos funcion\u00e1rios<\/strong>. \u201cAmanh\u00e3 teremos uma reuni\u00e3o da Procuradoria com o sindicato, Prefeitura e diretoria do S\u00e3o Vicente e vamos cobrar que seja feito o pagamento do 13\u00ba atrasado\u201d, disse.<\/p>\n<p><strong><em>Viviane Rodrigues<br \/>\nFoto: Cl\u00e9ber de Almeida<\/em><\/strong><\/p>\n","protected":false},"excerpt":{"rendered":"<p>Ciente dos problemas no pagamento do 13\u00ba sal\u00e1rio aos funcion\u00e1rios do hospital, Bigardi afirmou que n\u00e3o houve atraso nos repasses feitos pela Prefeitura<\/p>\n","protected":false},"author":14,"featured_media":190911,"comment_status":"closed","ping_status":"closed","sticky":false,"template":"","format":"standard","meta":{"footnotes":""},"categories":[2],"tags":[321,58,3],"ods":[],"class_list":["post-190905","post","type-post","status-publish","format-standard","has-post-thumbnail","hentry","category-noticias","tag-hospital-de-caridade-sao-vicente-de-paulo","tag-prefeito","tag-saude"],"_links":{"self":[{"href":"https:\/\/jundiai.sp.gov.br\/noticias\/wp-json\/wp\/v2\/posts\/190905","targetHints":{"allow":["GET"]}}],"collection":[{"href":"https:\/\/jundiai.sp.gov.br\/noticias\/wp-json\/wp\/v2\/posts"}],"about":[{"href":"https:\/\/jundiai.sp.gov.br\/noticias\/wp-json\/wp\/v2\/types\/post"}],"author":[{"embeddable":true,"href":"https:\/\/jundiai.sp.gov.br\/noticias\/wp-json\/wp\/v2\/users\/14"}],"replies":[{"embeddable":true,"href":"https:\/\/jundiai.sp.gov.br\/noticias\/wp-json\/wp\/v2\/comments?post=190905"}],"version-history":[{"count":7,"href":"https:\/\/jundiai.sp.gov.br\/noticias\/wp-json\/wp\/v2\/posts\/190905\/revisions"}],"predecessor-version":[{"id":191041,"href":"https:\/\/jundiai.sp.gov.br\/noticias\/wp-json\/wp\/v2\/posts\/190905\/revisions\/191041"}],"wp:featuredmedia":[{"embeddable":true,"href":"https:\/\/jundiai.sp.gov.br\/noticias\/wp-json\/wp\/v2\/media\/190911"}],"wp:attachment":[{"href":"https:\/\/jundiai.sp.gov.br\/noticias\/wp-json\/wp\/v2\/media?parent=190905"}],"wp:term":[{"taxonomy":"category","embeddable":true,"href":"https:\/\/jundiai.sp.gov.br\/noticias\/wp-json\/wp\/v2\/categories?post=190905"},{"taxonomy":"post_tag","embeddable":true,"href":"https:\/\/jundiai.sp.gov.br\/noticias\/wp-json\/wp\/v2\/tags?post=190905"},{"taxonomy":"ods","embeddable":true,"href":"https:\/\/jundiai.sp.gov.br\/noticias\/wp-json\/wp\/v2\/ods?post=190905"}],"curies":[{"name":"wp","href":"https:\/\/api.w.org\/{rel}","templated":true}]}}