{"id":190922,"date":"2016-12-15T14:30:55","date_gmt":"2016-12-15T16:30:55","guid":{"rendered":"https:\/\/jundiai.sp.gov.br\/noticias\/?p=190922"},"modified":"2016-12-20T15:03:05","modified_gmt":"2016-12-20T17:03:05","slug":"jundiai-atinge-13o-lugar-em-geracao-de-empregos","status":"publish","type":"post","link":"https:\/\/jundiai.sp.gov.br\/noticias\/2016\/12\/15\/jundiai-atinge-13o-lugar-em-geracao-de-empregos\/","title":{"rendered":"Jundia\u00ed \u00e9 13\u00aa no Estado na retomada de postos de trabalho formais"},"content":{"rendered":"<p><strong>O saldo da gera\u00e7\u00e3o de empregos formais em Jundia\u00ed vem fechando \u201cno azul\u201d h\u00e1 quatro meses, de acordo com dados compilados pelo economista da secretaria de Desenvolvimento Econ\u00f4mico, Ci\u00eancia e Tecnologia, Jos\u00e9 Roberto Pellizzer, junto ao sistema do Cadastro Geral de Empregados e Desempregados (Caged), do <a href=\"http:\/\/trabalho.gov.br\/\" target=\"_blank\">Minist\u00e9rio do Trabalho<\/a>.<\/strong><\/p>\n<p>A boa escalada estat\u00edstica, no per\u00edodo entre julho de 2016 a outubro de 2016 (dados mais recentes divulgados), j\u00e1 <strong>impulsiona Jundia\u00ed ao 13\u00ba posto em todo Estado na retomada de postos de trabalho formais<\/strong>, ou seja, sob o regime CLT.<\/p>\n<p>Para se ter uma ideia do salto, em junho de 2016, o munic\u00edpio ocupava a 366\u00aa posi\u00e7\u00e3o nessa categoria. <strong>Na \u00faltima parcial divulgada por Bras\u00edlia, Jundia\u00ed j\u00e1 havia deixado 353 outros munic\u00edpios paulistas para tr\u00e1s, na contram\u00e3o do momento econ\u00f4mico brasileiro, que amarga o 19\u00aa m\u00eas consecutivo com saldos negativos na cria\u00e7\u00e3o de empregos com registro em carteira<\/strong>.<\/p>\n<p>Em outubro, fecharam com saldo positivo (contrata\u00e7\u00f5es x demiss\u00f5es) os setores de extrativismo mineral, ind\u00fastria de transforma\u00e7\u00e3o, ind\u00fastria de utilidade p\u00fablica, com\u00e9rcio, servi\u00e7os e agropecu\u00e1ria. Enquanto Jundia\u00ed encerrava o m\u00eas com uma varia\u00e7\u00e3o percentual positiva em 0,12%, o Estado de S\u00e3o Paulo ficava com 0,18% negativo e o Brasil com 0,19% negativo.<\/p>\n<p><strong>LEIA TAMB\u00c9M<\/strong><br \/>\n<a href=\"https:\/\/jundiai.sp.gov.br\/noticias\/2016\/12\/08\/projeto-de-lei-sobre-incentivo-ao-sistema-de-inovacao-vai-a-camara\/\"><strong>Projeto de Lei sobre incentivo ao sistema de inova\u00e7\u00e3o vai \u00e0 C\u00e2mara<\/strong><\/a><br \/>\n<a href=\"https:\/\/jundiai.sp.gov.br\/noticias\/2016\/10\/20\/incubadora-de-empresas-recebe-registro-de-operacao-estadual\/\"><strong>Incubadora de Empresas de Jundia\u00ed recebe registro de opera\u00e7\u00e3o estadual<\/strong><\/a><\/p>\n<div id=\"attachment_190924\" style=\"width: 730px\" class=\"wp-caption aligncenter\"><a href=\"https:\/\/jundiai.sp.gov.br\/noticias\/wp-content\/uploads\/sites\/32\/2016\/12\/Gilson-Pichioli-Marcelo-Cereser-e-Jose-Carlos-Peliser_P-6G.jpg\"><img loading=\"lazy\" decoding=\"async\" aria-describedby=\"caption-attachment-190924\" class=\"size-large wp-image-190924\" src=\"https:\/\/jundiai.sp.gov.br\/noticias\/wp-content\/uploads\/sites\/32\/2016\/12\/Gilson-Pichioli-Marcelo-Cereser-e-Jose-Carlos-Peliser_P-6G-720x452.jpg\" alt=\"Pichioli, Cereser e Pellizzer: avalia\u00e7\u00e3o positiva da gest\u00e3o da secretaria \" width=\"720\" height=\"452\" srcset=\"https:\/\/jundiai.sp.gov.br\/noticias\/wp-content\/uploads\/sites\/32\/2016\/12\/Gilson-Pichioli-Marcelo-Cereser-e-Jose-Carlos-Peliser_P-6G-720x452.jpg 720w, https:\/\/jundiai.sp.gov.br\/noticias\/wp-content\/uploads\/sites\/32\/2016\/12\/Gilson-Pichioli-Marcelo-Cereser-e-Jose-Carlos-Peliser_P-6G-300x188.jpg 300w, https:\/\/jundiai.sp.gov.br\/noticias\/wp-content\/uploads\/sites\/32\/2016\/12\/Gilson-Pichioli-Marcelo-Cereser-e-Jose-Carlos-Peliser_P-6G-768x482.jpg 768w, https:\/\/jundiai.sp.gov.br\/noticias\/wp-content\/uploads\/sites\/32\/2016\/12\/Gilson-Pichioli-Marcelo-Cereser-e-Jose-Carlos-Peliser_P-6G.jpg 1240w\" sizes=\"auto, (max-width: 720px) 100vw, 720px\" \/><\/a><p id=\"caption-attachment-190924\" class=\"wp-caption-text\">Pichioli, Cereser e Pellizzer: avalia\u00e7\u00e3o positiva da gest\u00e3o da secretaria<\/p><\/div>\n<p><strong>Expans\u00e3o dos \u201catacarejos\u201d<\/strong><br \/>\n<strong>Apenas uma rede atacadista que iniciou as atividades recentemente na cidade contratou mais de 200 pessoas por meio da infraestrutura do Posto de Atendimento ao Trabalhador (PAT) de Jundia\u00ed.<\/strong><\/p>\n<p>\u00c9 o caso da jovem Yasmine Viana, de 24 anos, moradora da Vila Cristo. \u2018Mine\u2019, com prefere ser chamada, conta que ficou oito meses \u00e0 procura de uma recoloca\u00e7\u00e3o. \u201cUm dia, era in\u00edcio da semana, passei no PAT para verificar as vagas. Eles estavam selecionando pessoal e eu fiz a inscri\u00e7\u00e3o na hora. O atendimento foi \u00e1gil e eu fui bem atendida. Em menos de uma semana, fui chamada para voltar ao Posto para fazer a entrevista de emprego\u201d, lembra.<\/p>\n<p>Contratada desde 19 de outubro, \u2018Mine\u2019 tem registro em carteira, j\u00e1 passou por treinamento em Campinas e chama os amigos de trabalho de segunda fam\u00edlia. \u201cEstou gostando muito. Em casa, moramos eu, minha m\u00e3e e meu irm\u00e3o. Esse novo trabalho est\u00e1 ajudando muito para complementar o or\u00e7amento\u201d, conta.<\/p>\n<p>\u201cOs atacad\u00f5es s\u00e3o uma tend\u00eancia de mercado que cresceu quase 15% ao ano, superando, por exemplo, os chamados hipermercados. Jundia\u00ed mostra a sua superioridade e lideran\u00e7a econ\u00f4mica regional em receber dois grandes investimentos com essas caracter\u00edsticas em menos de um ano. Isso mostra que a cidade est\u00e1 pronta para absorver esse tipo de demanda, porque tem boa malha vi\u00e1ria, excelente infraestrutura e \u00e9 o polo comercial da sua macrorregi\u00e3o,\u201d, aponta o secret\u00e1rio Marcelo Cereser.<\/p>\n<p><strong>Protagonismo do PAT<\/strong><br \/>\n<strong>Outro bom motivo que pode explicar o atual fortalecimento de Jundia\u00ed no cen\u00e1rio de gera\u00e7\u00e3o de empregos: a boa dobradinha constru\u00edda entre as empresas contratantes e o PAT de Jundia\u00ed. Em 2016, foram 188 empresas que fizeram uso do espa\u00e7o do PAT para sele\u00e7\u00e3o e entrevistas de emprego, al\u00e9m de fazer uso do cadastro de m\u00e3o de obra do \u00f3rg\u00e3o, que j\u00e1 soma aproximadamente 20 mil pessoas.<\/strong><\/p>\n<p>Ainda em 2016, <strong>foram 3.983 vagas abertas via PAT<\/strong>, com pouco <strong>mais de 9 mil encaminhamentos para entrevistas de sele\u00e7\u00e3o<\/strong>. Os n\u00fameros s\u00e3o tr\u00eas vezes maiores do que os verificados em 2012, por exemplo. No total, quase 30 mil atendimentos foram registrados de janeiro a novembro de 2016.<\/p>\n<p>\u201cO sucesso do PAT \u00e9 resultado da seriedade de toda equipe e da intera\u00e7\u00e3o e apoio da secretaria, que fortaleceu o trabalho do Posto com a sede pr\u00f3pria, mais infraestrutura, acessibilidade, espa\u00e7o condizente para uso das empresas. Tudo isso nos permitiu dar um salto na qualidade do servi\u00e7o oferecido ao cidad\u00e3o\u201d, definiu a coordenadora do PAT, Maria Aparecida Gibrail.<\/p>\n<p>\u201cEm detrimento \u00e0s dificuldades macroecon\u00f4mica dos \u00faltimos anos, as a\u00e7\u00f5es da secretaria e das diretorias envolvidas \u2013 juntamente com mudan\u00e7a, amplia\u00e7\u00e3o e melhoria dos servi\u00e7os do PAT \u2013 foi premiada com resultados positivos atrav\u00e9s da atra\u00e7\u00e3o de novas empresas (ind\u00fastria, com\u00e9rcio e servi\u00e7os) e a gera\u00e7\u00e3o de mais empregos\u201d, contou o diretor de fomento \u00e0 ind\u00fastria da secretaria, Gilson Pichioli.<\/p>\n<p><strong>Atua\u00e7\u00e3o da secretaria<\/strong><br \/>\n<strong>Novas legisla\u00e7\u00f5es municipais, como <a href=\"https:\/\/jundiai.sp.gov.br\/noticias\/2016\/01\/21\/desenvolve-jundiai-ja-atraiu-r-30-mi-em-investimentos-para-a-cidade\/\">Desenvolve Jundia\u00ed<\/a> e <a href=\"https:\/\/jundiai.sp.gov.br\/noticias\/2016\/06\/01\/programa-de-estimulos-fiscais-emprega-mais-passa-a-valer-em-jundiai\/\">Emprega Mais<\/a>, foram respons\u00e1veis em impulsionar a visibilidade de Jundia\u00ed no cen\u00e1rio de capta\u00e7\u00e3o de recursos privados. Desde 2013, mais de 60 grandes investimentos j\u00e1 foram confirmados para a cidade. Eles totalizam R$ 2,5 bilh\u00f5es em aporte e expectativa de cria\u00e7\u00e3o de 3,5 mil empregos diretos.<\/strong><\/p>\n<p>Aproximadamente 50 dessas grandes empresas enquadraram-se nas especifica\u00e7\u00f5es do Desenvolve e puderam contar com uma for\u00e7a-tarefa in\u00e9dita entre diversas secretarias, que, em alguns casos, emitiu alvar\u00e1 de funcionamento em 42 dias. O Emprega Mais Jundia\u00ed dever\u00e1 conceder incentivos fiscais a tr\u00eas ind\u00fastrias que se instalaram ou ampliaram planta na cidade, valendo-se da m\u00e3o de obra local.<\/p>\n<p>Outros 17 empreendimentos empresariais est\u00e3o na fase de prospec\u00e7\u00e3o da cidade. \u201cA importante e fundamental localiza\u00e7\u00e3o no contexto regional de Jundia\u00ed, aliada a uma excelente infraestrutura log\u00edstica e grande diversifica\u00e7\u00e3o empresarial, trar\u00e1 para 2017 a esperada <a href=\"https:\/\/jundiai.sp.gov.br\/noticias\/2016\/01\/27\/terminal-ferroviario-da-mais-um-passo-para-implementacao\/\">reativa\u00e7\u00e3o do transporte ferrovi\u00e1rio de cargas<\/a>, que ligar\u00e1 novamente a cidade ao Porto de Santos, e, com isso, a manuten\u00e7\u00e3o das empresas j\u00e1 existentes bem como a real possibilidade da vinda de novas\u201d, finaliza Pichioli.<\/p>\n<p>\u201cAssim como esse terminal multimodal, temos o Parque Tecnol\u00f3gico encaminhado, dois dos grandes projetos estrat\u00e9gicos levados a cabo por essa gest\u00e3o da secretaria\u201d, finaliza Cereser.<\/p>\n<p><em><strong>Thiago Secco<br \/>\nFotos: Divulga\u00e7\u00e3o <\/strong><\/em><\/p>\n","protected":false},"excerpt":{"rendered":"<p>Cidade ultrapassa 353 cidades no ranking federal e fecha o quarto m\u00eas seguido com saldo positivo; em 2016, foram quase quatro mil vagas abertas via PAT<\/p>\n","protected":false},"author":10,"featured_media":191038,"comment_status":"closed","ping_status":"closed","sticky":false,"template":"","format":"standard","meta":{"footnotes":""},"categories":[2],"tags":[806,365,762,480,572,187],"ods":[],"class_list":["post-190922","post","type-post","status-publish","format-standard","has-post-thumbnail","hentry","category-noticias","tag-desenvolve-jundiai","tag-desenvolvimento-economico-ciencia-e-tecnologia","tag-emprega-mais-jundiai","tag-emprego","tag-parque-tecnologico","tag-posto-de-atendimento-ao-trabalhador-pat"],"_links":{"self":[{"href":"https:\/\/jundiai.sp.gov.br\/noticias\/wp-json\/wp\/v2\/posts\/190922","targetHints":{"allow":["GET"]}}],"collection":[{"href":"https:\/\/jundiai.sp.gov.br\/noticias\/wp-json\/wp\/v2\/posts"}],"about":[{"href":"https:\/\/jundiai.sp.gov.br\/noticias\/wp-json\/wp\/v2\/types\/post"}],"author":[{"embeddable":true,"href":"https:\/\/jundiai.sp.gov.br\/noticias\/wp-json\/wp\/v2\/users\/10"}],"replies":[{"embeddable":true,"href":"https:\/\/jundiai.sp.gov.br\/noticias\/wp-json\/wp\/v2\/comments?post=190922"}],"version-history":[{"count":16,"href":"https:\/\/jundiai.sp.gov.br\/noticias\/wp-json\/wp\/v2\/posts\/190922\/revisions"}],"predecessor-version":[{"id":191071,"href":"https:\/\/jundiai.sp.gov.br\/noticias\/wp-json\/wp\/v2\/posts\/190922\/revisions\/191071"}],"wp:featuredmedia":[{"embeddable":true,"href":"https:\/\/jundiai.sp.gov.br\/noticias\/wp-json\/wp\/v2\/media\/191038"}],"wp:attachment":[{"href":"https:\/\/jundiai.sp.gov.br\/noticias\/wp-json\/wp\/v2\/media?parent=190922"}],"wp:term":[{"taxonomy":"category","embeddable":true,"href":"https:\/\/jundiai.sp.gov.br\/noticias\/wp-json\/wp\/v2\/categories?post=190922"},{"taxonomy":"post_tag","embeddable":true,"href":"https:\/\/jundiai.sp.gov.br\/noticias\/wp-json\/wp\/v2\/tags?post=190922"},{"taxonomy":"ods","embeddable":true,"href":"https:\/\/jundiai.sp.gov.br\/noticias\/wp-json\/wp\/v2\/ods?post=190922"}],"curies":[{"name":"wp","href":"https:\/\/api.w.org\/{rel}","templated":true}]}}