{"id":191163,"date":"2016-12-22T18:04:18","date_gmt":"2016-12-22T20:04:18","guid":{"rendered":"https:\/\/jundiai.sp.gov.br\/noticias\/?p=191163"},"modified":"2016-12-26T15:31:39","modified_gmt":"2016-12-26T17:31:39","slug":"loteamentos-de-regularizacao-fundiaria-vao-receber-infraestrutura-urbana-no-valor-de-r-13-milhoes","status":"publish","type":"post","link":"https:\/\/jundiai.sp.gov.br\/noticias\/2016\/12\/22\/loteamentos-de-regularizacao-fundiaria-vao-receber-infraestrutura-urbana-no-valor-de-r-13-milhoes\/","title":{"rendered":"Loteamentos de regulariza\u00e7\u00e3o fundi\u00e1ria v\u00e3o receber infraestrutura"},"content":{"rendered":"<div id=\"attachment_191164\" style=\"width: 410px\" class=\"wp-caption alignleft\"><a href=\"https:\/\/jundiai.sp.gov.br\/noticias\/wp-content\/uploads\/sites\/32\/2016\/12\/assuntosfundiarios2.jpeg\"><img loading=\"lazy\" decoding=\"async\" aria-describedby=\"caption-attachment-191164\" class=\"size-full wp-image-191164\" src=\"https:\/\/jundiai.sp.gov.br\/noticias\/wp-content\/uploads\/sites\/32\/2016\/12\/assuntosfundiarios2.jpeg\" alt=\"Prefeito assinou conv\u00eanio para obras de infraestrutura\" width=\"400\" height=\"350\" \/><\/a><p id=\"caption-attachment-191164\" class=\"wp-caption-text\">Prefeito assinou conv\u00eanio para obras de infraestrutura<\/p><\/div>\n<p><strong>Ap\u00f3s regulariza\u00e7\u00e3o fundi\u00e1ria, sete loteamentos v\u00e3o receber obras de infraestrutura urbana no valor de R$ 13 milh\u00f5es, referente ao conv\u00eanio entre a Prefeitura de Jundia\u00ed e o Minist\u00e9rio das Cidades, por meio da Caixa. O conv\u00eanio foi assinado nesta quinta-feira (22) pelo prefeito Pedro Bigardi, com a presen\u00e7a da secret\u00e1ria de Obras, Rose Mingotti, e do diretor de Assuntos Fundi\u00e1rios, S\u00e9rgio Dutra.<\/strong><\/p>\n<p>V\u00e3o ser beneficiados com <strong>obras de rede de \u00e1gua e esgoto, drenagem e pavimenta\u00e7\u00e3o<\/strong>, os loteamentos <strong>Jardim Palermo, \u00c1gua Doce (gleba 1A), \u00c1gua Viva, Santo Expedito, Casa Branca, Barbosa Pelizari e Andrea Regina Tavela<\/strong>.<\/p>\n<p>Dos <strong>R$ 13 milh\u00f5es<\/strong>, a Prefeitura entra com contrapartida de <strong>R$ 3 milh\u00f5es<\/strong>. Com a libera\u00e7\u00e3o do recurso, ser\u00e1 poss\u00edvel dar <strong>continuidade ao processo licitat\u00f3rio<\/strong>. \u201cEra um recurso j\u00e1 aguardado que agora foi liberado e vai possibilitar<strong> levar infraestrutura a estes loteamentos regularizados na nossa gest\u00e3o<\/strong>\u201d, disse o prefeito Pedro Bigardi.<\/p>\n<p><strong>LEIA TAMB\u00c9M<\/strong><br \/>\n<a href=\"https:\/\/jundiai.sp.gov.br\/noticias\/2016\/12\/17\/mais-de-120-familias-beneficiadas-com-regularizacao-do-portal-dos-medeiros\/\">Mais de 120 fam\u00edlias beneficiadas com regulariza\u00e7\u00e3o no Medeiros<\/a><br \/>\n<a href=\"https:\/\/jundiai.sp.gov.br\/noticias\/2016\/12\/19\/prefeitura-entrega-titulo-de-propriedade-do-loteamento-maltoni\/\">Prefeitura entrega t\u00edtulo de propriedade no loteamento Maltoni, no Champirra<\/a><\/p>\n<div id=\"attachment_191166\" style=\"width: 410px\" class=\"wp-caption alignright\"><a href=\"https:\/\/jundiai.sp.gov.br\/noticias\/wp-content\/uploads\/sites\/32\/2016\/12\/assuntosfundiarios3.jpg\"><img loading=\"lazy\" decoding=\"async\" aria-describedby=\"caption-attachment-191166\" class=\"size-full wp-image-191166\" src=\"https:\/\/jundiai.sp.gov.br\/noticias\/wp-content\/uploads\/sites\/32\/2016\/12\/assuntosfundiarios3.jpg\" alt=\"Dutra e moradores dos loteamentos que ser\u00e3o beneficiados com as obras\" width=\"400\" height=\"350\" \/><\/a><p id=\"caption-attachment-191166\" class=\"wp-caption-text\">Dutra e moradores dos loteamentos que ser\u00e3o beneficiados com as obras<\/p><\/div>\n<p>Segundo o diretor de Assuntos Fundi\u00e1rios, S\u00e9rgio Dutra, as <strong>obras v\u00e3o beneficiar cerca de 1100 fam\u00edlias diretamente e mais quatro mil em toda a regi\u00e3o<\/strong>. Ap\u00f3s assinatura do conv\u00eanio, Dutra recebeu os representantes dos loteamentos beneficiados para dar a not\u00edcia em primeira m\u00e3o. <strong>\u201cH\u00e1 mais de 40 anos esperamos por estas obras, que significam cidadania e dignidade aos moradores\u201d<\/strong>, afirmou o presidente da Associa\u00e7\u00e3o dos Moradores e Propriet\u00e1rios do Jardim Palermo, Jos\u00e9 Sassi.<\/p>\n<p>Representante da Associa\u00e7\u00e3o dos Moradores do Loteamento Santo Expedito, Cosma Maria de Souza tamb\u00e9m <strong>comemorou a not\u00edcia<\/strong>. \u201cNossa situa\u00e7\u00e3o \u00e9 dif\u00edcil. N\u00e3o temos redes de esgoto e as fossas est\u00e3o saturadas. As <strong>obras de infraestrutura v\u00e3o melhorar muito a vida dos moradores<\/strong>\u201d.<\/p>\n<p><strong><em>Viviane Rodrigues<br \/>\nFotos: Fot\u00f3grafos PMJ<\/em><\/strong><\/p>\n","protected":false},"excerpt":{"rendered":"<p>Obras de rede de \u00e1gua e esgoto, drenagem e pavimenta\u00e7\u00e3o v\u00e3o beneficiar cerca de 1100 fam\u00edlias diretamente e mais quatro mil em toda a regi\u00e3o<\/p>\n","protected":false},"author":14,"featured_media":191168,"comment_status":"closed","ping_status":"closed","sticky":false,"template":"","format":"standard","meta":{"footnotes":""},"categories":[2],"tags":[182,490,347,58],"ods":[],"class_list":["post-191163","post","type-post","status-publish","format-standard","has-post-thumbnail","hentry","category-noticias","tag-assuntos-fundiarios","tag-habitacao","tag-obras","tag-prefeito"],"_links":{"self":[{"href":"https:\/\/jundiai.sp.gov.br\/noticias\/wp-json\/wp\/v2\/posts\/191163","targetHints":{"allow":["GET"]}}],"collection":[{"href":"https:\/\/jundiai.sp.gov.br\/noticias\/wp-json\/wp\/v2\/posts"}],"about":[{"href":"https:\/\/jundiai.sp.gov.br\/noticias\/wp-json\/wp\/v2\/types\/post"}],"author":[{"embeddable":true,"href":"https:\/\/jundiai.sp.gov.br\/noticias\/wp-json\/wp\/v2\/users\/14"}],"replies":[{"embeddable":true,"href":"https:\/\/jundiai.sp.gov.br\/noticias\/wp-json\/wp\/v2\/comments?post=191163"}],"version-history":[{"count":6,"href":"https:\/\/jundiai.sp.gov.br\/noticias\/wp-json\/wp\/v2\/posts\/191163\/revisions"}],"predecessor-version":[{"id":191187,"href":"https:\/\/jundiai.sp.gov.br\/noticias\/wp-json\/wp\/v2\/posts\/191163\/revisions\/191187"}],"wp:featuredmedia":[{"embeddable":true,"href":"https:\/\/jundiai.sp.gov.br\/noticias\/wp-json\/wp\/v2\/media\/191168"}],"wp:attachment":[{"href":"https:\/\/jundiai.sp.gov.br\/noticias\/wp-json\/wp\/v2\/media?parent=191163"}],"wp:term":[{"taxonomy":"category","embeddable":true,"href":"https:\/\/jundiai.sp.gov.br\/noticias\/wp-json\/wp\/v2\/categories?post=191163"},{"taxonomy":"post_tag","embeddable":true,"href":"https:\/\/jundiai.sp.gov.br\/noticias\/wp-json\/wp\/v2\/tags?post=191163"},{"taxonomy":"ods","embeddable":true,"href":"https:\/\/jundiai.sp.gov.br\/noticias\/wp-json\/wp\/v2\/ods?post=191163"}],"curies":[{"name":"wp","href":"https:\/\/api.w.org\/{rel}","templated":true}]}}