{"id":191297,"date":"2017-01-02T19:00:43","date_gmt":"2017-01-02T21:00:43","guid":{"rendered":"https:\/\/jundiai.sp.gov.br\/noticias\/?p=191297"},"modified":"2017-01-03T19:54:08","modified_gmt":"2017-01-03T21:54:08","slug":"prefeitura-acelera-preparativos-para-festa-da-uva-e-expo-vinhos","status":"publish","type":"post","link":"https:\/\/jundiai.sp.gov.br\/noticias\/2017\/01\/02\/prefeitura-acelera-preparativos-para-festa-da-uva-e-expo-vinhos\/","title":{"rendered":"Prefeitura acelera preparativos para Festa da Uva"},"content":{"rendered":"<p><strong>A poucos dias para o in\u00edcio da <a href=\"http:\/\/festadauva.jundiai.sp.gov.br\/\" target=\"_blank\">34\u00aa Festa da Uva e 5\u00aa Expo Vinhos<\/a>, o cronograma de preparativos do evento foi entregue \u00e0 atual gest\u00e3o com uma s\u00e9rie de pend\u00eancias, identificadas pelo gestor de Agricultura e Abastecimento, Eduardo Alvarez. As medidas a serem desempenhadas, a partir de agora, foram apresentadas em reuni\u00e3o com o prefeito Luiz Fernando Machado, nesta segunda-feira (2).<\/strong><\/p>\n<p><strong>LEIA TAMB\u00c9M<\/strong><br \/>\n<a href=\"https:\/\/jundiai.sp.gov.br\/noticias\/2017\/01\/02\/recuperacao-do-sao-vicente-e-tratada-como-prioridade\/\">Recupera\u00e7\u00e3o do S\u00e3o Vicente \u00e9 tratada como prioridade<\/a><\/p>\n<div id=\"attachment_191298\" style=\"width: 969px\" class=\"wp-caption aligncenter\"><a href=\"https:\/\/jundiai.sp.gov.br\/noticias\/wp-content\/uploads\/sites\/32\/2017\/01\/reuniaofestadauva.jpg\"><img loading=\"lazy\" decoding=\"async\" aria-describedby=\"caption-attachment-191298\" class=\"size-full wp-image-191298\" src=\"https:\/\/jundiai.sp.gov.br\/noticias\/wp-content\/uploads\/sites\/32\/2017\/01\/reuniaofestadauva.jpg\" alt=\"\" width=\"959\" height=\"753\" srcset=\"https:\/\/jundiai.sp.gov.br\/noticias\/wp-content\/uploads\/sites\/32\/2017\/01\/reuniaofestadauva.jpg 959w, https:\/\/jundiai.sp.gov.br\/noticias\/wp-content\/uploads\/sites\/32\/2017\/01\/reuniaofestadauva-300x236.jpg 300w, https:\/\/jundiai.sp.gov.br\/noticias\/wp-content\/uploads\/sites\/32\/2017\/01\/reuniaofestadauva-768x603.jpg 768w, https:\/\/jundiai.sp.gov.br\/noticias\/wp-content\/uploads\/sites\/32\/2017\/01\/reuniaofestadauva-720x565.jpg 720w\" sizes=\"auto, (max-width: 959px) 100vw, 959px\" \/><\/a><p id=\"caption-attachment-191298\" class=\"wp-caption-text\">Cronograma de preparativos foi entregue \u00e0 atual gest\u00e3o com uma s\u00e9rie de pend\u00eancias, identificadas pelo gestor de Agricultura e Abastecimento<\/p><\/div>\n<p>\u201cTemos que resolver uma <strong>pend\u00eancia de or\u00e7amento m\u00e9dio em torno de R$ 450 mil<\/strong>, que envolve, entre os principais gastos, <strong>decora\u00e7\u00e3o, som, ilumina\u00e7\u00e3o e mobili\u00e1rio<\/strong>. Houve a necessidade de <strong>reduzir o or\u00e7amento em torno de R$ 1 milh\u00e3o, comparado ao ano passado, com o cuidado de n\u00e3o diminuir a qualidade do evento<\/strong>\u201d, afirmou Eduardo.<\/p>\n<p>Luiz Fernando comentou sobre a import\u00e2ncia de os setores envolvidos trabalharem de forma <strong>integrada<\/strong> para que os prazos sejam cumpridos. <strong>\u201cA Festa da Uva \u00e9 um dos eventos mais tradicionais da cidade. Apesar de todas as dificuldades elencadas, faremos uma for\u00e7a-tarefa no sentido de garantir a sua realiza\u00e7\u00e3o.\u201d<\/strong><\/p>\n<p>Neste ano, a Festa da Uva e Expo Vinhos ocorrer\u00e1<strong> entre os dias 19 de janeiro e 5 de fevereiro<\/strong>. Novas reuni\u00f5es ser\u00e3o realizadas para definir temas que garantam a viabilidade do primeiro grande evento festivo do calend\u00e1rio municipal de 2017.<\/p>\n<p><strong><em>Assessoria de Imprensa<br \/>\nFoto: Fot\u00f3grafos PMJ<\/em><\/strong><\/p>\n","protected":false},"excerpt":{"rendered":"<p>Com prazo restrito, gestor de Agricultura e Abastecimento apontou as pend\u00eancias do cronograma de prepara\u00e7\u00e3o do evento<\/p>\n","protected":false},"author":14,"featured_media":0,"comment_status":"closed","ping_status":"closed","sticky":false,"template":"","format":"standard","meta":{"footnotes":""},"categories":[2],"tags":[904,937,458,931,7,905],"ods":[],"class_list":["post-191297","post","type-post","status-publish","format-standard","hentry","category-noticias","tag-34a-festa-da-uva-e-5a-expo-vinhos","tag-5a-expo-vinhos","tag-expo-vinhos","tag-expo-vinhos-2017","tag-festa-da-uva","tag-festa-da-uva-2017"],"_links":{"self":[{"href":"https:\/\/jundiai.sp.gov.br\/noticias\/wp-json\/wp\/v2\/posts\/191297","targetHints":{"allow":["GET"]}}],"collection":[{"href":"https:\/\/jundiai.sp.gov.br\/noticias\/wp-json\/wp\/v2\/posts"}],"about":[{"href":"https:\/\/jundiai.sp.gov.br\/noticias\/wp-json\/wp\/v2\/types\/post"}],"author":[{"embeddable":true,"href":"https:\/\/jundiai.sp.gov.br\/noticias\/wp-json\/wp\/v2\/users\/14"}],"replies":[{"embeddable":true,"href":"https:\/\/jundiai.sp.gov.br\/noticias\/wp-json\/wp\/v2\/comments?post=191297"}],"version-history":[{"count":12,"href":"https:\/\/jundiai.sp.gov.br\/noticias\/wp-json\/wp\/v2\/posts\/191297\/revisions"}],"predecessor-version":[{"id":191350,"href":"https:\/\/jundiai.sp.gov.br\/noticias\/wp-json\/wp\/v2\/posts\/191297\/revisions\/191350"}],"wp:attachment":[{"href":"https:\/\/jundiai.sp.gov.br\/noticias\/wp-json\/wp\/v2\/media?parent=191297"}],"wp:term":[{"taxonomy":"category","embeddable":true,"href":"https:\/\/jundiai.sp.gov.br\/noticias\/wp-json\/wp\/v2\/categories?post=191297"},{"taxonomy":"post_tag","embeddable":true,"href":"https:\/\/jundiai.sp.gov.br\/noticias\/wp-json\/wp\/v2\/tags?post=191297"},{"taxonomy":"ods","embeddable":true,"href":"https:\/\/jundiai.sp.gov.br\/noticias\/wp-json\/wp\/v2\/ods?post=191297"}],"curies":[{"name":"wp","href":"https:\/\/api.w.org\/{rel}","templated":true}]}}