{"id":191351,"date":"2017-01-03T18:02:17","date_gmt":"2017-01-03T20:02:17","guid":{"rendered":"https:\/\/jundiai.sp.gov.br\/noticias\/?p=191351"},"modified":"2017-03-24T14:22:52","modified_gmt":"2017-03-24T17:22:52","slug":"luiz-fernando-confirma-volta-dos-anjos-da-guarda","status":"publish","type":"post","link":"https:\/\/jundiai.sp.gov.br\/noticias\/2017\/01\/03\/luiz-fernando-confirma-volta-dos-anjos-da-guarda\/","title":{"rendered":"Luiz Fernando Machado confirma volta dos &#8216;Anjos da Guarda&#8217;"},"content":{"rendered":"<p><strong>O prefeito Luiz Fernando Machado recebeu, nesta ter\u00e7a-feira (3), os vereadores Gustavo Martinelli, Roberto Conde, Rafael Antonucci, Dika e Faouaz Taha. O encontro teve como norte uma pauta de solicita\u00e7\u00f5es dos representantes do Legislativo. O prefeito anunciou, durante a reuni\u00e3o, que o projeto Anjos da Guarda estar\u00e1 implantado j\u00e1 no in\u00edcio do ano letivo.<\/strong><\/p>\n<p>Os<strong> vereadores reivindicaram provid\u00eancias pontuais e imediatas nos bairros<\/strong>, al\u00e9m de <strong>outras a\u00e7\u00f5es e projetos maiores<\/strong> visando ao <strong>bem-estar da popula\u00e7\u00e3o<\/strong> como um todo. A quest\u00e3o da seguran\u00e7a p\u00fablica foi apresentada pelo vereador Gustavo.<\/p>\n<p><strong>LEIA TAMB\u00c9M<\/strong><br \/>\n<a href=\"https:\/\/jundiai.sp.gov.br\/noticias\/2017\/01\/02\/prefeitura-acelera-preparativos-para-festa-da-uva-e-expo-vinhos\/\">Prefeitura acelera preparativos para Festa da Uva<\/a><br \/>\n<a href=\"https:\/\/jundiai.sp.gov.br\/noticias\/2017\/01\/03\/defesa-civil-reforcara-acao-para-o-periodo-junto-com-as-unidades-de-gestao\/\">Defesa Civil refor\u00e7a a\u00e7\u00e3o com as Unidades de Gest\u00e3o<\/a><br \/>\n<a href=\"https:\/\/jundiai.sp.gov.br\/noticias\/2017\/01\/02\/recuperacao-do-sao-vicente-e-tratada-como-prioridade\/\">Recupera\u00e7\u00e3o do S\u00e3o Vicente \u00e9 tratada como prioridade<\/a><br \/>\n<a href=\"https:\/\/jundiai.sp.gov.br\/noticias\/2017\/01\/03\/terminal-vila-arens-recebe-acao-educativa-entre-a-gm-e-fiscalizacao-do-comercio\/\">Terminal Vila Arens recebe a\u00e7\u00e3o educativa entre a GM e Fiscaliza\u00e7\u00e3o do Com\u00e9rcio<\/a><\/p>\n<div id=\"attachment_191355\" style=\"width: 1290px\" class=\"wp-caption aligncenter\"><a href=\"https:\/\/jundiai.sp.gov.br\/noticias\/wp-content\/uploads\/sites\/32\/2017\/01\/reuniaovereadores.jpg\"><img loading=\"lazy\" decoding=\"async\" aria-describedby=\"caption-attachment-191355\" class=\"size-full wp-image-191355\" src=\"https:\/\/jundiai.sp.gov.br\/noticias\/wp-content\/uploads\/sites\/32\/2017\/01\/reuniaovereadores.jpg\" alt=\"\" width=\"1280\" height=\"853\" srcset=\"https:\/\/jundiai.sp.gov.br\/noticias\/wp-content\/uploads\/sites\/32\/2017\/01\/reuniaovereadores.jpg 1280w, https:\/\/jundiai.sp.gov.br\/noticias\/wp-content\/uploads\/sites\/32\/2017\/01\/reuniaovereadores-300x200.jpg 300w, https:\/\/jundiai.sp.gov.br\/noticias\/wp-content\/uploads\/sites\/32\/2017\/01\/reuniaovereadores-768x512.jpg 768w, https:\/\/jundiai.sp.gov.br\/noticias\/wp-content\/uploads\/sites\/32\/2017\/01\/reuniaovereadores-720x480.jpg 720w\" sizes=\"auto, (max-width: 1280px) 100vw, 1280px\" \/><\/a><p id=\"caption-attachment-191355\" class=\"wp-caption-text\">O encontro teve como pauta as solicita\u00e7\u00f5es dos representantes do Legislativo<\/p><\/div>\n<p>\u201c\u00c9 tamb\u00e9m<strong> dever do munic\u00edpio prover seguran\u00e7a ao cidad\u00e3o. N\u00f3s tomaremos todas as medidas cab\u00edveis<\/strong>. E, nesse sentido, a<strong> primeira resposta que estamos dando \u00e0 popula\u00e7\u00e3o \u00e9 esta: devolver os Anjos da Guarda aos nossos alunos<\/strong>, que agora contar\u00e3o com esse<strong> importante refor\u00e7o de seguran\u00e7a na porta de suas escolas<\/strong>\u201d, disse Luiz Fernando.<\/p>\n<p>Por sua vez, o vereador Dika elencou os <strong>problemas que precisam ser resolvidos no campo de futebol do Complexo Esportivo do bairro Jardim Santa Gertrudes<\/strong>. \u201c\u00c9 um espa\u00e7o que, se estiver bem estruturado, servir\u00e1 muito bem nossos jovens e crian\u00e7as\u201d, disse.<\/p>\n<p>Dika reivindicou<strong> solu\u00e7\u00e3o para um bueiro estourado h\u00e1 oito dias no bairro, causando enormes transtornos para os moradores<\/strong>. Ao tomar ci\u00eancia da situa\u00e7\u00e3o,<strong> Luiz Fernando imediatamente acionou a Secretaria de Servi\u00e7os P\u00fablicos para que as provid\u00eancias fossem tomadas<\/strong>.<\/p>\n<p>O vereador Faouaz Taha falou da <strong>necessidade de disponibilizar uma \u00e1rea de lazer para os moradores do bairro Champirra<\/strong>. \u201cEssa foi uma <strong>demanda apresentada pelos moradores ainda durante a campanha<\/strong>, em todas as ocasi\u00f5es em que tivemos no bairro\u201d, disse Faouaz.<\/p>\n<p>Ainda durante a reuni\u00e3o, o <strong>prefeito falou aos vereadores dos primeiros encaminhamentos da administra\u00e7\u00e3o no sentido de reverter a grave crise que se abate sobre o Hospital S\u00e3o Vicente, onde a d\u00edvida acumulada \u00e9 de R4 240 milh\u00f5es<\/strong>. \u201c\u00c9 uma <strong>situa\u00e7\u00e3o dr\u00e1stica<\/strong>, mas<strong> com trabalho e responsabilidade, vamos superar as dificuldades. Hoje mesmo, o <a href=\"https:\/\/jundiai.sp.gov.br\/noticias\/2017\/01\/02\/recuperacao-do-sao-vicente-e-tratada-como-prioridade\/\">comit\u00ea de gest\u00e3o de crise<\/a> iniciou os trabalhos<\/strong>\u201d, finalizou.<\/p>\n<p><strong><em>Assessoria de Imprensa<br \/>\nFoto: Fot\u00f3grafos PMJ<\/em><\/strong><\/p>\n","protected":false},"excerpt":{"rendered":"<p>Em encontro para tratar das solicita\u00e7\u00f5es dos representantes do Legislativo, prefeito estabeleceu retorno do programa para as escolas em fevereiro<\/p>\n","protected":false},"author":14,"featured_media":191424,"comment_status":"closed","ping_status":"closed","sticky":false,"template":"","format":"standard","meta":{"footnotes":""},"categories":[2],"tags":[939,411,31,985,58],"ods":[],"class_list":["post-191351","post","type-post","status-publish","format-standard","has-post-thumbnail","hentry","category-noticias","tag-anjos-da-guarda","tag-centro-esportivo","tag-guarda-municipal","tag-infraestrutura-e-servicos-publicos","tag-prefeito"],"_links":{"self":[{"href":"https:\/\/jundiai.sp.gov.br\/noticias\/wp-json\/wp\/v2\/posts\/191351","targetHints":{"allow":["GET"]}}],"collection":[{"href":"https:\/\/jundiai.sp.gov.br\/noticias\/wp-json\/wp\/v2\/posts"}],"about":[{"href":"https:\/\/jundiai.sp.gov.br\/noticias\/wp-json\/wp\/v2\/types\/post"}],"author":[{"embeddable":true,"href":"https:\/\/jundiai.sp.gov.br\/noticias\/wp-json\/wp\/v2\/users\/14"}],"replies":[{"embeddable":true,"href":"https:\/\/jundiai.sp.gov.br\/noticias\/wp-json\/wp\/v2\/comments?post=191351"}],"version-history":[{"count":14,"href":"https:\/\/jundiai.sp.gov.br\/noticias\/wp-json\/wp\/v2\/posts\/191351\/revisions"}],"predecessor-version":[{"id":191557,"href":"https:\/\/jundiai.sp.gov.br\/noticias\/wp-json\/wp\/v2\/posts\/191351\/revisions\/191557"}],"wp:featuredmedia":[{"embeddable":true,"href":"https:\/\/jundiai.sp.gov.br\/noticias\/wp-json\/wp\/v2\/media\/191424"}],"wp:attachment":[{"href":"https:\/\/jundiai.sp.gov.br\/noticias\/wp-json\/wp\/v2\/media?parent=191351"}],"wp:term":[{"taxonomy":"category","embeddable":true,"href":"https:\/\/jundiai.sp.gov.br\/noticias\/wp-json\/wp\/v2\/categories?post=191351"},{"taxonomy":"post_tag","embeddable":true,"href":"https:\/\/jundiai.sp.gov.br\/noticias\/wp-json\/wp\/v2\/tags?post=191351"},{"taxonomy":"ods","embeddable":true,"href":"https:\/\/jundiai.sp.gov.br\/noticias\/wp-json\/wp\/v2\/ods?post=191351"}],"curies":[{"name":"wp","href":"https:\/\/api.w.org\/{rel}","templated":true}]}}