{"id":192153,"date":"2017-01-26T18:44:55","date_gmt":"2017-01-26T20:44:55","guid":{"rendered":"https:\/\/jundiai.sp.gov.br\/noticias\/?p=192153"},"modified":"2017-02-01T17:40:30","modified_gmt":"2017-02-01T19:40:30","slug":"presidente-da-x-9-paulistana-visita-a-prefeitura-e-fala-sobre-desfile","status":"publish","type":"post","link":"https:\/\/jundiai.sp.gov.br\/noticias\/2017\/01\/26\/presidente-da-x-9-paulistana-visita-a-prefeitura-e-fala-sobre-desfile\/","title":{"rendered":"Presidente da X-9 Paulistana visita a Prefeitura e fala sobre desfile"},"content":{"rendered":"<p><strong>Jundia\u00ed vai ser samba-enredo do desfile da escola de samba <a href=\"http:\/\/www.x9paulistana.com.br\/\" target=\"_blank\">X-9 Paulistana<\/a> neste ano e, por este motivo, o presidente e vice-presidente da agremia\u00e7\u00e3o da zona norte, Andr\u00e9 Santos e Ailton Martinelli (Branco), respectivamente, estiveram com o prefeito Luiz Fernando Machado, nesta quinta-feira (27), para falar sobre os preparativos finais.<\/strong><\/p>\n<p>\u201cEstamos finalizando os \u00faltimos detalhes para sair na avenida\u201d, contou Andr\u00e9. \u201cFaremos um <strong>desfile \u00e0 altura da cidade e do talento de Inos Corradin, nosso grande homenageado<\/strong>\u201d, destacou.<\/p>\n<div id=\"attachment_192154\" style=\"width: 1290px\" class=\"wp-caption aligncenter\"><a href=\"https:\/\/jundiai.sp.gov.br\/noticias\/wp-content\/uploads\/sites\/32\/2017\/01\/DPF6617.jpg\"><img loading=\"lazy\" decoding=\"async\" aria-describedby=\"caption-attachment-192154\" class=\"size-full wp-image-192154\" src=\"https:\/\/jundiai.sp.gov.br\/noticias\/wp-content\/uploads\/sites\/32\/2017\/01\/DPF6617.jpg\" alt=\"\" width=\"1280\" height=\"853\" srcset=\"https:\/\/jundiai.sp.gov.br\/noticias\/wp-content\/uploads\/sites\/32\/2017\/01\/DPF6617.jpg 1280w, https:\/\/jundiai.sp.gov.br\/noticias\/wp-content\/uploads\/sites\/32\/2017\/01\/DPF6617-300x200.jpg 300w, https:\/\/jundiai.sp.gov.br\/noticias\/wp-content\/uploads\/sites\/32\/2017\/01\/DPF6617-768x512.jpg 768w, https:\/\/jundiai.sp.gov.br\/noticias\/wp-content\/uploads\/sites\/32\/2017\/01\/DPF6617-720x480.jpg 720w\" sizes=\"auto, (max-width: 1280px) 100vw, 1280px\" \/><\/a><p id=\"caption-attachment-192154\" class=\"wp-caption-text\">Diretores da X-9 Paulistana falaram sobre a homenagem ao pintor Inos Corradin<\/p><\/div>\n<p>O pintor ser\u00e1 homenageado em raz\u00e3o dos seus <strong>50 anos de carreira, \u201cVim, vi e venci! A saga art\u00edstica de um semideus\u201d \u00e9 tema da X9<\/strong>. A escola levar\u00e1 \u00e0 avenida<strong> 1, 8 mil componentes, alguns deles moradores de Jundia\u00ed<\/strong>. O desfile ser\u00e1 no domingo de carnaval, <strong>dia 26 de fevereiro<\/strong>.<\/p>\n<p><strong>Luiz Fernando desejou boa sorte \u00e0 escola e n\u00e3o escondeu a satisfa\u00e7\u00e3o quanto a homenagem feita a Jundia\u00ed. \u201cA homenagem \u00e9 merecida e tenho certeza que ser\u00e1 um grande desfile\u201d<\/strong>, disse o prefeito.<\/p>\n<p>Estiveram presentes \u00e0 reuni\u00e3o \u00e0 reuni\u00e3o o vereador Gustavo Martinelli, a gestora de <a href=\"http:\/\/cultura.jundiai.sp.gov.br\/\" target=\"_blank\">Cultura<\/a>, Vasti Ferrari Marques; o diretor de patrim\u00f4nio hist\u00f3rico, Willian Paix\u00e3o; a primeira-dama e presidente do <a href=\"https:\/\/www.facebook.com\/fundosocialsolidariedadedejundiai\/?fref=ts\" target=\"_blank\">Fundo Social de Solidariedade<\/a>, Vanessa Machado; o gestor da Casa Civil, Gustavo Maryssael; e o sindicalista Roberto Leme.<\/p>\n<p><strong><em>Assessoria de Imprensa<br \/>\nFoto: Fot\u00f3grafos PMJ<\/em><\/strong><\/p>\n","protected":false},"excerpt":{"rendered":"<p>Inos Corradin ser\u00e1 o homenageado da escola em raz\u00e3o dos seus 50 anos de carreira, com o tema \u201cVim, vi e venci! A saga art\u00edstica de um semideus\u201d <\/p>\n","protected":false},"author":14,"featured_media":192156,"comment_status":"closed","ping_status":"closed","sticky":false,"template":"","format":"standard","meta":{"footnotes":""},"categories":[2],"tags":[13,946,58],"ods":[],"class_list":["post-192153","post","type-post","status-publish","format-standard","has-post-thumbnail","hentry","category-noticias","tag-carnaval","tag-carnaval-2017","tag-prefeito"],"_links":{"self":[{"href":"https:\/\/jundiai.sp.gov.br\/noticias\/wp-json\/wp\/v2\/posts\/192153","targetHints":{"allow":["GET"]}}],"collection":[{"href":"https:\/\/jundiai.sp.gov.br\/noticias\/wp-json\/wp\/v2\/posts"}],"about":[{"href":"https:\/\/jundiai.sp.gov.br\/noticias\/wp-json\/wp\/v2\/types\/post"}],"author":[{"embeddable":true,"href":"https:\/\/jundiai.sp.gov.br\/noticias\/wp-json\/wp\/v2\/users\/14"}],"replies":[{"embeddable":true,"href":"https:\/\/jundiai.sp.gov.br\/noticias\/wp-json\/wp\/v2\/comments?post=192153"}],"version-history":[{"count":4,"href":"https:\/\/jundiai.sp.gov.br\/noticias\/wp-json\/wp\/v2\/posts\/192153\/revisions"}],"predecessor-version":[{"id":192177,"href":"https:\/\/jundiai.sp.gov.br\/noticias\/wp-json\/wp\/v2\/posts\/192153\/revisions\/192177"}],"wp:featuredmedia":[{"embeddable":true,"href":"https:\/\/jundiai.sp.gov.br\/noticias\/wp-json\/wp\/v2\/media\/192156"}],"wp:attachment":[{"href":"https:\/\/jundiai.sp.gov.br\/noticias\/wp-json\/wp\/v2\/media?parent=192153"}],"wp:term":[{"taxonomy":"category","embeddable":true,"href":"https:\/\/jundiai.sp.gov.br\/noticias\/wp-json\/wp\/v2\/categories?post=192153"},{"taxonomy":"post_tag","embeddable":true,"href":"https:\/\/jundiai.sp.gov.br\/noticias\/wp-json\/wp\/v2\/tags?post=192153"},{"taxonomy":"ods","embeddable":true,"href":"https:\/\/jundiai.sp.gov.br\/noticias\/wp-json\/wp\/v2\/ods?post=192153"}],"curies":[{"name":"wp","href":"https:\/\/api.w.org\/{rel}","templated":true}]}}