{"id":192265,"date":"2017-01-30T18:13:30","date_gmt":"2017-01-30T20:13:30","guid":{"rendered":"https:\/\/jundiai.sp.gov.br\/noticias\/?p=192265"},"modified":"2017-03-21T09:38:49","modified_gmt":"2017-03-21T12:38:49","slug":"fim-de-semana-da-festa-da-uva-atraiu-63-mil-visitantes","status":"publish","type":"post","link":"https:\/\/jundiai.sp.gov.br\/noticias\/2017\/01\/30\/fim-de-semana-da-festa-da-uva-atraiu-63-mil-visitantes\/","title":{"rendered":"Fim de semana da Festa da Uva atraiu 63 mil visitantes"},"content":{"rendered":"<p><strong>O segundo fim de semana da\u00a0<a href=\"http:\/\/festadauva.jundiai.sp.gov.br\/\" target=\"_blank\">34\u00aa Festa da Uva e 5\u00aa Expo Vinhos<\/a> teve o dia de maior movimento em cinco anos de festa, neste domingo (29), e atraiu 63 mil visitantes em tr\u00eas dias. Com a ajuda do clima, produtores e artes\u00e3os fecharam o fim de semana com \u00f3timo saldo de vendas e at\u00e9 mesmo produtos esgotados.<\/strong><\/p>\n<p><a href=\"https:\/\/www.flickr.com\/photos\/prefeituradejundiai\/albums\/72157676214788133\" target=\"_blank\">CONFIRA AS FOTOS DA FESTA<\/a><\/p>\n<p>As vendas de fruta do fim de semana aumentaram para <strong>36 toneladas, sendo 25,2 toneladas de uva<\/strong>. A festa recebeu <strong>elogios do p\u00fablico<\/strong>, inclusive por conta da<strong> infraestrutura, organiza\u00e7\u00e3o do evento, diversidade de atra\u00e7\u00f5es, gratuidade dos brinquedos e op\u00e7\u00f5es gastron\u00f4micas<\/strong>, al\u00e9m da<strong> qualidade e pre\u00e7o das frutas e dos vinhos<\/strong>.<\/p>\n<div id=\"attachment_192266\" style=\"width: 1290px\" class=\"wp-caption aligncenter\"><a href=\"https:\/\/jundiai.sp.gov.br\/noticias\/wp-content\/uploads\/sites\/32\/2017\/01\/festa_da_uva_pisa2-1.jpg\"><img loading=\"lazy\" decoding=\"async\" aria-describedby=\"caption-attachment-192266\" class=\"size-full wp-image-192266\" src=\"https:\/\/jundiai.sp.gov.br\/noticias\/wp-content\/uploads\/sites\/32\/2017\/01\/festa_da_uva_pisa2-1.jpg\" alt=\"\" width=\"1280\" height=\"853\" srcset=\"https:\/\/jundiai.sp.gov.br\/noticias\/wp-content\/uploads\/sites\/32\/2017\/01\/festa_da_uva_pisa2-1.jpg 1280w, https:\/\/jundiai.sp.gov.br\/noticias\/wp-content\/uploads\/sites\/32\/2017\/01\/festa_da_uva_pisa2-1-300x200.jpg 300w, https:\/\/jundiai.sp.gov.br\/noticias\/wp-content\/uploads\/sites\/32\/2017\/01\/festa_da_uva_pisa2-1-768x512.jpg 768w, https:\/\/jundiai.sp.gov.br\/noticias\/wp-content\/uploads\/sites\/32\/2017\/01\/festa_da_uva_pisa2-1-720x480.jpg 720w\" sizes=\"auto, (max-width: 1280px) 100vw, 1280px\" \/><\/a><p id=\"caption-attachment-192266\" class=\"wp-caption-text\">Festa atraiu atraiu 63 mil visitantes no fim de semana<\/p><\/div>\n<p>Segundo Marcela Moro, respons\u00e1vel pela organiza\u00e7\u00e3o da Festa, o evento recebeu, neste fim de semana, at\u00e9 mesmo <strong>grupos de estrangeiros<\/strong>. \u201cVisitantes<strong> uruguaios, bolivianos, canadenses e at\u00e9 visitantes da Palestina<\/strong> compareceram \u00e0 festa, al\u00e9m de grupos de <strong>diversos Estados do Brasil, como Minas Gerais, Santa Catarina, Par\u00e1<\/strong>, entre outros\u201d, informou.<\/p>\n<p><a href=\"http:\/\/festadauva.jundiai.sp.gov.br\/atracoes\/\" target=\"_blank\">CONFIRA A PROGRAMA\u00c7\u00c3O DO \u00daLTIMO FIM DE SEMANA DA FESTA<\/a><\/p>\n<div id=\"attachment_192267\" style=\"width: 410px\" class=\"wp-caption alignright\"><a href=\"https:\/\/jundiai.sp.gov.br\/noticias\/wp-content\/uploads\/sites\/32\/2017\/01\/workshop_festa_da_uva.jpg\"><img loading=\"lazy\" decoding=\"async\" aria-describedby=\"caption-attachment-192267\" class=\"size-full wp-image-192267\" src=\"https:\/\/jundiai.sp.gov.br\/noticias\/wp-content\/uploads\/sites\/32\/2017\/01\/workshop_festa_da_uva.jpg\" alt=\"\" width=\"400\" height=\"350\" \/><\/a><p id=\"caption-attachment-192267\" class=\"wp-caption-text\">Workshop culin\u00e1rio \u00e9 novidade da Festa<\/p><\/div>\n<p>De acordo com o gestor de Agricultura, Abastecimento e Turismo, Eduardo Alvarez,<strong> muitos jundiaienses dizem ter orgulho da cidade por promover um evento t\u00e3o bem organizado<\/strong>. \u201cMuitos t\u00eam<strong> elogiado a aten\u00e7\u00e3o que \u00e9 dada a idosos e a deficientes<\/strong>, que s\u00e3o recebidos desde o estacionamento, e tamb\u00e9m pela <strong>disponibiliza\u00e7\u00e3o gratuita de cadeiras de rodas e o transporte no carrinho de passageiros, al\u00e9m de outras facilidades<\/strong>\u201d, comemorou.<\/p>\n<p>A festa continua na pr\u00f3xima <strong>sexta (3), das 18h \u00e0s 22h; s\u00e1bado (4), das 10h \u00e0s 22h; e domingo (5), 10h \u00e0s 21h<\/strong>, no Parque Municipal Comendador Antonio Carbonari, o <strong>Parque da Uva. A entrada \u00e9 gratuita<\/strong>.<\/p>\n<p><strong><em>Assessoria de Imprensa<br \/>\nFotos: Fot\u00f3grafos PMJ<\/em><\/strong><\/p>\n","protected":false},"excerpt":{"rendered":"<p>Festa da Uva e Expo Vinhos segue nos dias 3, 4 e 5 de fevereiro, com entrada e atra\u00e7\u00f5es culturais gratuitas<\/p>\n","protected":false},"author":14,"featured_media":192269,"comment_status":"closed","ping_status":"closed","sticky":false,"template":"","format":"standard","meta":{"footnotes":""},"categories":[2],"tags":[904,937,974,29,458,931,7,905,276],"ods":[],"class_list":["post-192265","post","type-post","status-publish","format-standard","has-post-thumbnail","hentry","category-noticias","tag-34a-festa-da-uva-e-5a-expo-vinhos","tag-5a-expo-vinhos","tag-agronegocio-abastecimento-e-turismo","tag-cultura","tag-expo-vinhos","tag-expo-vinhos-2017","tag-festa-da-uva","tag-festa-da-uva-2017","tag-parque-da-uva"],"_links":{"self":[{"href":"https:\/\/jundiai.sp.gov.br\/noticias\/wp-json\/wp\/v2\/posts\/192265","targetHints":{"allow":["GET"]}}],"collection":[{"href":"https:\/\/jundiai.sp.gov.br\/noticias\/wp-json\/wp\/v2\/posts"}],"about":[{"href":"https:\/\/jundiai.sp.gov.br\/noticias\/wp-json\/wp\/v2\/types\/post"}],"author":[{"embeddable":true,"href":"https:\/\/jundiai.sp.gov.br\/noticias\/wp-json\/wp\/v2\/users\/14"}],"replies":[{"embeddable":true,"href":"https:\/\/jundiai.sp.gov.br\/noticias\/wp-json\/wp\/v2\/comments?post=192265"}],"version-history":[{"count":3,"href":"https:\/\/jundiai.sp.gov.br\/noticias\/wp-json\/wp\/v2\/posts\/192265\/revisions"}],"predecessor-version":[{"id":192295,"href":"https:\/\/jundiai.sp.gov.br\/noticias\/wp-json\/wp\/v2\/posts\/192265\/revisions\/192295"}],"wp:featuredmedia":[{"embeddable":true,"href":"https:\/\/jundiai.sp.gov.br\/noticias\/wp-json\/wp\/v2\/media\/192269"}],"wp:attachment":[{"href":"https:\/\/jundiai.sp.gov.br\/noticias\/wp-json\/wp\/v2\/media?parent=192265"}],"wp:term":[{"taxonomy":"category","embeddable":true,"href":"https:\/\/jundiai.sp.gov.br\/noticias\/wp-json\/wp\/v2\/categories?post=192265"},{"taxonomy":"post_tag","embeddable":true,"href":"https:\/\/jundiai.sp.gov.br\/noticias\/wp-json\/wp\/v2\/tags?post=192265"},{"taxonomy":"ods","embeddable":true,"href":"https:\/\/jundiai.sp.gov.br\/noticias\/wp-json\/wp\/v2\/ods?post=192265"}],"curies":[{"name":"wp","href":"https:\/\/api.w.org\/{rel}","templated":true}]}}