{"id":192350,"date":"2017-02-02T17:34:23","date_gmt":"2017-02-02T19:34:23","guid":{"rendered":"https:\/\/jundiai.sp.gov.br\/noticias\/?p=192350"},"modified":"2017-03-24T14:16:00","modified_gmt":"2017-03-24T17:16:00","slug":"festa-da-uva-2017-termina-neste-final-de-semana","status":"publish","type":"post","link":"https:\/\/jundiai.sp.gov.br\/noticias\/2017\/02\/02\/festa-da-uva-2017-termina-neste-final-de-semana\/","title":{"rendered":"Festa da Uva 2017 termina neste final de semana"},"content":{"rendered":"<p><strong>A <a href=\"http:\/\/festadauva.jundiai.sp.gov.br\/\" target=\"_blank\">34\u00aa Festa da Uva e 5\u00aa Expo Vinhos<\/a> termina neste final de semana. Com saldo de 52 toneladas de frutas vendidas e aproximadamente 91 mil visitantes, at\u00e9 ent\u00e3o, a festa promete fechar sua edi\u00e7\u00e3o de 2017 com chave de ouro.<\/strong><\/p>\n<p><a href=\"https:\/\/www.flickr.com\/photos\/prefeituradejundiai\/albums\/72157676214788133\" target=\"_blank\">CONFIRA AS FOTOS DA FESTA<\/a><\/p>\n<p>Na <strong>sexta-feira (3)<\/strong>, o p\u00fablico vai poder curtir <strong>MPB, m\u00fasica regional, rock anos 80\/90 e flashback<\/strong> no palco interno. O coreto recebe <strong>cover de Amy Winehouse. No s\u00e1bado (4)<\/strong>, al\u00e9m de<strong> blues, rock e sertanejo<\/strong>, o p\u00fablico tamb\u00e9m poder\u00e1 prestigiar <strong>dan\u00e7as tem\u00e1ticas, teatro de rua, tributo a Jorge Ben e Tim Maia, interven\u00e7\u00e3o de palha\u00e7os<\/strong> e muito mais.<\/p>\n<p><strong>LEIA TAMB\u00c9M<\/strong><br \/>\n<a href=\"https:\/\/jundiai.sp.gov.br\/noticias\/2017\/01\/30\/fim-de-semana-da-festa-da-uva-atraiu-63-mil-visitantes\/\">Fim de semana da Festa da Uva atraiu 63 mil visitantes<\/a><br \/>\n<a href=\"https:\/\/jundiai.sp.gov.br\/noticias\/2017\/02\/01\/festa-da-uva-arrecada-alimentos-para-o-fundo-social-de-solidariedade\/\">Festa da Uva arrecada alimentos para o Fundo Social de Solidariedade<\/a><\/p>\n<div id=\"attachment_192351\" style=\"width: 1034px\" class=\"wp-caption aligncenter\"><a href=\"https:\/\/jundiai.sp.gov.br\/noticias\/wp-content\/uploads\/sites\/32\/2017\/02\/Foto-festa.jpg\"><img loading=\"lazy\" decoding=\"async\" aria-describedby=\"caption-attachment-192351\" class=\"size-full wp-image-192351\" src=\"https:\/\/jundiai.sp.gov.br\/noticias\/wp-content\/uploads\/sites\/32\/2017\/02\/Foto-festa.jpg\" alt=\"\" width=\"1024\" height=\"638\" srcset=\"https:\/\/jundiai.sp.gov.br\/noticias\/wp-content\/uploads\/sites\/32\/2017\/02\/Foto-festa.jpg 1024w, https:\/\/jundiai.sp.gov.br\/noticias\/wp-content\/uploads\/sites\/32\/2017\/02\/Foto-festa-300x187.jpg 300w, https:\/\/jundiai.sp.gov.br\/noticias\/wp-content\/uploads\/sites\/32\/2017\/02\/Foto-festa-768x479.jpg 768w, https:\/\/jundiai.sp.gov.br\/noticias\/wp-content\/uploads\/sites\/32\/2017\/02\/Foto-festa-720x449.jpg 720w\" sizes=\"auto, (max-width: 1024px) 100vw, 1024px\" \/><\/a><p id=\"caption-attachment-192351\" class=\"wp-caption-text\">91 mil visitantes j\u00e1 passaram pela Festa da Uva 2017<\/p><\/div>\n<p>J\u00e1 no <strong>domingo (5)<\/strong>, \u00faltimo dia da Festa da Uva 2017, o <strong>Coral Municipal de Jundia\u00ed<\/strong> se apresenta no palco interno, enquanto o coreto se transforma no <strong>\u201cCoreto do Rock\u201d e recebe o desfile do Clube do Carro Antigo, tributo a Raul Seixas e cl\u00e1ssicos do rock<\/strong>. O encerramento da festa fica com a<strong> Liga Jundiaiense das Escolas de Samba (Lijunes) e a corte da uva<\/strong>.<\/p>\n<p><a href=\"http:\/\/festadauva.jundiai.sp.gov.br\/atracoes\/\" target=\"_blank\">CONFIRA A PROGRAMA\u00c7\u00c3O DO \u00daLTIMO FIM DE SEMANA DA FESTA<\/a><\/p>\n<p>A festa conta com <strong>mais de 70 op\u00e7\u00f5es gastron\u00f4micas, interven\u00e7\u00f5es culturais pelas ruas do parque, espa\u00e7o infantil, workshops culin\u00e1rios e exposi\u00e7\u00e3o e venda de uvas e vinhos<\/strong>, al\u00e9m da <strong>venda de produtos das rotas tur\u00edsticas de Jundia\u00ed e a pisa da uva, s\u00e1bado e domingo, sempre \u00e0s 15h<\/strong>.<\/p>\n<p>A festa acontece <strong>das 18h \u00e0s 22h na sexta-feira (3), das 10h \u00e0s 22h no s\u00e1bado (4) e das 10h \u00e0s 21h no domingo (5)<\/strong>, no Parque Municipal Comendador Antonio Carbonari, o <strong>Parque da Uva<\/strong>. A <strong>entrada \u00e9 gratuita<\/strong>, mas o <a href=\"https:\/\/www.facebook.com\/fundosocialsolidariedadedejundiai\/?fref=ts\" target=\"_blank\">Fundo Social de Solidariedade (Funss)<\/a> sugere aos visitantes a <a href=\"https:\/\/jundiai.sp.gov.br\/noticias\/2017\/02\/01\/festa-da-uva-arrecada-alimentos-para-o-fundo-social-de-solidariedade\/\">doa\u00e7\u00e3o de um quilo de alimento n\u00e3o perec\u00edvel na portaria, onde haver\u00e1 caixas para a arrecada\u00e7\u00e3o<\/a>.<\/p>\n<p><strong><em>Assessoria de Imprensa<br \/>\nFoto: Fot\u00f3grafos PMJ<\/em><\/strong><\/p>\n","protected":false},"excerpt":{"rendered":"<p>Com saldo de 52 toneladas de frutas e cerca de 91 mil visitantes, at\u00e9 agora, festa promete fechar com chave de ouro<\/p>\n","protected":false},"author":14,"featured_media":192353,"comment_status":"closed","ping_status":"closed","sticky":false,"template":"","format":"standard","meta":{"footnotes":""},"categories":[2],"tags":[904,937,974,445,930,29,458,931,7,905,416,984],"ods":[],"class_list":["post-192350","post","type-post","status-publish","format-standard","has-post-thumbnail","hentry","category-noticias","tag-34a-festa-da-uva-e-5a-expo-vinhos","tag-5a-expo-vinhos","tag-agronegocio-abastecimento-e-turismo","tag-corte-da-uva","tag-corte-da-uva-2017","tag-cultura","tag-expo-vinhos","tag-expo-vinhos-2017","tag-festa-da-uva","tag-festa-da-uva-2017","tag-fundo-social-de-solidariedade-funss","tag-planejamento-urbano-e-meio-ambiente"],"_links":{"self":[{"href":"https:\/\/jundiai.sp.gov.br\/noticias\/wp-json\/wp\/v2\/posts\/192350","targetHints":{"allow":["GET"]}}],"collection":[{"href":"https:\/\/jundiai.sp.gov.br\/noticias\/wp-json\/wp\/v2\/posts"}],"about":[{"href":"https:\/\/jundiai.sp.gov.br\/noticias\/wp-json\/wp\/v2\/types\/post"}],"author":[{"embeddable":true,"href":"https:\/\/jundiai.sp.gov.br\/noticias\/wp-json\/wp\/v2\/users\/14"}],"replies":[{"embeddable":true,"href":"https:\/\/jundiai.sp.gov.br\/noticias\/wp-json\/wp\/v2\/comments?post=192350"}],"version-history":[{"count":3,"href":"https:\/\/jundiai.sp.gov.br\/noticias\/wp-json\/wp\/v2\/posts\/192350\/revisions"}],"predecessor-version":[{"id":192355,"href":"https:\/\/jundiai.sp.gov.br\/noticias\/wp-json\/wp\/v2\/posts\/192350\/revisions\/192355"}],"wp:featuredmedia":[{"embeddable":true,"href":"https:\/\/jundiai.sp.gov.br\/noticias\/wp-json\/wp\/v2\/media\/192353"}],"wp:attachment":[{"href":"https:\/\/jundiai.sp.gov.br\/noticias\/wp-json\/wp\/v2\/media?parent=192350"}],"wp:term":[{"taxonomy":"category","embeddable":true,"href":"https:\/\/jundiai.sp.gov.br\/noticias\/wp-json\/wp\/v2\/categories?post=192350"},{"taxonomy":"post_tag","embeddable":true,"href":"https:\/\/jundiai.sp.gov.br\/noticias\/wp-json\/wp\/v2\/tags?post=192350"},{"taxonomy":"ods","embeddable":true,"href":"https:\/\/jundiai.sp.gov.br\/noticias\/wp-json\/wp\/v2\/ods?post=192350"}],"curies":[{"name":"wp","href":"https:\/\/api.w.org\/{rel}","templated":true}]}}