{"id":192356,"date":"2017-02-02T17:49:20","date_gmt":"2017-02-02T19:49:20","guid":{"rendered":"https:\/\/jundiai.sp.gov.br\/noticias\/?p=192356"},"modified":"2017-03-27T14:04:38","modified_gmt":"2017-03-27T17:04:38","slug":"projeto-de-gestao-sustentavel-de-residuos-solidos-tem-inicio-em-jundiai","status":"publish","type":"post","link":"https:\/\/jundiai.sp.gov.br\/noticias\/2017\/02\/02\/projeto-de-gestao-sustentavel-de-residuos-solidos-tem-inicio-em-jundiai\/","title":{"rendered":"Projeto de gest\u00e3o sustent\u00e1vel de res\u00edduos s\u00f3lidos tem in\u00edcio em Jundia\u00ed"},"content":{"rendered":"<p><strong>Os servidores p\u00fablicos da Prefeitura de Jundia\u00ed participaram, nesta quinta-feira (2), do 1\u00ba Semin\u00e1rio T\u00e9cnico Nakopa\u00a02017, que fez introdu\u00e7\u00e3o \u00e0 gest\u00e3o sustent\u00e1vel de res\u00edduos s\u00f3lidos urbanos, aspectos legais e a situa\u00e7\u00e3o do mercado brasileiro.<\/strong><\/p>\n<p>Ministrado pela doutoranda e coordenadora da <a href=\"https:\/\/www.tu-braunschweig.de\/\" target=\"_blank\">Universidade T\u00e9cnica de Braunschweig<\/a> no Brasil, Christiane Dias Pereira, o semin\u00e1rio \u00e9 a <strong>primeira etapa do projeto de parceria intragovernamental<\/strong>, que busca <strong>aperfei\u00e7oar o desenvolvimento de capacidades como instrumento de prote\u00e7\u00e3o clim\u00e1tica e ambiental a partir da gest\u00e3o sustent\u00e1vel dos res\u00edduos<\/strong> em Jundia\u00ed.<\/p>\n<div id=\"attachment_192357\" style=\"width: 1290px\" class=\"wp-caption aligncenter\"><a href=\"https:\/\/jundiai.sp.gov.br\/noticias\/wp-content\/uploads\/sites\/32\/2017\/02\/nakopa_residuos-solidos.jpg\"><img loading=\"lazy\" decoding=\"async\" aria-describedby=\"caption-attachment-192357\" class=\"size-full wp-image-192357\" src=\"https:\/\/jundiai.sp.gov.br\/noticias\/wp-content\/uploads\/sites\/32\/2017\/02\/nakopa_residuos-solidos.jpg\" alt=\"\" width=\"1280\" height=\"853\" srcset=\"https:\/\/jundiai.sp.gov.br\/noticias\/wp-content\/uploads\/sites\/32\/2017\/02\/nakopa_residuos-solidos.jpg 1280w, https:\/\/jundiai.sp.gov.br\/noticias\/wp-content\/uploads\/sites\/32\/2017\/02\/nakopa_residuos-solidos-300x200.jpg 300w, https:\/\/jundiai.sp.gov.br\/noticias\/wp-content\/uploads\/sites\/32\/2017\/02\/nakopa_residuos-solidos-768x512.jpg 768w, https:\/\/jundiai.sp.gov.br\/noticias\/wp-content\/uploads\/sites\/32\/2017\/02\/nakopa_residuos-solidos-720x480.jpg 720w\" sizes=\"auto, (max-width: 1280px) 100vw, 1280px\" \/><\/a><p id=\"caption-attachment-192357\" class=\"wp-caption-text\">O projeto Nakopa busca, ainda, capacitar gestores e servidores p\u00fablicos<\/p><\/div>\n<p>O <strong>projeto \u201cNovas Parcerias Para o Desenvolvimento Sustent\u00e1vel\u201d, Nakopa na sigla em alem\u00e3o<\/strong>, \u00e9 uma parceria apresentada pelo representante oficial da regi\u00e3o alem\u00e3 de Luneburgo e engenheiro Hubert Ringe, e tem como principal finalidade <strong>identificar e promover alternativas de desenvolvimento sustent\u00e1vel<\/strong>.<\/p>\n<p>Segundo o gestor de Servi\u00e7os Municipais, Adilson Rosa, o <strong>projeto vai executar a troca de know-how entre Jundia\u00ed e Alemanha<\/strong>. \u201cO Nakopa vai fornecer \u00e0 Prefeitura de Jundia\u00ed a <strong>possibilidade de melhorar as t\u00e9cnicas de tratamento e destina\u00e7\u00e3o do lixo na cidade<\/strong>\u201d, afirmou. O projeto visa <strong>transformar a cidade em um polo de refer\u00eancia<\/strong>.<\/p>\n<p>Com in\u00edcio nessa quarta-feira (1\u00ba) e se estendendo at\u00e9 junho deste ano, o Nakopa vai oferece<strong> semin\u00e1rios t\u00e9cnicos, workshops e capacita\u00e7\u00e3o acad\u00eamica aos servidores habilitados e interessados pelo assunto<\/strong>. Ao final, ser\u00e1 promovido um <strong>evento regional<\/strong> para celebrar o sucesso do projeto.<\/p>\n<p>A regi\u00e3o de Luneburgo \u00e9 uma refer\u00eancia na gest\u00e3o p\u00fablica dos res\u00edduos, projetando-se no desenvolvimento de diversas formas de <strong>energia renov\u00e1vel e valoriza\u00e7\u00e3o m\u00e1xima dos res\u00edduos<\/strong>. A <strong>Universidade T\u00e9cnica de Braunschweig desenvolveu o projeto e ir\u00e1 atuar como executora<\/strong>.<\/p>\n<p><strong><em>Assessoria de Imprensa<br \/>\nFoto: Fot\u00f3grafos PMJ<\/em><\/strong><\/p>\n","protected":false},"excerpt":{"rendered":"<p>Servidores p\u00fablicos participaram nesta quinta-feira (2) do 1\u00ba Semin\u00e1rio T\u00e9cnico NAKOPA 2017 \u201cNovas Parcerias Para o Desenvolvimento Sustent\u00e1vel\u201d<\/p>\n","protected":false},"author":14,"featured_media":192361,"comment_status":"closed","ping_status":"closed","sticky":false,"template":"","format":"standard","meta":{"footnotes":""},"categories":[2],"tags":[985,959,401,424],"ods":[],"class_list":["post-192356","post","type-post","status-publish","format-standard","has-post-thumbnail","hentry","category-noticias","tag-infraestrutura-e-servicos-publicos","tag-projeto-nakopa","tag-residuos-solidos","tag-servidores"],"_links":{"self":[{"href":"https:\/\/jundiai.sp.gov.br\/noticias\/wp-json\/wp\/v2\/posts\/192356","targetHints":{"allow":["GET"]}}],"collection":[{"href":"https:\/\/jundiai.sp.gov.br\/noticias\/wp-json\/wp\/v2\/posts"}],"about":[{"href":"https:\/\/jundiai.sp.gov.br\/noticias\/wp-json\/wp\/v2\/types\/post"}],"author":[{"embeddable":true,"href":"https:\/\/jundiai.sp.gov.br\/noticias\/wp-json\/wp\/v2\/users\/14"}],"replies":[{"embeddable":true,"href":"https:\/\/jundiai.sp.gov.br\/noticias\/wp-json\/wp\/v2\/comments?post=192356"}],"version-history":[{"count":3,"href":"https:\/\/jundiai.sp.gov.br\/noticias\/wp-json\/wp\/v2\/posts\/192356\/revisions"}],"predecessor-version":[{"id":194576,"href":"https:\/\/jundiai.sp.gov.br\/noticias\/wp-json\/wp\/v2\/posts\/192356\/revisions\/194576"}],"wp:featuredmedia":[{"embeddable":true,"href":"https:\/\/jundiai.sp.gov.br\/noticias\/wp-json\/wp\/v2\/media\/192361"}],"wp:attachment":[{"href":"https:\/\/jundiai.sp.gov.br\/noticias\/wp-json\/wp\/v2\/media?parent=192356"}],"wp:term":[{"taxonomy":"category","embeddable":true,"href":"https:\/\/jundiai.sp.gov.br\/noticias\/wp-json\/wp\/v2\/categories?post=192356"},{"taxonomy":"post_tag","embeddable":true,"href":"https:\/\/jundiai.sp.gov.br\/noticias\/wp-json\/wp\/v2\/tags?post=192356"},{"taxonomy":"ods","embeddable":true,"href":"https:\/\/jundiai.sp.gov.br\/noticias\/wp-json\/wp\/v2\/ods?post=192356"}],"curies":[{"name":"wp","href":"https:\/\/api.w.org\/{rel}","templated":true}]}}