{"id":192375,"date":"2017-02-03T13:46:12","date_gmt":"2017-02-03T15:46:12","guid":{"rendered":"https:\/\/jundiai.sp.gov.br\/noticias\/?p=192375"},"modified":"2017-03-23T15:43:30","modified_gmt":"2017-03-23T18:43:30","slug":"unidade-de-saude-promove-atualizacao-sobre-arboviroses-para-servidores","status":"publish","type":"post","link":"https:\/\/jundiai.sp.gov.br\/noticias\/2017\/02\/03\/unidade-de-saude-promove-atualizacao-sobre-arboviroses-para-servidores\/","title":{"rendered":"Unidade de Sa\u00fade promove atualiza\u00e7\u00e3o sobre arboviroses para servidores"},"content":{"rendered":"<p><strong>A realiza\u00e7\u00e3o de a\u00e7\u00f5es integradas dos diversos setores da Sa\u00fade para garantir ao cidad\u00e3o um atendimento cada vez melhor, mais \u00e1gil e com alto grau de resolutividade \u00e9 a proposta da Unidade de Sa\u00fade da Prefeitura que, nesta sexta-feira (3), promoveu dois encontros para atualiza\u00e7\u00e3o sobre Arboviroses, doen\u00e7as causadas pelos chamados arbov\u00edrus, que incluem o v\u00edrus da dengue, zika v\u00edrus, febre chikungunya e febre amarela para os m\u00e9dicos, enfermeiros e demais profissionais da rede.<\/strong><\/p>\n<p>De acordo com a diretora de A\u00e7\u00f5es de Sa\u00fade, Viviane dos Santos Vacchi, o encontro \u00e9 importante pois possibilita aos participantes a <strong>atualiza\u00e7\u00e3o sobre as doen\u00e7as<\/strong> e, ao mesmo tempo, a<strong> troca de informa\u00e7\u00f5es e experi\u00eancias<\/strong> que s\u00e3o vivenciadas no dia a dia das Unidades B\u00e1sicas de Sa\u00fade. \u201cHoje, reunimos <strong>duas turmas de profissionais da Sa\u00fade e na pr\u00f3xima ter\u00e7a-feira (7), mais duas<\/strong> turmas participar\u00e3o aqui na <a href=\"https:\/\/escoladegoverno.jundiai.sp.gov.br\/\" target=\"_blank\">Escola de Governo e Gest\u00e3o<\/a> da atualiza\u00e7\u00e3o, garantindo, assim, o acesso de toda a equipe\u201d, destacou.<\/p>\n<p>Tamb\u00e9m participaram da atualiza\u00e7\u00e3o a diretora de Vigil\u00e2ncia em Sa\u00fade, Fauzia Abou Abbas Raiz, e o gerente da Unidade de Vigil\u00e2ncia de Zoonoses, Carlos Ozahata, respons\u00e1vel pela apresenta\u00e7\u00e3o dos dados mais recentes sobre as Arboviroses no munic\u00edpio.<\/p>\n<div id=\"attachment_192376\" style=\"width: 1290px\" class=\"wp-caption aligncenter\"><a href=\"https:\/\/jundiai.sp.gov.br\/noticias\/wp-content\/uploads\/sites\/32\/2017\/02\/arboviroses-1.jpg\"><img loading=\"lazy\" decoding=\"async\" aria-describedby=\"caption-attachment-192376\" class=\"size-full wp-image-192376\" src=\"https:\/\/jundiai.sp.gov.br\/noticias\/wp-content\/uploads\/sites\/32\/2017\/02\/arboviroses-1.jpg\" alt=\"\" width=\"1280\" height=\"853\" srcset=\"https:\/\/jundiai.sp.gov.br\/noticias\/wp-content\/uploads\/sites\/32\/2017\/02\/arboviroses-1.jpg 1280w, https:\/\/jundiai.sp.gov.br\/noticias\/wp-content\/uploads\/sites\/32\/2017\/02\/arboviroses-1-300x200.jpg 300w, https:\/\/jundiai.sp.gov.br\/noticias\/wp-content\/uploads\/sites\/32\/2017\/02\/arboviroses-1-768x512.jpg 768w, https:\/\/jundiai.sp.gov.br\/noticias\/wp-content\/uploads\/sites\/32\/2017\/02\/arboviroses-1-720x480.jpg 720w\" sizes=\"auto, (max-width: 1280px) 100vw, 1280px\" \/><\/a><p id=\"caption-attachment-192376\" class=\"wp-caption-text\">Para Viviane, encontro \u00e9 importante para atualiza\u00e7\u00e3o sobre as doen\u00e7as e troca de informa\u00e7\u00f5es e experi\u00eancias<\/p><\/div>\n<p><strong><em>Assessoria de Imprensa<br \/>\nFoto: Fot\u00f3grafos PMJ<\/em><\/strong><\/p>\n","protected":false},"excerpt":{"rendered":"<p>Encontros para atualiza\u00e7\u00e3o sobre dengue, zika v\u00edrus, chikungunya e febre amarela s\u00e3o voltados aos m\u00e9dicos, enfermeiros e profissionais da rede<\/p>\n","protected":false},"author":14,"featured_media":192380,"comment_status":"closed","ping_status":"closed","sticky":false,"template":"","format":"standard","meta":{"footnotes":""},"categories":[2],"tags":[308,981,362,740],"ods":[],"class_list":["post-192375","post","type-post","status-publish","format-standard","has-post-thumbnail","hentry","category-noticias","tag-escola-de-governo-e-gestao","tag-promocao-da-saude","tag-unidade-de-vigilancia-de-zoonoses","tag-vigilancia-em-saude"],"_links":{"self":[{"href":"https:\/\/jundiai.sp.gov.br\/noticias\/wp-json\/wp\/v2\/posts\/192375","targetHints":{"allow":["GET"]}}],"collection":[{"href":"https:\/\/jundiai.sp.gov.br\/noticias\/wp-json\/wp\/v2\/posts"}],"about":[{"href":"https:\/\/jundiai.sp.gov.br\/noticias\/wp-json\/wp\/v2\/types\/post"}],"author":[{"embeddable":true,"href":"https:\/\/jundiai.sp.gov.br\/noticias\/wp-json\/wp\/v2\/users\/14"}],"replies":[{"embeddable":true,"href":"https:\/\/jundiai.sp.gov.br\/noticias\/wp-json\/wp\/v2\/comments?post=192375"}],"version-history":[{"count":3,"href":"https:\/\/jundiai.sp.gov.br\/noticias\/wp-json\/wp\/v2\/posts\/192375\/revisions"}],"predecessor-version":[{"id":192379,"href":"https:\/\/jundiai.sp.gov.br\/noticias\/wp-json\/wp\/v2\/posts\/192375\/revisions\/192379"}],"wp:featuredmedia":[{"embeddable":true,"href":"https:\/\/jundiai.sp.gov.br\/noticias\/wp-json\/wp\/v2\/media\/192380"}],"wp:attachment":[{"href":"https:\/\/jundiai.sp.gov.br\/noticias\/wp-json\/wp\/v2\/media?parent=192375"}],"wp:term":[{"taxonomy":"category","embeddable":true,"href":"https:\/\/jundiai.sp.gov.br\/noticias\/wp-json\/wp\/v2\/categories?post=192375"},{"taxonomy":"post_tag","embeddable":true,"href":"https:\/\/jundiai.sp.gov.br\/noticias\/wp-json\/wp\/v2\/tags?post=192375"},{"taxonomy":"ods","embeddable":true,"href":"https:\/\/jundiai.sp.gov.br\/noticias\/wp-json\/wp\/v2\/ods?post=192375"}],"curies":[{"name":"wp","href":"https:\/\/api.w.org\/{rel}","templated":true}]}}