{"id":193261,"date":"2017-02-22T19:39:00","date_gmt":"2017-02-22T22:39:00","guid":{"rendered":"https:\/\/jundiai.sp.gov.br\/noticias\/?p=193261"},"modified":"2017-03-23T16:05:34","modified_gmt":"2017-03-23T19:05:34","slug":"prefeito-entrega-projeto-de-reforma-administrativa-na-camara","status":"publish","type":"post","link":"https:\/\/jundiai.sp.gov.br\/noticias\/2017\/02\/22\/prefeito-entrega-projeto-de-reforma-administrativa-na-camara\/","title":{"rendered":"Prefeito entrega texto da Reforma Administrativa na C\u00e2mara Municipal"},"content":{"rendered":"<p><iframe loading=\"lazy\" class=\"alignright\" src=\"https:\/\/www.youtube.com\/embed\/55-nZ3ovFt8\" width=\"400\" height=\"315\" frameborder=\"0\" allowfullscreen=\"allowfullscreen\"><\/iframe><strong>O prefeito Luiz Fernando Machado entregou, na tarde desta quarta-feira (22), o projeto da Reforma Administrativa \u00e0 <a href=\"http:\/\/www.jundiai.sp.leg.br\/\" target=\"_blank\">C\u00e2mara Municipal<\/a>, onde o texto ser\u00e1 analisado e votado pelos vereadores. O projeto prev\u00ea a economia de R$ 10 milh\u00f5es\/ano por meio da redu\u00e7\u00e3o do n\u00famero de cargos comissionados (ser\u00e3o 125 a menos dos 451 dispon\u00edveis) e valoriza\u00e7\u00e3o dos servidores p\u00fablicos, que v\u00e3o ocupar 20% dos cargos de comiss\u00e3o.<\/strong><\/p>\n<p>Na ocasi\u00e3o, o <strong>prefeito afirmou estar satisfeito por entregar ao Legislativo um projeto inovador<\/strong>, que vai gerar uma <strong>grande economia de recursos<\/strong>. \u201cA reforma estabelece uma <strong>nova forma de administrar<\/strong> que tem como foco a <strong>qualidade do servi\u00e7o oferecido ao cidad\u00e3o<\/strong>. A <strong>economia vai permitir investirmos em \u00e1reas priorit\u00e1rias, como, por exemplo, sa\u00fade e educa\u00e7\u00e3o<\/strong>\u201d, destacou.<\/p>\n<p>O chefe do Executivo disse estar <strong>confiante de que o projeto ser\u00e1 aprovado na C\u00e2mara, uma vez que os vereadores tamb\u00e9m participaram da constru\u00e7\u00e3o da proposta<\/strong>. \u201c<strong>Nos reunimos no Pa\u00e7o nas \u00faltimas tr\u00eas semanas<\/strong> para discutir o projeto, que \u00e9 complexo.<strong> Queremos que a gest\u00e3o por plataformas<\/strong> que estamos propondo seja uma<strong> pol\u00edtica de Estado e n\u00e3o de governo<\/strong>, a fim de que ela continue sendo <strong>aplicada independentemente do prefeito<\/strong>\u201d, ressaltou.<\/p>\n<div id=\"attachment_193263\" style=\"width: 1290px\" class=\"wp-caption aligncenter\"><a href=\"https:\/\/jundiai.sp.gov.br\/noticias\/wp-content\/uploads\/sites\/32\/2017\/02\/Prefeito-entrega-projeto-de-Reforma-Administrativa-na-C\u00e2mara.jpg\"><img loading=\"lazy\" decoding=\"async\" aria-describedby=\"caption-attachment-193263\" class=\"size-full wp-image-193263\" src=\"https:\/\/jundiai.sp.gov.br\/noticias\/wp-content\/uploads\/sites\/32\/2017\/02\/Prefeito-entrega-projeto-de-Reforma-Administrativa-na-C\u00e2mara.jpg\" alt=\"\" width=\"1280\" height=\"853\" srcset=\"https:\/\/jundiai.sp.gov.br\/noticias\/wp-content\/uploads\/sites\/32\/2017\/02\/Prefeito-entrega-projeto-de-Reforma-Administrativa-na-C\u00e2mara.jpg 1280w, https:\/\/jundiai.sp.gov.br\/noticias\/wp-content\/uploads\/sites\/32\/2017\/02\/Prefeito-entrega-projeto-de-Reforma-Administrativa-na-C\u00e2mara-300x200.jpg 300w, https:\/\/jundiai.sp.gov.br\/noticias\/wp-content\/uploads\/sites\/32\/2017\/02\/Prefeito-entrega-projeto-de-Reforma-Administrativa-na-C\u00e2mara-768x512.jpg 768w, https:\/\/jundiai.sp.gov.br\/noticias\/wp-content\/uploads\/sites\/32\/2017\/02\/Prefeito-entrega-projeto-de-Reforma-Administrativa-na-C\u00e2mara-720x480.jpg 720w\" sizes=\"auto, (max-width: 1280px) 100vw, 1280px\" \/><\/a><p id=\"caption-attachment-193263\" class=\"wp-caption-text\">Reforma Administrativa foi entregue nesta quarta (22), \u00e0 C\u00e2mara<\/p><\/div>\n<p>Tamb\u00e9m presente \u00e0 entrega do projeto, o gestor de Governo e Finan\u00e7as, Jos\u00e9 Ant\u00f4nio Parimoschi, afirmou que o <strong>modelo de plataforma visa promover a integra\u00e7\u00e3o entre os setores<\/strong> e, com isso, <strong>gerar mais efici\u00eancia na entrega do servi\u00e7o \u00e0 popula\u00e7\u00e3o<\/strong>. \u201cOs gestores das Unidades entendem que cuidam dos projetos como um todo, para que o resultado final seja o melhor poss\u00edvel. As secretarias t\u00eam departamentos final\u00edsticos, que produzem servi\u00e7os para a Unidade\u201d, explicou.<\/p>\n<p>O presidente da C\u00e2mara, Gustavo Martinelli, informou que o<strong> projeto passar\u00e1 por an\u00e1lise financeira e jur\u00eddica e, depois, ser\u00e1 encaminhado para as comiss\u00f5es<\/strong>. \u201cPercorrido esse processo, ele ser\u00e1 discutido pelos vereadores, em <strong>data ainda a ser definida<\/strong>\u201d, explicou.<\/p>\n<p><strong><em>Assessoria de Imprensa<br \/>\nFoto: Fot\u00f3grafos PMJ<\/em><\/strong><\/p>\n","protected":false},"excerpt":{"rendered":"<p>Texto prev\u00ea redu\u00e7\u00e3o de cargos comissionados e a valoriza\u00e7\u00e3o dos servidores e ser\u00e1 analisado para ser posteriormente votado pelos vereadores<\/p>\n","protected":false},"author":14,"featured_media":193355,"comment_status":"closed","ping_status":"closed","sticky":false,"template":"","format":"standard","meta":{"footnotes":""},"categories":[2],"tags":[428,983,58],"ods":[],"class_list":["post-193261","post","type-post","status-publish","format-standard","has-post-thumbnail","hentry","category-noticias","tag-camara-municipal","tag-governo-e-financas","tag-prefeito"],"_links":{"self":[{"href":"https:\/\/jundiai.sp.gov.br\/noticias\/wp-json\/wp\/v2\/posts\/193261","targetHints":{"allow":["GET"]}}],"collection":[{"href":"https:\/\/jundiai.sp.gov.br\/noticias\/wp-json\/wp\/v2\/posts"}],"about":[{"href":"https:\/\/jundiai.sp.gov.br\/noticias\/wp-json\/wp\/v2\/types\/post"}],"author":[{"embeddable":true,"href":"https:\/\/jundiai.sp.gov.br\/noticias\/wp-json\/wp\/v2\/users\/14"}],"replies":[{"embeddable":true,"href":"https:\/\/jundiai.sp.gov.br\/noticias\/wp-json\/wp\/v2\/comments?post=193261"}],"version-history":[{"count":15,"href":"https:\/\/jundiai.sp.gov.br\/noticias\/wp-json\/wp\/v2\/posts\/193261\/revisions"}],"predecessor-version":[{"id":193359,"href":"https:\/\/jundiai.sp.gov.br\/noticias\/wp-json\/wp\/v2\/posts\/193261\/revisions\/193359"}],"wp:featuredmedia":[{"embeddable":true,"href":"https:\/\/jundiai.sp.gov.br\/noticias\/wp-json\/wp\/v2\/media\/193355"}],"wp:attachment":[{"href":"https:\/\/jundiai.sp.gov.br\/noticias\/wp-json\/wp\/v2\/media?parent=193261"}],"wp:term":[{"taxonomy":"category","embeddable":true,"href":"https:\/\/jundiai.sp.gov.br\/noticias\/wp-json\/wp\/v2\/categories?post=193261"},{"taxonomy":"post_tag","embeddable":true,"href":"https:\/\/jundiai.sp.gov.br\/noticias\/wp-json\/wp\/v2\/tags?post=193261"},{"taxonomy":"ods","embeddable":true,"href":"https:\/\/jundiai.sp.gov.br\/noticias\/wp-json\/wp\/v2\/ods?post=193261"}],"curies":[{"name":"wp","href":"https:\/\/api.w.org\/{rel}","templated":true}]}}