{"id":193337,"date":"2017-02-24T14:59:47","date_gmt":"2017-02-24T17:59:47","guid":{"rendered":"https:\/\/jundiai.sp.gov.br\/noticias\/?p=193337"},"modified":"2017-03-23T15:41:14","modified_gmt":"2017-03-23T18:41:14","slug":"saude-realiza-audiencia-publica-de-prestacao-de-contas-no-dia-7-de-marco","status":"publish","type":"post","link":"https:\/\/jundiai.sp.gov.br\/noticias\/2017\/02\/24\/saude-realiza-audiencia-publica-de-prestacao-de-contas-no-dia-7-de-marco\/","title":{"rendered":"Sa\u00fade realiza Audi\u00eancia P\u00fablica de Presta\u00e7\u00e3o de Contas no dia 7 de Mar\u00e7o"},"content":{"rendered":"<p><strong>A Secretaria de Sa\u00fade realiza no dia 7 de Mar\u00e7o, Audi\u00eancia P\u00fablica para Presta\u00e7\u00e3o de Contas da Secretaria, referente ao 3\u00ba quadrimestre de 2016. Com in\u00edcio previsto para as 9h na <a href=\"http:\/\/www.jundiai.sp.leg.br\/\" target=\"_blank\">C\u00e2mara Municipal<\/a>, a proposta da audi\u00eancia \u00e9 determinada a <a href=\"http:\/\/www.planalto.gov.br\/ccivil_03\/leis\/LCP\/Lcp141.htm\" target=\"_blank\">Lei Complementar n\u00ba 141, de 13 de janeiro de 2012<\/a>.<\/strong><\/p>\n<p>A C\u00e2mara Municipal de Jundia\u00ed fica na <strong>rua Bar\u00e3o de Jundia\u00ed, n\u00ba 128, Centro.<\/strong>\u00a0Informa\u00e7\u00f5es podem ser obtidas pelo telefone 4523-4500.<\/p>\n<p><strong><em>Assessoria de Imprensa<\/em><\/strong><\/p>\n","protected":false},"excerpt":{"rendered":"<p>A Secretaria de Sa\u00fade realiza no dia 7 de Mar\u00e7o, Audi\u00eancia P\u00fablica para Presta\u00e7\u00e3o de Contas da Secretaria, referente ao 3\u00ba quadrimestre de 2016. Com in\u00edcio previsto para as 9h na C\u00e2mara Municipal, a proposta da audi\u00eancia \u00e9 determinada a Lei Complementar n\u00ba 141, de 13 de janeiro de 2012. A C\u00e2mara Municipal de Jundia\u00ed [&hellip;]<\/p>\n","protected":false},"author":14,"featured_media":0,"comment_status":"closed","ping_status":"closed","sticky":false,"template":"","format":"standard","meta":{"footnotes":""},"categories":[2],"tags":[428,981],"ods":[],"class_list":["post-193337","post","type-post","status-publish","format-standard","hentry","category-noticias","tag-camara-municipal","tag-promocao-da-saude"],"_links":{"self":[{"href":"https:\/\/jundiai.sp.gov.br\/noticias\/wp-json\/wp\/v2\/posts\/193337","targetHints":{"allow":["GET"]}}],"collection":[{"href":"https:\/\/jundiai.sp.gov.br\/noticias\/wp-json\/wp\/v2\/posts"}],"about":[{"href":"https:\/\/jundiai.sp.gov.br\/noticias\/wp-json\/wp\/v2\/types\/post"}],"author":[{"embeddable":true,"href":"https:\/\/jundiai.sp.gov.br\/noticias\/wp-json\/wp\/v2\/users\/14"}],"replies":[{"embeddable":true,"href":"https:\/\/jundiai.sp.gov.br\/noticias\/wp-json\/wp\/v2\/comments?post=193337"}],"version-history":[{"count":1,"href":"https:\/\/jundiai.sp.gov.br\/noticias\/wp-json\/wp\/v2\/posts\/193337\/revisions"}],"predecessor-version":[{"id":193338,"href":"https:\/\/jundiai.sp.gov.br\/noticias\/wp-json\/wp\/v2\/posts\/193337\/revisions\/193338"}],"wp:attachment":[{"href":"https:\/\/jundiai.sp.gov.br\/noticias\/wp-json\/wp\/v2\/media?parent=193337"}],"wp:term":[{"taxonomy":"category","embeddable":true,"href":"https:\/\/jundiai.sp.gov.br\/noticias\/wp-json\/wp\/v2\/categories?post=193337"},{"taxonomy":"post_tag","embeddable":true,"href":"https:\/\/jundiai.sp.gov.br\/noticias\/wp-json\/wp\/v2\/tags?post=193337"},{"taxonomy":"ods","embeddable":true,"href":"https:\/\/jundiai.sp.gov.br\/noticias\/wp-json\/wp\/v2\/ods?post=193337"}],"curies":[{"name":"wp","href":"https:\/\/api.w.org\/{rel}","templated":true}]}}