{"id":193571,"date":"2017-03-03T17:15:09","date_gmt":"2017-03-03T20:15:09","guid":{"rendered":"https:\/\/jundiai.sp.gov.br\/noticias\/?p=193571"},"modified":"2017-03-07T15:54:11","modified_gmt":"2017-03-07T18:54:11","slug":"fundo-social-ja-abriu-quase-300-vagas-de-cursos-este-ano","status":"publish","type":"post","link":"https:\/\/jundiai.sp.gov.br\/noticias\/2017\/03\/03\/fundo-social-ja-abriu-quase-300-vagas-de-cursos-este-ano\/","title":{"rendered":"Fundo Social de Solidariedade j\u00e1 abriu quase 300 vagas de cursos este ano"},"content":{"rendered":"<p><strong>Em menos de dois meses, a nova gest\u00e3o da Prefeitura de Jundia\u00ed ofereceu, por meio <a href=\"https:\/\/www.facebook.com\/fundosocialsolidariedadedejundiai\/?fref=ts\" target=\"_blank\">Fundo Social de Solidariedade<\/a>, 278 novas vagas para cursos de qualifica\u00e7\u00e3o profissional. As oportunidades foram distribu\u00eddas em 11 segmentos diferentes a partir de parcerias com o Governo do Estado de S\u00e3o Paulo, o Centro Paula Souza e a unidade de Educa\u00e7\u00e3o da Prefeitura. \u201cEsta uni\u00e3o foi fundamental para disponibilizar cursos de gra\u00e7a \u00e0 popula\u00e7\u00e3o e sem onerar os cofres p\u00fablicos\u201d, destacou a\u00a0primeira-dama e presidente do Fundo Social, Vanessa Machado.<\/strong><\/p>\n<p>A primeira a\u00e7\u00e3o, realizada ainda no m\u00eas de janeiro, contou com o <strong>apoio do Centro Paula Souza e ofereceu 120 vagas distribu\u00eddas entre os setores de Hospitalidade e Produ\u00e7\u00e3o Aliment\u00edcia<\/strong>. <strong>Cinco cursos foram realizados em 16 dias<\/strong>, dentro do Parque da Uva: <strong>Padaria Artesanal, Ajudante de Cozinha, Bartender, Camareira e Gar\u00e7om<\/strong>. As aulas aconteceram todos os dias, de segunda a sexta-feira, em <strong>duas unidades m\u00f3veis<\/strong> que simulam ambientes para produ\u00e7\u00e3o de p\u00e3es, cortes e embalagens de carnes, bem como um hotel com quarto, banheiro, closet, cozinha industrial, local de refei\u00e7\u00f5es e balc\u00e3o para o preparo de drinks e bebidas.<\/p>\n<p><strong>LEIA TAMB\u00c9M<\/strong><br \/>\n<a href=\"https:\/\/jundiai.sp.gov.br\/noticias\/2017\/03\/01\/alunos-descobrem-oportunidades-no-fundo-social\/\">Alunos descobrem oportunidades no Fundo Social<\/a><br \/>\n<a href=\"https:\/\/jundiai.sp.gov.br\/noticias\/2017\/03\/02\/atividades-da-semana-da-mulher-2017-tem-inicio-neste-domingo-5\/\">Atividades da Semana da Mulher 2017 t\u00eam in\u00edcio neste domingo (5)<\/a><\/p>\n<div id=\"attachment_193572\" style=\"width: 1290px\" class=\"wp-caption aligncenter\"><a href=\"https:\/\/jundiai.sp.gov.br\/noticias\/wp-content\/uploads\/sites\/32\/2017\/03\/cursopanifica\u00e7aofundosocial.jpg\"><img loading=\"lazy\" decoding=\"async\" aria-describedby=\"caption-attachment-193572\" class=\"size-full wp-image-193572\" src=\"https:\/\/jundiai.sp.gov.br\/noticias\/wp-content\/uploads\/sites\/32\/2017\/03\/cursopanifica\u00e7aofundosocial.jpg\" alt=\"\" width=\"1280\" height=\"765\" srcset=\"https:\/\/jundiai.sp.gov.br\/noticias\/wp-content\/uploads\/sites\/32\/2017\/03\/cursopanifica\u00e7aofundosocial.jpg 1280w, https:\/\/jundiai.sp.gov.br\/noticias\/wp-content\/uploads\/sites\/32\/2017\/03\/cursopanifica\u00e7aofundosocial-300x179.jpg 300w, https:\/\/jundiai.sp.gov.br\/noticias\/wp-content\/uploads\/sites\/32\/2017\/03\/cursopanifica\u00e7aofundosocial-768x459.jpg 768w, https:\/\/jundiai.sp.gov.br\/noticias\/wp-content\/uploads\/sites\/32\/2017\/03\/cursopanifica\u00e7aofundosocial-720x430.jpg 720w\" sizes=\"auto, (max-width: 1280px) 100vw, 1280px\" \/><\/a><p id=\"caption-attachment-193572\" class=\"wp-caption-text\">Cursos t\u00eam foco na forma\u00e7\u00e3o profissional<\/p><\/div>\n<p><strong>A parceria com o Governo do Estado de S\u00e3o Paulo, por meio da Secretaria do Emprego e Rela\u00e7\u00f5es do Trabalho do Estado de S\u00e3o Paulo (SERT), permitiu a promo\u00e7\u00e3o dos cursos de Auxiliar Administrativo, Auxiliar de Vendas e Auxiliar de Departamento Pessoal<\/strong>. No total, s\u00e3o<strong> 90 alunos<\/strong>, sendo 30 em cada turma. A iniciativa integra o <strong>Programa de Qualifica\u00e7\u00e3o e Requalifica\u00e7\u00e3o Profissional de n\u00edvel b\u00e1sico<\/strong> e acontece de forma <strong>descentralizada, com aulas ministradas diariamente no Complexo Argos, na Vila Arens<\/strong>.<\/p>\n<p><strong>Grande procura<\/strong><br \/>\nBastante procurados por quem deseja se <strong>qualificar e refor\u00e7ar or\u00e7amento familiar, os cursos de Manicure e Pedicure e Padaria Artesanal tiveram as 40 vagas preenchidas em tempo recorde<\/strong>: duas horas ap\u00f3s a abertura do prazo de inscri\u00e7\u00f5es. \u201cAl\u00e9m da <strong>necessidade de se especializar<\/strong> para enfrentar o<strong> mercado de trabalho altamente competitivo<\/strong>, estas profiss\u00f5es permitem um <strong>retorno financeiro mais r\u00e1pido e n\u00e3o necessitam de investimento inicial alto<\/strong>\u201d, explicou a presidente do Funss. As aulas s\u00e3o oferecidas tamb\u00e9m em <strong>parceria com o Centro Paula Souza e a tem a coordena\u00e7\u00e3o da ETEC Benedito Storani<\/strong>. <strong>A nova turma de Padaria Artesanal segue com as aulas pr\u00e1ticas na cozinha escola do Fundo Social, \u00e0s segundas e quartas-feiras. J\u00e1 as aulas de Manicure e Pedicure come\u00e7aram nesta quinta-feira (02), tamb\u00e9m na sede do Fundo Social<\/strong>. Outra parceria firmada foi com rela\u00e7\u00e3o aos <strong>cursos voltados \u00e0s artes. Pintura em Tela e Viol\u00e3o<\/strong> ser\u00e3o realizados a partir da pr\u00f3xima semana por meio da integra\u00e7\u00e3o do Funss com a unidade de Educa\u00e7\u00e3o da Prefeitura.<\/p>\n<p><strong>Podem participar dos cursos oferecidos pelo Fundo Social pessoas com 16 anos ou mais, com ensino fundamental completo e residente em Jundia\u00ed.<\/strong> \u201cTodo curso disponibilizado tem<strong> lista de espera, o que refor\u00e7a o grande interesse da popula\u00e7\u00e3o em participar. Assim, disponibilizamos m\u00f3dulos r\u00e1pidos para realiz\u00e1-los o ano todo\u201d<\/strong>, concluiu.<\/p>\n<p><strong><em>Assessoria de Imprensa<br \/>\nFoto: Fot\u00f3grafos PMJ<\/em><\/strong><\/p>\n","protected":false},"excerpt":{"rendered":"<p>Oportunidades foram distribu\u00eddas em 11 segmentos diferentes a partir de parcerias com o Governo do Estado, Centro Paula Souza e a unidade de Educa\u00e7\u00e3o <\/p>\n","protected":false},"author":14,"featured_media":193614,"comment_status":"closed","ping_status":"closed","sticky":false,"template":"","format":"standard","meta":{"footnotes":""},"categories":[2],"tags":[430,416],"ods":[],"class_list":["post-193571","post","type-post","status-publish","format-standard","has-post-thumbnail","hentry","category-noticias","tag-cursos-gratuitos","tag-fundo-social-de-solidariedade-funss"],"_links":{"self":[{"href":"https:\/\/jundiai.sp.gov.br\/noticias\/wp-json\/wp\/v2\/posts\/193571","targetHints":{"allow":["GET"]}}],"collection":[{"href":"https:\/\/jundiai.sp.gov.br\/noticias\/wp-json\/wp\/v2\/posts"}],"about":[{"href":"https:\/\/jundiai.sp.gov.br\/noticias\/wp-json\/wp\/v2\/types\/post"}],"author":[{"embeddable":true,"href":"https:\/\/jundiai.sp.gov.br\/noticias\/wp-json\/wp\/v2\/users\/14"}],"replies":[{"embeddable":true,"href":"https:\/\/jundiai.sp.gov.br\/noticias\/wp-json\/wp\/v2\/comments?post=193571"}],"version-history":[{"count":8,"href":"https:\/\/jundiai.sp.gov.br\/noticias\/wp-json\/wp\/v2\/posts\/193571\/revisions"}],"predecessor-version":[{"id":193615,"href":"https:\/\/jundiai.sp.gov.br\/noticias\/wp-json\/wp\/v2\/posts\/193571\/revisions\/193615"}],"wp:featuredmedia":[{"embeddable":true,"href":"https:\/\/jundiai.sp.gov.br\/noticias\/wp-json\/wp\/v2\/media\/193614"}],"wp:attachment":[{"href":"https:\/\/jundiai.sp.gov.br\/noticias\/wp-json\/wp\/v2\/media?parent=193571"}],"wp:term":[{"taxonomy":"category","embeddable":true,"href":"https:\/\/jundiai.sp.gov.br\/noticias\/wp-json\/wp\/v2\/categories?post=193571"},{"taxonomy":"post_tag","embeddable":true,"href":"https:\/\/jundiai.sp.gov.br\/noticias\/wp-json\/wp\/v2\/tags?post=193571"},{"taxonomy":"ods","embeddable":true,"href":"https:\/\/jundiai.sp.gov.br\/noticias\/wp-json\/wp\/v2\/ods?post=193571"}],"curies":[{"name":"wp","href":"https:\/\/api.w.org\/{rel}","templated":true}]}}