{"id":193600,"date":"2017-03-05T13:21:21","date_gmt":"2017-03-05T16:21:21","guid":{"rendered":"https:\/\/jundiai.sp.gov.br\/noticias\/?p=193600"},"modified":"2017-03-30T09:34:42","modified_gmt":"2017-03-30T12:34:42","slug":"semana-da-mulher-comeca-com-bom-publico-no-parque-da-cidade","status":"publish","type":"post","link":"https:\/\/jundiai.sp.gov.br\/noticias\/2017\/03\/05\/semana-da-mulher-comeca-com-bom-publico-no-parque-da-cidade\/","title":{"rendered":"&#8216;Semana da Mulher&#8217; come\u00e7a com bom p\u00fablico no Parque"},"content":{"rendered":"<p><strong>O tempo nublado na manh\u00e3 deste domingo (5) n\u00e3o impediu que o grupo de quatro amigas formado por Michele Silva (operadora de m\u00e1quina), Ana Paula Gomes (funcion\u00e1ria p\u00fablica), F\u00e1tima de Azevedo (cozinheira) e Cl\u00e1udia Alves da Silva (dona de casa) participasse das atividades da \u201cSemana da Mulher\u201d, aberta oficialmente no <a href=\"http:\/\/parquedacidade.jundiai.sp.gov.br\/\" target=\"_blank\">Parque da Cidade<\/a>. \u201cFizemos quest\u00e3o de dan\u00e7ar zumba, a atividade que, inclusive, nos reuniu. N\u00f3s quatro nos conhecemos nos eventos realizados nos finais de semana pela Prefeitura\u201d, conta Michele.<\/strong><\/p>\n<div id=\"attachment_193604\" style=\"width: 410px\" class=\"wp-caption alignright\"><a href=\"https:\/\/jundiai.sp.gov.br\/noticias\/wp-content\/uploads\/sites\/32\/2017\/03\/Grupo-Amigas.jpg\"><img loading=\"lazy\" decoding=\"async\" aria-describedby=\"caption-attachment-193604\" class=\"size-full wp-image-193604\" src=\"https:\/\/jundiai.sp.gov.br\/noticias\/wp-content\/uploads\/sites\/32\/2017\/03\/Grupo-Amigas.jpg\" alt=\"\" width=\"400\" height=\"350\" \/><\/a><p id=\"caption-attachment-193604\" class=\"wp-caption-text\">Amigas se conheceram nos eventos realizados nos finais de semana pela Prefeitura<\/p><\/div>\n<p>Para a cozinheira F\u00e1tima, al\u00e9m de promover a <strong>socializa\u00e7\u00e3o entre os participantes<\/strong>, atividades esportivas em grupo s\u00e3o muito importantes porque contribuem tamb\u00e9m para <strong>melhora na qualidade de vida<\/strong>. \u201c\u00c9 maravilhoso participar de um evento como esse que, al\u00e9m da descontra\u00e7\u00e3o, ajuda a nossa sa\u00fade\u201d, comentou.<\/p>\n<p>Intitulada <strong>&#8220;Sou Mulher Sou Jundia\u00ed\u201d<\/strong>, em comemora\u00e7\u00e3o ao Dia Internacional da Mulher (8 de mar\u00e7o), a <strong>programa\u00e7\u00e3o foi aberta oficialmente pelo prefeito Luiz Fernando Machado, que destacou a import\u00e2ncia do incentivo ao esporte em todas as idades. \u201c\u00c9 um compromisso da nossa gest\u00e3o oferecer uma educa\u00e7\u00e3o de qualidade para as crian\u00e7as, sempre interligada ao esporte, para que elas se tornem adultos mais saud\u00e1veis. Paralelamente, quem j\u00e1 est\u00e1 na fase adulta tamb\u00e9m ser\u00e1 incentivado a praticar atividades f\u00edsicas por meio de uma s\u00e9rie de eventos\u201d<\/strong>, ressaltou.<\/p>\n<p>O prefeito citou, ainda, o<strong> protagonismo que as mulheres exercem em seu governo<\/strong>. \u201cTemos v\u00e1rias <strong>mulheres ocupando cargos de diretoria e faz parte da nossa pol\u00edtica promover a igualdade<\/strong>\u201d, disse Luiz Fernando, que estava acompanhado da primeira-dama e presidente do <a href=\"https:\/\/www.facebook.com\/fundosocialsolidariedadedejundiai\/?fref=ts\" target=\"_blank\">Fundo Social de Solidariedade<\/a>, Vanessa Machado. A Semana marca tamb\u00e9m o<strong> lan\u00e7amento do projeto \u201cAgita Jundia\u00ed\u201d<\/strong>, que tem por objetivo <strong>possibilitar o acesso de um maior n\u00famero de pessoas \u00e0s atividades f\u00edsicas e esportivas visando o bem-estar e qualidade de vida dos participantes<\/strong>.<\/p>\n<p>\u00c0 frente da Unidade de Esportes, respons\u00e1vel pela organiza\u00e7\u00e3o do evento, o gestor Luiz Antonio Trientini lembrou que essa foi apenas a<strong> primeira de uma s\u00e9rie de grandes a\u00e7\u00f5es que ser\u00e3o preparadas pela pasta<\/strong>. \u201cO que est\u00e1 acontecendo aqui hoje \u00e9 um excelente exemplo de <strong>pol\u00edtica p\u00fablica voltada ao esporte<\/strong>. J\u00e1 estamos conversando com as comunidades para<strong> identificar quais as demandas existentes<\/strong> e, desta forma,<strong> ampliar a participa\u00e7\u00e3o dos jundiaienses em atividades f\u00edsicas<\/strong>\u201d, afirmou.<\/p>\n<div id=\"attachment_193606\" style=\"width: 1290px\" class=\"wp-caption aligncenter\"><a href=\"https:\/\/jundiai.sp.gov.br\/noticias\/wp-content\/uploads\/sites\/32\/2017\/03\/Prefeito-discursa.jpg\"><img loading=\"lazy\" decoding=\"async\" aria-describedby=\"caption-attachment-193606\" class=\"size-full wp-image-193606\" src=\"https:\/\/jundiai.sp.gov.br\/noticias\/wp-content\/uploads\/sites\/32\/2017\/03\/Prefeito-discursa.jpg\" alt=\"\" width=\"1280\" height=\"983\" srcset=\"https:\/\/jundiai.sp.gov.br\/noticias\/wp-content\/uploads\/sites\/32\/2017\/03\/Prefeito-discursa.jpg 1280w, https:\/\/jundiai.sp.gov.br\/noticias\/wp-content\/uploads\/sites\/32\/2017\/03\/Prefeito-discursa-300x230.jpg 300w, https:\/\/jundiai.sp.gov.br\/noticias\/wp-content\/uploads\/sites\/32\/2017\/03\/Prefeito-discursa-768x590.jpg 768w, https:\/\/jundiai.sp.gov.br\/noticias\/wp-content\/uploads\/sites\/32\/2017\/03\/Prefeito-discursa-720x553.jpg 720w\" sizes=\"auto, (max-width: 1280px) 100vw, 1280px\" \/><\/a><p id=\"caption-attachment-193606\" class=\"wp-caption-text\">Luiz Fernando destacou a import\u00e2ncia do incentivo ao esporte em todas as idades<\/p><\/div>\n<p><strong>Programa\u00e7\u00e3o<\/strong><br \/>\n<strong>Das 8h \u00e0s 17h, quem passar pelo Parque da Cidade pode participar de diversas atividades, como zumba, conta\u00e7\u00e3o de hist\u00f3rias, apresenta\u00e7\u00f5es de dan\u00e7a, m\u00fasica, capoeira, Tai-Chi-Chuan e gin\u00e1stica<\/strong>, entre outras.<\/p>\n<p>Al\u00e9m do parque, <a href=\"https:\/\/jundiai.sp.gov.br\/noticias\/2017\/03\/02\/semana-da-mulher-2017-sou-mulher-sou-jundiai\/\">v\u00e1rias Unidades de Sa\u00fade promovem atividades voltadas \u00e0 mulher durante a semana, como rodas de conversa, oficinais, pr\u00e1ticas corporais, relaxamento e dan\u00e7a circular<\/a>. J\u00e1 na <strong>quarta-feira (8)<\/strong>, o <a href=\"http:\/\/cultura.jundiai.sp.gov.br\/teatropolytheama\/\" target=\"_blank\">teatro Polytheama<\/a> recebe o<strong> espet\u00e1culo \u201cCom\u00e9dia Sem T\u00edtulo\u201d, da Cia. Est\u00e1vel de Teatro de Jundia\u00ed, \u00e0s 19h, tamb\u00e9m em homenagem ao Dia Internacional da Mulher. Os ingressos est\u00e3o sendo distribu\u00eddos pelos professores de Gin\u00e1stica Corporal \u00e0s suas alunas<\/strong>.<\/p>\n<p><strong><em>Assessoria de Imprensa<br \/>\nFotos: Fot\u00f3grafos PMJ <\/em><\/strong><\/p>\n","protected":false},"excerpt":{"rendered":"<p>Em comemora\u00e7\u00e3o ao Dia Internacional da Mulher, programa\u00e7\u00e3o avan\u00e7a a semana nas UBSs e no Polytheama<\/p>\n","protected":false},"author":14,"featured_media":193603,"comment_status":"closed","ping_status":"closed","sticky":false,"template":"","format":"standard","meta":{"footnotes":""},"categories":[2],"tags":[66,416,671,47,58,981,960,961,98],"ods":[],"class_list":["post-193600","post","type-post","status-publish","format-standard","has-post-thumbnail","hentry","category-noticias","tag-dae","tag-fundo-social-de-solidariedade-funss","tag-ginastica-corporal","tag-parque-da-cidade","tag-prefeito","tag-promocao-da-saude","tag-semana-da-mulher","tag-semana-da-mulher-2017","tag-teatro-polytheama"],"_links":{"self":[{"href":"https:\/\/jundiai.sp.gov.br\/noticias\/wp-json\/wp\/v2\/posts\/193600","targetHints":{"allow":["GET"]}}],"collection":[{"href":"https:\/\/jundiai.sp.gov.br\/noticias\/wp-json\/wp\/v2\/posts"}],"about":[{"href":"https:\/\/jundiai.sp.gov.br\/noticias\/wp-json\/wp\/v2\/types\/post"}],"author":[{"embeddable":true,"href":"https:\/\/jundiai.sp.gov.br\/noticias\/wp-json\/wp\/v2\/users\/14"}],"replies":[{"embeddable":true,"href":"https:\/\/jundiai.sp.gov.br\/noticias\/wp-json\/wp\/v2\/comments?post=193600"}],"version-history":[{"count":8,"href":"https:\/\/jundiai.sp.gov.br\/noticias\/wp-json\/wp\/v2\/posts\/193600\/revisions"}],"predecessor-version":[{"id":193613,"href":"https:\/\/jundiai.sp.gov.br\/noticias\/wp-json\/wp\/v2\/posts\/193600\/revisions\/193613"}],"wp:featuredmedia":[{"embeddable":true,"href":"https:\/\/jundiai.sp.gov.br\/noticias\/wp-json\/wp\/v2\/media\/193603"}],"wp:attachment":[{"href":"https:\/\/jundiai.sp.gov.br\/noticias\/wp-json\/wp\/v2\/media?parent=193600"}],"wp:term":[{"taxonomy":"category","embeddable":true,"href":"https:\/\/jundiai.sp.gov.br\/noticias\/wp-json\/wp\/v2\/categories?post=193600"},{"taxonomy":"post_tag","embeddable":true,"href":"https:\/\/jundiai.sp.gov.br\/noticias\/wp-json\/wp\/v2\/tags?post=193600"},{"taxonomy":"ods","embeddable":true,"href":"https:\/\/jundiai.sp.gov.br\/noticias\/wp-json\/wp\/v2\/ods?post=193600"}],"curies":[{"name":"wp","href":"https:\/\/api.w.org\/{rel}","templated":true}]}}