{"id":193674,"date":"2017-03-07T15:31:52","date_gmt":"2017-03-07T18:31:52","guid":{"rendered":"https:\/\/jundiai.sp.gov.br\/noticias\/?p=193674"},"modified":"2017-03-30T09:34:18","modified_gmt":"2017-03-30T12:34:18","slug":"parque-da-uva-recebe-varias-atividades-no-dia-da-mulher","status":"publish","type":"post","link":"https:\/\/jundiai.sp.gov.br\/noticias\/2017\/03\/07\/parque-da-uva-recebe-varias-atividades-no-dia-da-mulher\/","title":{"rendered":"Parque da Uva recebe v\u00e1rias atividades no Dia da Mulher"},"content":{"rendered":"<p><strong>Cerca de mil mulheres que frequentam as aulas de gin\u00e1stica corporal nos Complexos Esportivos de Jundia\u00ed ser\u00e3o homenageadas nesta quarta-feira (8), a partir das 8h, no <a href=\"https:\/\/jundiai.sp.gov.br\/servicos-publicos\/parque-comendador-antonio-carbonari-parque-da-uva\/\">Parque Comendador Ant\u00f4nio Carbonari (Parque da Uva)<\/a>. O evento ser\u00e1 realizado por meio de uma parceria entre as unidades de Esportes, <a href=\"http:\/\/cultura.jundiai.sp.gov.br\/\" target=\"_blank\">Cultura<\/a> e Sa\u00fade.<\/strong><\/p>\n<p>A programa\u00e7\u00e3o come\u00e7a <strong>\u00e0s 8h10<\/strong>, com uma <strong>aula de Dan\u00e7a Circular<\/strong>, comandada pela educadora Rachel Ciaco, da Unidade de Esportes. A atividade visa promover a <strong>amplia\u00e7\u00e3o da consci\u00eancia individual e grupal entre as participantes<\/strong>. \u201cAo dan\u00e7ar em c\u00edrculo, o indiv\u00edduo coloca-se em contato com o seu corpo em movimento, com o seu ser e express\u00e3o e com o grupo, estabelecendo e transformando as suas rela\u00e7\u00f5es sociais\u201d, explica a educadora.<\/p>\n<p><strong>LEIA TAMB\u00c9M<\/strong><br \/>\n<a href=\"https:\/\/jundiai.sp.gov.br\/noticias\/2017\/03\/07\/biblioteca-tem-exposicao-em-comemoracao-ao-dia-da-mulher\/\">Biblioteca tem exposi\u00e7\u00e3o em comemora\u00e7\u00e3o ao Dia da Mulher<\/a><br \/>\n<a href=\"https:\/\/jundiai.sp.gov.br\/noticias\/2017\/03\/07\/dia-internacional-da-mulher-na-prefeitura-as-mulheres-sao-maioria\/\">Dia Internacional da Mulher: na Prefeitura, as mulheres s\u00e3o a maioria<\/a><\/p>\n<p>A partir das <strong>8h30<\/strong> ser\u00e1 formada uma<strong> roda de capoeira<\/strong>, sob o comando do mestre Ilson, uma atividade promovida pela Unidade de Promo\u00e7\u00e3o da Sa\u00fade. Em seguida, \u00e0s <strong>8h50<\/strong>, est\u00e1 programado um<strong> show de voz e viol\u00e3o de Shelly Simon e Banda Baile Fino<\/strong>. O repert\u00f3rio ser\u00e1 formado por cl\u00e1ssicos da MPB, m\u00fasica pop americana e rock cl\u00e1ssico.<\/p>\n<p><strong>O prefeito Luiz Fernando Machado tamb\u00e9m participar\u00e1 do evento. \u00c0s 9h10, ele far\u00e1 a abertura oficial, acompanhado de outras autoridades.<\/strong><\/p>\n<p><strong>Todas as participantes ser\u00e3o levadas ao Parque da Uva por \u00f4nibus cedidos pela Prefeitura, que t\u00eam sa\u00edda \u00e0s 7h nos Complexos Esportivos da cidade<\/strong>. As homenageadas receberam convites para assistir ao <strong>espet\u00e1culo \u201cCom\u00e9dia Sem T\u00edtulo\u201d, no <a href=\"http:\/\/cultura.jundiai.sp.gov.br\/teatropolytheama\/\" target=\"_blank\">Teatro Polytheama<\/a>, tamb\u00e9m nesta quarta-feira (8), \u00e0s 19h<\/strong>.<\/p>\n<p><strong><em>Assessoria de Imprensa<\/em><\/strong><\/p>\n","protected":false},"excerpt":{"rendered":"<p>Programa\u00e7\u00e3o come\u00e7a com aula de Dan\u00e7a Circular e segue com capoeira, show de voz e viol\u00e3o e com\u00e9dia teatral <\/p>\n","protected":false},"author":14,"featured_media":193710,"comment_status":"closed","ping_status":"closed","sticky":false,"template":"","format":"standard","meta":{"footnotes":""},"categories":[2],"tags":[411,29,276,981,960,961],"ods":[],"class_list":["post-193674","post","type-post","status-publish","format-standard","has-post-thumbnail","hentry","category-noticias","tag-centro-esportivo","tag-cultura","tag-parque-da-uva","tag-promocao-da-saude","tag-semana-da-mulher","tag-semana-da-mulher-2017"],"_links":{"self":[{"href":"https:\/\/jundiai.sp.gov.br\/noticias\/wp-json\/wp\/v2\/posts\/193674","targetHints":{"allow":["GET"]}}],"collection":[{"href":"https:\/\/jundiai.sp.gov.br\/noticias\/wp-json\/wp\/v2\/posts"}],"about":[{"href":"https:\/\/jundiai.sp.gov.br\/noticias\/wp-json\/wp\/v2\/types\/post"}],"author":[{"embeddable":true,"href":"https:\/\/jundiai.sp.gov.br\/noticias\/wp-json\/wp\/v2\/users\/14"}],"replies":[{"embeddable":true,"href":"https:\/\/jundiai.sp.gov.br\/noticias\/wp-json\/wp\/v2\/comments?post=193674"}],"version-history":[{"count":5,"href":"https:\/\/jundiai.sp.gov.br\/noticias\/wp-json\/wp\/v2\/posts\/193674\/revisions"}],"predecessor-version":[{"id":193709,"href":"https:\/\/jundiai.sp.gov.br\/noticias\/wp-json\/wp\/v2\/posts\/193674\/revisions\/193709"}],"wp:featuredmedia":[{"embeddable":true,"href":"https:\/\/jundiai.sp.gov.br\/noticias\/wp-json\/wp\/v2\/media\/193710"}],"wp:attachment":[{"href":"https:\/\/jundiai.sp.gov.br\/noticias\/wp-json\/wp\/v2\/media?parent=193674"}],"wp:term":[{"taxonomy":"category","embeddable":true,"href":"https:\/\/jundiai.sp.gov.br\/noticias\/wp-json\/wp\/v2\/categories?post=193674"},{"taxonomy":"post_tag","embeddable":true,"href":"https:\/\/jundiai.sp.gov.br\/noticias\/wp-json\/wp\/v2\/tags?post=193674"},{"taxonomy":"ods","embeddable":true,"href":"https:\/\/jundiai.sp.gov.br\/noticias\/wp-json\/wp\/v2\/ods?post=193674"}],"curies":[{"name":"wp","href":"https:\/\/api.w.org\/{rel}","templated":true}]}}