{"id":193693,"date":"2017-03-07T16:53:10","date_gmt":"2017-03-07T19:53:10","guid":{"rendered":"https:\/\/jundiai.sp.gov.br\/noticias\/?p=193693"},"modified":"2017-03-23T15:39:23","modified_gmt":"2017-03-23T18:39:23","slug":"saude-realiza-audiencia-para-a-prestacao-de-contas-na-camara-municipal","status":"publish","type":"post","link":"https:\/\/jundiai.sp.gov.br\/noticias\/2017\/03\/07\/saude-realiza-audiencia-para-a-prestacao-de-contas-na-camara-municipal\/","title":{"rendered":"Sa\u00fade realiza audi\u00eancia para a presta\u00e7\u00e3o de contas na C\u00e2mara Municipal"},"content":{"rendered":"<p><strong>A Unidade de Promo\u00e7\u00e3o da Sa\u00fade realizou a presta\u00e7\u00e3o de contas referente ao terceiro quadrimestre de 2016 em uma audi\u00eancia p\u00fablica, nesta ter\u00e7a-feira (7), na <a href=\"http:\/\/www.jundiai.sp.leg.br\/\" target=\"_blank\">C\u00e2mara Municipal<\/a>. A sess\u00e3o contou com a presen\u00e7a do Gestor da Unidade, Vagner Vilela; do Coordenador Executivo de Promo\u00e7\u00e3o da Sa\u00fade, Tiago Texera; e do Diretor do Departamento Financeiro, Alo\u00edsio Carlos Polessi.<\/strong><\/p>\n<p>Foram apresentadas as<strong> demandas referentes \u00e0 sa\u00fade registradas na Ouvidoria no per\u00edodo de setembro, outubro, novembro e dezembro de 2016; a quantidade de funcion\u00e1rios em cada especialidade; todas as unidades de sa\u00fade que complementam a rede p\u00fablica no munic\u00edpio e seus servi\u00e7os e atendimentos realizados; bem como cursos e capacita\u00e7\u00f5es<\/strong>.<\/p>\n<p><strong>LEIA TAMB\u00c9M<\/strong><br \/>\n<a href=\"https:\/\/jundiai.sp.gov.br\/noticias\/2017\/03\/07\/parque-da-uva-recebe-varias-atividades-no-dia-da-mulher\/\">Parque da Uva recebe v\u00e1rias atividades no Dia da Mulher<\/a><br \/>\n<a href=\"https:\/\/jundiai.sp.gov.br\/noticias\/2017\/03\/02\/prefeito-garante-r-12-milhoes-para-o-sao-vicente\/\">Prefeito garante R$ 12 milh\u00f5es para o Hospital S\u00e3o Vicente<\/a><\/p>\n<div id=\"attachment_193696\" style=\"width: 1250px\" class=\"wp-caption aligncenter\"><a href=\"https:\/\/jundiai.sp.gov.br\/noticias\/wp-content\/uploads\/sites\/32\/2017\/03\/Sa\u00fade-realiza-audi\u00eancia-para-a-presta\u00e7\u00e3o-de-contas2016.jpg\"><img loading=\"lazy\" decoding=\"async\" aria-describedby=\"caption-attachment-193696\" class=\"size-full wp-image-193696\" src=\"https:\/\/jundiai.sp.gov.br\/noticias\/wp-content\/uploads\/sites\/32\/2017\/03\/Sa\u00fade-realiza-audi\u00eancia-para-a-presta\u00e7\u00e3o-de-contas2016.jpg\" alt=\"\" width=\"1240\" height=\"875\" srcset=\"https:\/\/jundiai.sp.gov.br\/noticias\/wp-content\/uploads\/sites\/32\/2017\/03\/Sa\u00fade-realiza-audi\u00eancia-para-a-presta\u00e7\u00e3o-de-contas2016.jpg 1240w, https:\/\/jundiai.sp.gov.br\/noticias\/wp-content\/uploads\/sites\/32\/2017\/03\/Sa\u00fade-realiza-audi\u00eancia-para-a-presta\u00e7\u00e3o-de-contas2016-300x212.jpg 300w, https:\/\/jundiai.sp.gov.br\/noticias\/wp-content\/uploads\/sites\/32\/2017\/03\/Sa\u00fade-realiza-audi\u00eancia-para-a-presta\u00e7\u00e3o-de-contas2016-768x542.jpg 768w, https:\/\/jundiai.sp.gov.br\/noticias\/wp-content\/uploads\/sites\/32\/2017\/03\/Sa\u00fade-realiza-audi\u00eancia-para-a-presta\u00e7\u00e3o-de-contas2016-720x508.jpg 720w\" sizes=\"auto, (max-width: 1240px) 100vw, 1240px\" \/><\/a><p id=\"caption-attachment-193696\" class=\"wp-caption-text\">Presta\u00e7\u00e3o de contas evidenciou gastos da sa\u00fade durante os meses de setembro, outubro, novembro e dezembro<\/p><\/div>\n<p>As unidades farmac\u00eauticas atendidas somam cerca de <strong>7,5 milh\u00f5es de materiais fornecidos<\/strong>, como frascos, rem\u00e9dios e p\u00edlulas. Na Coordena\u00e7\u00e3o de Urg\u00eancia e Emerg\u00eancia\/Aten\u00e7\u00e3o Hospitalar est\u00e3o as Unidades de Pronto Atendimento (PA), que realizaram <strong>aproximadamente 155 mil atendimentos<\/strong> \u00e0 popula\u00e7\u00e3o neste per\u00edodo.<\/p>\n<p>De acordo com Vilela, <strong>uma das propostas da Unidade de Sa\u00fade para a cidade \u00e9 o recadastramento de pacientes no <a href=\"http:\/\/www.hsvicente.org.br\/\" target=\"_blank\">Hospital S\u00e3o Vicente<\/a><\/strong>. \u201cEstamos em busca de uma forma para<strong> melhor atender \u00e0 popula\u00e7\u00e3o jundiaiense no hospital, que \u00e9 refer\u00eancia em alta complexidade na regi\u00e3o e costuma estar sempre muito lotado<\/strong>\u201d, anunciou.<\/p>\n<p>As a\u00e7\u00f5es desenvolvidas pela Unidade de Promo\u00e7\u00e3o da Sa\u00fade tamb\u00e9m foram apontadas, como a <strong><a href=\"https:\/\/jundiai.sp.gov.br\/noticias\/2017\/03\/02\/prefeitura-estuda-apoio-para-o-projeto-de-pesquisa-virus-zika\/\">participa\u00e7\u00e3o do Projeto Zika<\/a> e do Grupo de Acolhimento<\/strong>. Segundo Tiago Texera,<strong> Jundia\u00ed busca se tornar refer\u00eancia no Programa S\u00e3o Paulo pela Primeir\u00edssima Inf\u00e2ncia (SPPI)<\/strong>. \u201cEm fevereiro, <a href=\"https:\/\/jundiai.sp.gov.br\/noticias\/2017\/02\/17\/jundiai-assina-carta-de-intencoes-do-primeirissima-infancia\/\">o prefeito Luiz Fernando Machado assinou a carta de inten\u00e7\u00f5es do programa, com o objetivo de potencializar as a\u00e7\u00f5es realizadas na cidade<\/a>\u201d, informou.<\/p>\n<p>Ainda foram pontuadas as <strong>a\u00e7\u00f5es realizadas pela Vigil\u00e2ncia Sanit\u00e1ria, Vigil\u00e2ncia Epidemiol\u00f3gica, Vigil\u00e2ncia de Zoonoses, Vigil\u00e2ncia em Sa\u00fade Ambiental, Servi\u00e7o de Verifica\u00e7\u00e3o de \u00d3bito e Centro de Refer\u00eancia em Sa\u00fade do Trabalhador (Cerest)<\/strong>. No total, <strong>27,99% dos recursos pr\u00f3prios foram aplicados na \u00e1rea da sa\u00fade no terceiro quadrimestre de 2016, cerca de R$ 373,5 mi<\/strong>.<\/p>\n<p><strong><em>Assessoria de Imprensa<br \/>\nFoto: Fot\u00f3grafos PMJ<\/em><\/strong><\/p>\n","protected":false},"excerpt":{"rendered":"<p>Em sess\u00e3o nesta ter\u00e7a-feira (7), foram apresentados os gastos  e n\u00fameros do \u00faltimo quadrimestre de 2016, bem como as a\u00e7\u00f5es desenvolvidas<\/p>\n","protected":false},"author":14,"featured_media":193700,"comment_status":"closed","ping_status":"closed","sticky":false,"template":"","format":"standard","meta":{"footnotes":""},"categories":[2],"tags":[428,321,981],"ods":[],"class_list":["post-193693","post","type-post","status-publish","format-standard","has-post-thumbnail","hentry","category-noticias","tag-camara-municipal","tag-hospital-de-caridade-sao-vicente-de-paulo","tag-promocao-da-saude"],"_links":{"self":[{"href":"https:\/\/jundiai.sp.gov.br\/noticias\/wp-json\/wp\/v2\/posts\/193693","targetHints":{"allow":["GET"]}}],"collection":[{"href":"https:\/\/jundiai.sp.gov.br\/noticias\/wp-json\/wp\/v2\/posts"}],"about":[{"href":"https:\/\/jundiai.sp.gov.br\/noticias\/wp-json\/wp\/v2\/types\/post"}],"author":[{"embeddable":true,"href":"https:\/\/jundiai.sp.gov.br\/noticias\/wp-json\/wp\/v2\/users\/14"}],"replies":[{"embeddable":true,"href":"https:\/\/jundiai.sp.gov.br\/noticias\/wp-json\/wp\/v2\/comments?post=193693"}],"version-history":[{"count":6,"href":"https:\/\/jundiai.sp.gov.br\/noticias\/wp-json\/wp\/v2\/posts\/193693\/revisions"}],"predecessor-version":[{"id":193702,"href":"https:\/\/jundiai.sp.gov.br\/noticias\/wp-json\/wp\/v2\/posts\/193693\/revisions\/193702"}],"wp:featuredmedia":[{"embeddable":true,"href":"https:\/\/jundiai.sp.gov.br\/noticias\/wp-json\/wp\/v2\/media\/193700"}],"wp:attachment":[{"href":"https:\/\/jundiai.sp.gov.br\/noticias\/wp-json\/wp\/v2\/media?parent=193693"}],"wp:term":[{"taxonomy":"category","embeddable":true,"href":"https:\/\/jundiai.sp.gov.br\/noticias\/wp-json\/wp\/v2\/categories?post=193693"},{"taxonomy":"post_tag","embeddable":true,"href":"https:\/\/jundiai.sp.gov.br\/noticias\/wp-json\/wp\/v2\/tags?post=193693"},{"taxonomy":"ods","embeddable":true,"href":"https:\/\/jundiai.sp.gov.br\/noticias\/wp-json\/wp\/v2\/ods?post=193693"}],"curies":[{"name":"wp","href":"https:\/\/api.w.org\/{rel}","templated":true}]}}