{"id":193718,"date":"2017-03-08T17:17:03","date_gmt":"2017-03-08T20:17:03","guid":{"rendered":"https:\/\/jundiai.sp.gov.br\/noticias\/?p=193718"},"modified":"2017-03-09T16:32:57","modified_gmt":"2017-03-09T19:32:57","slug":"prefeito-recebe-pro-reitor-do-instituto-federal-de-sao-paulo","status":"publish","type":"post","link":"https:\/\/jundiai.sp.gov.br\/noticias\/2017\/03\/08\/prefeito-recebe-pro-reitor-do-instituto-federal-de-sao-paulo\/","title":{"rendered":"Prefeito recebe pr\u00f3-reitor do Instituto Federal de S\u00e3o Paulo e professores"},"content":{"rendered":"<p><strong>O prefeito Luiz Fernando Machado recebeu, na tarde desta quarta-feira (8), o pr\u00f3-reitor do <a href=\"http:\/\/www.ifsp.edu.br\/\" target=\"_blank\">Instituto Federal de S\u00e3o Paulo (IFSP)<\/a>, Reginaldo Vitor Pereira, para discutir a cria\u00e7\u00e3o de acordos em v\u00e1rias frentes e estabelecer um plano estrat\u00e9gico de metas em comum, a fim de ampliar a atua\u00e7\u00e3o do instituto na cidade. Pereira estava acompanhado da diretora-gestora do <a href=\"http:\/\/www.ifsp.edu.br\/index.php\/20-jundiai.html\" target=\"_blank\">campus avan\u00e7ado de Jundia\u00ed do IFSP<\/a>, Haryanna Sgrilli, e de professores e pesquisadores que integram o corpo docente da unidade.<\/strong><\/p>\n<p>Durante o encontro, o <strong>prefeito refor\u00e7ou o compromisso de trabalhar em parceria com o Instituto Federal para transformar a cidade em um celeiro acad\u00eamico e potencializar o ensino tecnol\u00f3gico<\/strong>. \u201cTenho certeza de que o apoio do instituto ser\u00e1 importante para o <strong>sucesso do Parque Tecnol\u00f3gico de Jundia\u00ed<\/strong>, que est\u00e1 em fase de desenvolvimento\u201d, pontuou Luiz Fernando.<\/p>\n<p><strong>LEIA TAMB\u00c9M<\/strong><br \/>\n<a href=\"https:\/\/jundiai.sp.gov.br\/noticias\/2017\/03\/06\/novos-coordenadores-pedagogicos-tomam-posse\/\">Novos coordenadores pedag\u00f3gicos tomam posse<\/a><br \/>\n<a href=\"https:\/\/jundiai.sp.gov.br\/noticias\/2017\/03\/06\/kit-uniforme-escolar-vai-ser-entregue-sabado-11\/\">Kit uniforme escolar vai ser entregue neste s\u00e1bado (11)<\/a><br \/>\n<a href=\"https:\/\/jundiai.sp.gov.br\/noticias\/2017\/03\/07\/biblioteca-tem-exposicao-em-comemoracao-ao-dia-da-mulher\/\">Biblioteca tem exposi\u00e7\u00e3o em comemora\u00e7\u00e3o ao Dia da Mulher<\/a><br \/>\n<a href=\"https:\/\/jundiai.sp.gov.br\/noticias\/2017\/03\/08\/profissionais-da-educacao-participam-de-workshop-no-complexo-argos\/\">Profissionais da educa\u00e7\u00e3o participam de workshop no Complexo Argos<\/a><\/p>\n<div id=\"attachment_193719\" style=\"width: 1250px\" class=\"wp-caption aligncenter\"><a href=\"https:\/\/jundiai.sp.gov.br\/noticias\/wp-content\/uploads\/sites\/32\/2017\/03\/Instituto_Federal_prefeito.jpg\"><img loading=\"lazy\" decoding=\"async\" aria-describedby=\"caption-attachment-193719\" class=\"size-full wp-image-193719\" src=\"https:\/\/jundiai.sp.gov.br\/noticias\/wp-content\/uploads\/sites\/32\/2017\/03\/Instituto_Federal_prefeito.jpg\" alt=\"\" width=\"1240\" height=\"700\" srcset=\"https:\/\/jundiai.sp.gov.br\/noticias\/wp-content\/uploads\/sites\/32\/2017\/03\/Instituto_Federal_prefeito.jpg 1240w, https:\/\/jundiai.sp.gov.br\/noticias\/wp-content\/uploads\/sites\/32\/2017\/03\/Instituto_Federal_prefeito-300x169.jpg 300w, https:\/\/jundiai.sp.gov.br\/noticias\/wp-content\/uploads\/sites\/32\/2017\/03\/Instituto_Federal_prefeito-768x434.jpg 768w, https:\/\/jundiai.sp.gov.br\/noticias\/wp-content\/uploads\/sites\/32\/2017\/03\/Instituto_Federal_prefeito-720x406.jpg 720w\" sizes=\"auto, (max-width: 1240px) 100vw, 1240px\" \/><\/a><p id=\"caption-attachment-193719\" class=\"wp-caption-text\">Prefeito se reuniu com representantes do IFSP para discutir parcerias<\/p><\/div>\n<p>O chefe do Executivo municipal lembrou a import\u00e2ncia de <strong>pensar na voca\u00e7\u00e3o da cidade na montagem da grade de cursos a serem oferecidos pelo IFSP<\/strong>. \u201cTemos uma <strong>ind\u00fastria aliment\u00edcia<\/strong> muito forte e isso precisa ser considerado. Al\u00e9m disso, a <strong>\u00e1rea de Tecnologia da Informa\u00e7\u00e3o<\/strong> \u00e9 a que tem maior valor agregado em Jundia\u00ed e tamb\u00e9m merece aten\u00e7\u00e3o\u201d, destacou.<\/p>\n<p>Luiz Fernando afirmou, ainda, que espera contar com o apoio do IFSP no desenvolvimento da <strong>TVE Tec, um dos projetos priorit\u00e1rios da sua gest\u00e3o, que visa associar a TV Educativa com o ensino t\u00e9cnico<\/strong>. A superintendente da <a href=\"http:\/\/www.tvejundiai.com.br\/\" target=\"_blank\">TVE<\/a>, Monica Gropelo, tamb\u00e9m participou do encontro.<\/p>\n<p>O pr\u00f3-reitor do instituto afirmou que o <strong>campus avan\u00e7ado de Jundia\u00ed est\u00e1 \u00e0 disposi\u00e7\u00e3o da Prefeitura para ajudar na amplia\u00e7\u00e3o da oferta de servi\u00e7os \u00e0 sociedade, como, por exemplo, mais cursos e pesquisas<\/strong>. \u201cInclusive, um dos nossos objetivos atuais \u00e9<strong> transformar a unidade de Jundia\u00ed em um campus Pleno<\/strong>, pois isso nos ajudaria a<strong> atrair mais investimentos do Governo Federal<\/strong> e, consequentemente, <strong>ampliar a oferta e qualidade dos cursos<\/strong>. O apoio da administra\u00e7\u00e3o \u00e9 fundamental nesse processo\u201d, finalizou Pereira.<\/p>\n<p><strong><em>Assessoria de Imprensa<br \/>\nFoto: Fot\u00f3grafos PMJ<\/em><\/strong><\/p>\n","protected":false},"excerpt":{"rendered":"<p>Pauta da reuni\u00e3o foi discutir a cria\u00e7\u00e3o de acordos em v\u00e1rias frentes e estabelecer plano estrat\u00e9gico de metas comuns, a fim de ampliar a atua\u00e7\u00e3o do instituto <\/p>\n","protected":false},"author":14,"featured_media":193723,"comment_status":"closed","ping_status":"closed","sticky":false,"template":"","format":"standard","meta":{"footnotes":""},"categories":[2],"tags":[6,354,58,72],"ods":[],"class_list":["post-193718","post","type-post","status-publish","format-standard","has-post-thumbnail","hentry","category-noticias","tag-educacao","tag-instituto-federal","tag-prefeito","tag-tve-jundiai"],"_links":{"self":[{"href":"https:\/\/jundiai.sp.gov.br\/noticias\/wp-json\/wp\/v2\/posts\/193718","targetHints":{"allow":["GET"]}}],"collection":[{"href":"https:\/\/jundiai.sp.gov.br\/noticias\/wp-json\/wp\/v2\/posts"}],"about":[{"href":"https:\/\/jundiai.sp.gov.br\/noticias\/wp-json\/wp\/v2\/types\/post"}],"author":[{"embeddable":true,"href":"https:\/\/jundiai.sp.gov.br\/noticias\/wp-json\/wp\/v2\/users\/14"}],"replies":[{"embeddable":true,"href":"https:\/\/jundiai.sp.gov.br\/noticias\/wp-json\/wp\/v2\/comments?post=193718"}],"version-history":[{"count":8,"href":"https:\/\/jundiai.sp.gov.br\/noticias\/wp-json\/wp\/v2\/posts\/193718\/revisions"}],"predecessor-version":[{"id":193731,"href":"https:\/\/jundiai.sp.gov.br\/noticias\/wp-json\/wp\/v2\/posts\/193718\/revisions\/193731"}],"wp:featuredmedia":[{"embeddable":true,"href":"https:\/\/jundiai.sp.gov.br\/noticias\/wp-json\/wp\/v2\/media\/193723"}],"wp:attachment":[{"href":"https:\/\/jundiai.sp.gov.br\/noticias\/wp-json\/wp\/v2\/media?parent=193718"}],"wp:term":[{"taxonomy":"category","embeddable":true,"href":"https:\/\/jundiai.sp.gov.br\/noticias\/wp-json\/wp\/v2\/categories?post=193718"},{"taxonomy":"post_tag","embeddable":true,"href":"https:\/\/jundiai.sp.gov.br\/noticias\/wp-json\/wp\/v2\/tags?post=193718"},{"taxonomy":"ods","embeddable":true,"href":"https:\/\/jundiai.sp.gov.br\/noticias\/wp-json\/wp\/v2\/ods?post=193718"}],"curies":[{"name":"wp","href":"https:\/\/api.w.org\/{rel}","templated":true}]}}