{"id":193735,"date":"2017-03-08T18:48:31","date_gmt":"2017-03-08T21:48:31","guid":{"rendered":"https:\/\/jundiai.sp.gov.br\/noticias\/?p=193735"},"modified":"2017-03-13T10:35:23","modified_gmt":"2017-03-13T13:35:23","slug":"homenagem-no-parque-da-uva-marca-o-dia-da-mulher","status":"publish","type":"post","link":"https:\/\/jundiai.sp.gov.br\/noticias\/2017\/03\/08\/homenagem-no-parque-da-uva-marca-o-dia-da-mulher\/","title":{"rendered":"Homenagem no Parque da Uva marca o Dia da Mulher"},"content":{"rendered":"<p><iframe loading=\"lazy\" class=\"alignleft\" width=\"400\" height=\"315\" src=\"https:\/\/www.youtube.com\/embed\/Sf4967YzXss\" frameborder=\"0\" allowfullscreen><\/iframe><strong>O Dia Internacional da Mulher foi lembrando com grande evento no Parque Comendador Ant\u00f4nio Carbonari, o Parque da Uva. A iniciativa das Unidades de Gest\u00e3o de Esporte e Lazer, <a href=\"http:\/\/cultura.jundiai.sp.gov.br\/\" target=\"_blank\">Cultura<\/a> e Promo\u00e7\u00e3o da Sa\u00fade reuniu mais de 800 alunas dos Complexos Esportivos, com atividades diversificadas, incluindo aula de dan\u00e7a circular, capoeira e apresenta\u00e7\u00e3o musical.<\/strong><\/p>\n<p>A aluna Jocilene Ramalho, moradora do Jardim Guanabara, falou que gostou da oportunidade. \u201c\u00c9 um momento em que podemos<strong> confraternizar, praticar esportes e fazer novas amizades<\/strong>\u201d, disse ela.<\/p>\n<p>O prefeito Luiz Fernando Machado e a primeira-dama e presidente do <a href=\"https:\/\/www.facebook.com\/fundosocialsolidariedadedejundiai\/?fref=ts\" target=\"_blank\">Fundo Social de Solidariedade (Funss)<\/a>, Vanessa Machado, participaram do evento. Luiz Fernando ressaltou que as<strong> mulheres da cidade cumprem uma importante miss\u00e3o, s\u00e3o protagonistas de suas vidas<\/strong>. Ainda durante o evento, o prefeito interagiu com o p\u00fablico, respondendo \u00e0s perguntas feitas pelas alunas sobre os servi\u00e7os da cidade.<\/p>\n<p><strong>LEIA TAMB\u00c9M<\/strong><br \/>\n<a href=\"https:\/\/jundiai.sp.gov.br\/noticias\/2017\/03\/07\/biblioteca-tem-exposicao-em-comemoracao-ao-dia-da-mulher\/\">Biblioteca tem exposi\u00e7\u00e3o em comemora\u00e7\u00e3o ao Dia da Mulher<\/a><br \/>\n<a href=\"https:\/\/jundiai.sp.gov.br\/noticias\/2017\/03\/07\/dia-internacional-da-mulher-na-prefeitura-as-mulheres-sao-maioria\/\">Dia Internacional da Mulher: na Prefeitura, as mulheres s\u00e3o a maioria<\/a><\/p>\n<div id=\"attachment_193736\" style=\"width: 1250px\" class=\"wp-caption aligncenter\"><a href=\"https:\/\/jundiai.sp.gov.br\/noticias\/wp-content\/uploads\/sites\/32\/2017\/03\/Prefeito-participa-do-Dia-da-Mulher-no-Parque-da-Uva_c_2.jpg\"><img loading=\"lazy\" decoding=\"async\" aria-describedby=\"caption-attachment-193736\" class=\"size-full wp-image-193736\" src=\"https:\/\/jundiai.sp.gov.br\/noticias\/wp-content\/uploads\/sites\/32\/2017\/03\/Prefeito-participa-do-Dia-da-Mulher-no-Parque-da-Uva_c_2.jpg\" alt=\"\" width=\"1240\" height=\"832\" srcset=\"https:\/\/jundiai.sp.gov.br\/noticias\/wp-content\/uploads\/sites\/32\/2017\/03\/Prefeito-participa-do-Dia-da-Mulher-no-Parque-da-Uva_c_2.jpg 1240w, https:\/\/jundiai.sp.gov.br\/noticias\/wp-content\/uploads\/sites\/32\/2017\/03\/Prefeito-participa-do-Dia-da-Mulher-no-Parque-da-Uva_c_2-300x201.jpg 300w, https:\/\/jundiai.sp.gov.br\/noticias\/wp-content\/uploads\/sites\/32\/2017\/03\/Prefeito-participa-do-Dia-da-Mulher-no-Parque-da-Uva_c_2-768x515.jpg 768w, https:\/\/jundiai.sp.gov.br\/noticias\/wp-content\/uploads\/sites\/32\/2017\/03\/Prefeito-participa-do-Dia-da-Mulher-no-Parque-da-Uva_c_2-720x483.jpg 720w\" sizes=\"auto, (max-width: 1240px) 100vw, 1240px\" \/><\/a><p id=\"caption-attachment-193736\" class=\"wp-caption-text\">Mulheres de diferentes regi\u00f5es da cidade marcaram presen\u00e7a no evento<\/p><\/div>\n<p>\u201c\u00c9 um<strong> evento de di\u00e1logo e intera\u00e7\u00e3o<\/strong>, visando realmente <strong>unir as mulheres e permitir essa troca de ideias e experi\u00eancias<\/strong>. Quero aproveitar o momento para destacar a import\u00e2ncia de todos contribu\u00edrem, de alguma forma, cada qual dentro das suas capacidades, para ajudar neste<strong> esfor\u00e7o de deixar nossa cidade cada vez melhor e mais humana<\/strong>\u201d, afirmou.<\/p>\n<p>Tamb\u00e9m estiveram presentes os gestores: de Cultura, Vasti Ferrari; de Esporte e Lazer, Lu\u00eds Trientini; de Governo e Finan\u00e7as; Jos\u00e9 Ant\u00f4nio Parimoschi; al\u00e9m dos vereadores Gustavo Martinelli e Faouaz Taha.<\/p>\n<p><strong><em>Assessoria de Imprensa<br \/>\nFoto: Fot\u00f3grafos PMJ<\/em><\/strong><\/p>\n","protected":false},"excerpt":{"rendered":"<p>800 alunas dos Complexos Esportivos participaram de atividades diversificadas, como dan\u00e7a circular, capoeira e m\u00fasica<\/p>\n","protected":false},"author":14,"featured_media":193738,"comment_status":"closed","ping_status":"closed","sticky":false,"template":"","format":"standard","meta":{"footnotes":""},"categories":[2],"tags":[411,276,58,960,961],"ods":[],"class_list":["post-193735","post","type-post","status-publish","format-standard","has-post-thumbnail","hentry","category-noticias","tag-centro-esportivo","tag-parque-da-uva","tag-prefeito","tag-semana-da-mulher","tag-semana-da-mulher-2017"],"_links":{"self":[{"href":"https:\/\/jundiai.sp.gov.br\/noticias\/wp-json\/wp\/v2\/posts\/193735","targetHints":{"allow":["GET"]}}],"collection":[{"href":"https:\/\/jundiai.sp.gov.br\/noticias\/wp-json\/wp\/v2\/posts"}],"about":[{"href":"https:\/\/jundiai.sp.gov.br\/noticias\/wp-json\/wp\/v2\/types\/post"}],"author":[{"embeddable":true,"href":"https:\/\/jundiai.sp.gov.br\/noticias\/wp-json\/wp\/v2\/users\/14"}],"replies":[{"embeddable":true,"href":"https:\/\/jundiai.sp.gov.br\/noticias\/wp-json\/wp\/v2\/comments?post=193735"}],"version-history":[{"count":5,"href":"https:\/\/jundiai.sp.gov.br\/noticias\/wp-json\/wp\/v2\/posts\/193735\/revisions"}],"predecessor-version":[{"id":193930,"href":"https:\/\/jundiai.sp.gov.br\/noticias\/wp-json\/wp\/v2\/posts\/193735\/revisions\/193930"}],"wp:featuredmedia":[{"embeddable":true,"href":"https:\/\/jundiai.sp.gov.br\/noticias\/wp-json\/wp\/v2\/media\/193738"}],"wp:attachment":[{"href":"https:\/\/jundiai.sp.gov.br\/noticias\/wp-json\/wp\/v2\/media?parent=193735"}],"wp:term":[{"taxonomy":"category","embeddable":true,"href":"https:\/\/jundiai.sp.gov.br\/noticias\/wp-json\/wp\/v2\/categories?post=193735"},{"taxonomy":"post_tag","embeddable":true,"href":"https:\/\/jundiai.sp.gov.br\/noticias\/wp-json\/wp\/v2\/tags?post=193735"},{"taxonomy":"ods","embeddable":true,"href":"https:\/\/jundiai.sp.gov.br\/noticias\/wp-json\/wp\/v2\/ods?post=193735"}],"curies":[{"name":"wp","href":"https:\/\/api.w.org\/{rel}","templated":true}]}}