{"id":193747,"date":"2017-03-08T19:49:30","date_gmt":"2017-03-08T22:49:30","guid":{"rendered":"https:\/\/jundiai.sp.gov.br\/noticias\/?p=193747"},"modified":"2017-03-23T15:39:17","modified_gmt":"2017-03-23T18:39:17","slug":"prefeito-se-reune-com-ministros-em-busca-de-recursos-para-varias-areas","status":"publish","type":"post","link":"https:\/\/jundiai.sp.gov.br\/noticias\/2017\/03\/08\/prefeito-se-reune-com-ministros-em-busca-de-recursos-para-varias-areas\/","title":{"rendered":"Prefeito trata de recursos em reuni\u00f5es com ministros"},"content":{"rendered":"<p><strong>O prefeito Luiz Fernando Machado esteve em Bras\u00edlia nessa ter\u00e7a-feira (7) para tratar de assuntos ligados \u00e0s \u00e1reas de Sa\u00fade, Tecnologia, Habita\u00e7\u00e3o e Saneamento. Ele estava acompanhado do gestor de Governo e Finan\u00e7as, Jos\u00e9 Antonio Parimoschi, e o deputado federal Miguel Haddad.<\/strong><\/p>\n<p>No Minist\u00e9rio da Sa\u00fade, a pauta foi o <strong>aumento do teto pago para procedimentos de m\u00e9dia e alta complexidade realizados na rede p\u00fablica de sa\u00fade, que j\u00e1 foi aprovado pela Comiss\u00e3o Bipartite e agora falta apenas a libera\u00e7\u00e3o dos recursos pela pasta. \u201cA estimativa \u00e9 obter R$ 15 milh\u00f5es para o <a href=\"http:\/\/www.hsvicente.org.br\/\" target=\"_blank\">Hospital S\u00e3o Vicente de Paulo<\/a>\u201d<\/strong>, explicou Parimoschi.<\/p>\n<p><strong>LEIA TAMB\u00c9M<\/strong><br \/>\n<a href=\"https:\/\/jundiai.sp.gov.br\/noticias\/2017\/03\/08\/homenagem-no-parque-da-uva-marca-o-dia-da-mulher\/\">Homenagem no Parque da Uva marca o Dia da Mulher<\/a><br \/>\n<a href=\"https:\/\/jundiai.sp.gov.br\/noticias\/2017\/03\/08\/evento-celebra-os-34-anos-de-tombamento-da-serra-do-japi\/\">Evento celebra os 34 anos de tombamento da Serra do Japi<\/a><br \/>\n<a href=\"https:\/\/jundiai.sp.gov.br\/noticias\/2017\/03\/08\/prefeito-recebe-pro-reitor-do-instituto-federal-de-sao-paulo\/\">Prefeito recebe pr\u00f3-reitor do Instituto Federal de S\u00e3o Paulo e professores<\/a><\/p>\n<div id=\"attachment_193749\" style=\"width: 1290px\" class=\"wp-caption aligncenter\"><a href=\"https:\/\/jundiai.sp.gov.br\/noticias\/wp-content\/uploads\/sites\/32\/2017\/03\/Prefeito-se-re\u00fane-com-ministros-em-busca-de-recursos-para-v\u00e1rias-\u00e1reas.jpg\"><img loading=\"lazy\" decoding=\"async\" aria-describedby=\"caption-attachment-193749\" class=\"size-full wp-image-193749\" src=\"https:\/\/jundiai.sp.gov.br\/noticias\/wp-content\/uploads\/sites\/32\/2017\/03\/Prefeito-se-re\u00fane-com-ministros-em-busca-de-recursos-para-v\u00e1rias-\u00e1reas.jpg\" alt=\"\" width=\"1280\" height=\"819\" srcset=\"https:\/\/jundiai.sp.gov.br\/noticias\/wp-content\/uploads\/sites\/32\/2017\/03\/Prefeito-se-re\u00fane-com-ministros-em-busca-de-recursos-para-v\u00e1rias-\u00e1reas.jpg 1280w, https:\/\/jundiai.sp.gov.br\/noticias\/wp-content\/uploads\/sites\/32\/2017\/03\/Prefeito-se-re\u00fane-com-ministros-em-busca-de-recursos-para-v\u00e1rias-\u00e1reas-300x192.jpg 300w, https:\/\/jundiai.sp.gov.br\/noticias\/wp-content\/uploads\/sites\/32\/2017\/03\/Prefeito-se-re\u00fane-com-ministros-em-busca-de-recursos-para-v\u00e1rias-\u00e1reas-768x491.jpg 768w, https:\/\/jundiai.sp.gov.br\/noticias\/wp-content\/uploads\/sites\/32\/2017\/03\/Prefeito-se-re\u00fane-com-ministros-em-busca-de-recursos-para-v\u00e1rias-\u00e1reas-720x461.jpg 720w\" sizes=\"auto, (max-width: 1280px) 100vw, 1280px\" \/><\/a><p id=\"caption-attachment-193749\" class=\"wp-caption-text\">Hospital S\u00e3o Vicente foi assunto de reuni\u00e3o no Minist\u00e9rio da Sa\u00fade<\/p><\/div>\n<p>Segundo o gestor, na conversa com o ministro Ricardo Barros, tamb\u00e9m foi abordada a libera\u00e7\u00e3o de <strong>recursos para as redes de urg\u00eancia e emerg\u00eancia e servi\u00e7os de oncologia<\/strong> devidos ao munic\u00edpio, que <strong>atende a toda a regi\u00e3o<\/strong>.<\/p>\n<p>O prefeito tamb\u00e9m se reuniu com o secret\u00e1rio-executivo do Minist\u00e9rio de Ci\u00eancia e Tecnologia, Elton Santa F\u00e9, em busca de <strong>recursos para programas de inova\u00e7\u00e3o e apoio ao projeto do Parque Tecnol\u00f3gico de Jundia\u00ed<\/strong>, que, atualmente, se encontra em fase de <strong>replanejamento<\/strong>.<\/p>\n<p>Com o secret\u00e1rio nacional de Saneamento, Alceu Segamarchi, as autoridades jundiaienses pleitearam <strong>recursos para obras de amplia\u00e7\u00e3o e adequa\u00e7\u00e3o do Sistema de Esgotamento Sanit\u00e1rio (SES) nos bairros Varj\u00e3o, do Poste, Travi\u00fa, S\u00e3o Jos\u00e9 e Castanho<\/strong>, no \u00e2mbito do Programa Saneamento B\u00e1sico, A\u00e7\u00e3o Esgotamento Sanit\u00e1rio.<\/p>\n<p>A agenda do prefeito em Bras\u00edlia contou, ainda, com uma reuni\u00e3o com o ministro das Cidades, Bruno Ara\u00fajo, para tratar do <strong>desenvolvimento do programa Minha Casa Minha Vida (MCVC)<\/strong> em Jundia\u00ed. De acordo com Parimoschi, o tema central da reuni\u00e3o foi a<strong> constru\u00e7\u00e3o de habita\u00e7\u00f5es de interesse social em Jundia\u00ed para fam\u00edlias com renda entre meio sal\u00e1rio m\u00ednimo e um sal\u00e1rio m\u00ednimo em meio<\/strong>, dentro do MCMV, que ser\u00e1 relan\u00e7ado nos pr\u00f3ximos dias.<\/p>\n<p><strong><em>Assessoria de Imprensa<br \/>\nFoto: Divulga\u00e7\u00e3o<\/em><\/strong><\/p>\n","protected":false},"excerpt":{"rendered":"<p>Pautas de encontros foram assuntos ligados \u00e0s \u00e1reas de Sa\u00fade, Tecnologia, Habita\u00e7\u00e3o e Saneamento<\/p>\n","protected":false},"author":14,"featured_media":193748,"comment_status":"closed","ping_status":"closed","sticky":false,"template":"","format":"standard","meta":{"footnotes":""},"categories":[2],"tags":[321,572,58,981],"ods":[],"class_list":["post-193747","post","type-post","status-publish","format-standard","has-post-thumbnail","hentry","category-noticias","tag-hospital-de-caridade-sao-vicente-de-paulo","tag-parque-tecnologico","tag-prefeito","tag-promocao-da-saude"],"_links":{"self":[{"href":"https:\/\/jundiai.sp.gov.br\/noticias\/wp-json\/wp\/v2\/posts\/193747","targetHints":{"allow":["GET"]}}],"collection":[{"href":"https:\/\/jundiai.sp.gov.br\/noticias\/wp-json\/wp\/v2\/posts"}],"about":[{"href":"https:\/\/jundiai.sp.gov.br\/noticias\/wp-json\/wp\/v2\/types\/post"}],"author":[{"embeddable":true,"href":"https:\/\/jundiai.sp.gov.br\/noticias\/wp-json\/wp\/v2\/users\/14"}],"replies":[{"embeddable":true,"href":"https:\/\/jundiai.sp.gov.br\/noticias\/wp-json\/wp\/v2\/comments?post=193747"}],"version-history":[{"count":8,"href":"https:\/\/jundiai.sp.gov.br\/noticias\/wp-json\/wp\/v2\/posts\/193747\/revisions"}],"predecessor-version":[{"id":193761,"href":"https:\/\/jundiai.sp.gov.br\/noticias\/wp-json\/wp\/v2\/posts\/193747\/revisions\/193761"}],"wp:featuredmedia":[{"embeddable":true,"href":"https:\/\/jundiai.sp.gov.br\/noticias\/wp-json\/wp\/v2\/media\/193748"}],"wp:attachment":[{"href":"https:\/\/jundiai.sp.gov.br\/noticias\/wp-json\/wp\/v2\/media?parent=193747"}],"wp:term":[{"taxonomy":"category","embeddable":true,"href":"https:\/\/jundiai.sp.gov.br\/noticias\/wp-json\/wp\/v2\/categories?post=193747"},{"taxonomy":"post_tag","embeddable":true,"href":"https:\/\/jundiai.sp.gov.br\/noticias\/wp-json\/wp\/v2\/tags?post=193747"},{"taxonomy":"ods","embeddable":true,"href":"https:\/\/jundiai.sp.gov.br\/noticias\/wp-json\/wp\/v2\/ods?post=193747"}],"curies":[{"name":"wp","href":"https:\/\/api.w.org\/{rel}","templated":true}]}}