{"id":193914,"date":"2017-03-11T17:27:47","date_gmt":"2017-03-11T20:27:47","guid":{"rendered":"https:\/\/jundiai.sp.gov.br\/noticias\/?p=193914"},"modified":"2017-03-23T15:47:24","modified_gmt":"2017-03-23T18:47:24","slug":"populacao-aprova-entrega-descentralizada-dos-uniformes","status":"publish","type":"post","link":"https:\/\/jundiai.sp.gov.br\/noticias\/2017\/03\/11\/populacao-aprova-entrega-descentralizada-dos-uniformes\/","title":{"rendered":"Popula\u00e7\u00e3o aprova entrega descentralizada dos uniformes"},"content":{"rendered":"<p><iframe loading=\"lazy\" class=\"alignleft\" src=\"https:\/\/www.youtube.com\/embed\/ODBcHPInWDc\" width=\"400\" height=\"315\" frameborder=\"0\" allowfullscreen=\"allowfullscreen\"><\/iframe><strong>Desde as 8h da manh\u00e3 deste s\u00e1bado (11), a Unidade de Educa\u00e7\u00e3o realiza a entrega do kit de ver\u00e3o dos uniformes escolares para todos os alunos da rede p\u00fablica municipal. A estrat\u00e9gia de descentralizar o procedimento deu certo e a retirada vem sendo realizada de forma tranquila durante todo o dia. \u201cFoi tudo muito r\u00e1pido. N\u00e3o demorei nem cinco minutos para entrar e receber o kit. A organiza\u00e7\u00e3o est\u00e1 de parab\u00e9ns\u201d, elogiou a promotora de vendas Tatiane Machado, que tem um filho no sistema municipal de ensino.<\/strong><\/p>\n<p>Quem tamb\u00e9m saiu muito satisfeito foi o eletricista Mario Rodrigues Ramos Junior, que foi ao Centro Esportivo Aramis Polli logo no in\u00edcio da manh\u00e3 retirar o kit para o seu filho. \u201cMesmo chegando cedo <strong>n\u00e3o enfrentei fila. Passei rapidamente pela triagem e j\u00e1 estou voltando para casa<\/strong>\u201d, afirmou. Os kits s\u00e3o entregues em <strong>cinco pontos da cidade<\/strong>, sendo que o local onde os pais devem comparecer foram definidos de acordo com a <strong>regi\u00e3o onde os filhos estudam<\/strong>.<\/p>\n<p>Al\u00e9m da <strong>agilidade na entrega<\/strong>, os pais se mostraram satisfeitos tamb\u00e9m com o fato de os uniformes terem sido <strong>entregues logo no in\u00edcio do ano letivo, dentro do prazo que havia sido anunciado pela Prefeitura<\/strong>. \u201c\u00c9 \u00f3timo receber pouco tempo depois que o ano letivo come\u00e7ou. Crian\u00e7a suja muita roupa e <strong>n\u00e3o d\u00e1 para ficar sem uniforme<\/strong>\u201d, comentou a cuidadora Juana Opazo.<\/p>\n<p><strong>LEIA TAMB\u00c9M<\/strong><br \/>\n<a href=\"https:\/\/jundiai.sp.gov.br\/noticias\/2017\/03\/10\/inscricao-para-creches-comeca-nesta-quarta-feira-15\/\">Inscri\u00e7\u00e3o para creches come\u00e7a nesta quarta-feira (15)<\/a><\/p>\n<div id=\"attachment_193917\" style=\"width: 1290px\" class=\"wp-caption aligncenter\"><a href=\"https:\/\/jundiai.sp.gov.br\/noticias\/wp-content\/uploads\/sites\/32\/2017\/03\/Luiz-entrega-Mario-1-1.jpg\"><img loading=\"lazy\" decoding=\"async\" aria-describedby=\"caption-attachment-193917\" class=\"size-full wp-image-193917\" src=\"https:\/\/jundiai.sp.gov.br\/noticias\/wp-content\/uploads\/sites\/32\/2017\/03\/Luiz-entrega-Mario-1-1.jpg\" alt=\"\" width=\"1280\" height=\"853\" srcset=\"https:\/\/jundiai.sp.gov.br\/noticias\/wp-content\/uploads\/sites\/32\/2017\/03\/Luiz-entrega-Mario-1-1.jpg 1280w, https:\/\/jundiai.sp.gov.br\/noticias\/wp-content\/uploads\/sites\/32\/2017\/03\/Luiz-entrega-Mario-1-1-300x200.jpg 300w, https:\/\/jundiai.sp.gov.br\/noticias\/wp-content\/uploads\/sites\/32\/2017\/03\/Luiz-entrega-Mario-1-1-768x512.jpg 768w, https:\/\/jundiai.sp.gov.br\/noticias\/wp-content\/uploads\/sites\/32\/2017\/03\/Luiz-entrega-Mario-1-1-720x480.jpg 720w\" sizes=\"auto, (max-width: 1280px) 100vw, 1280px\" \/><\/a><p id=\"caption-attachment-193917\" class=\"wp-caption-text\">Prefeito acompanhou a entrega dos uniformes em diferentes bairros<\/p><\/div>\n<p>Durante toda a manh\u00e3, o prefeito Luiz Fernando Machado passou por quatro dos cinco pontos de entrega para acompanhar de perto os trabalhos. O chefe do Executivo disse ter ficado <strong>satisfeito com o resultado<\/strong>. \u201cConversei com dezenas de pais e <strong>todos elogiaram a efici\u00eancia da entrega<\/strong>. Gostaria de elogiar e agradecer os <strong>volunt\u00e1rios <\/strong>que se dispuseram a nos ajudar neste dia t\u00e3o importante para a educa\u00e7\u00e3o\u201d, disse. Cerca de <strong>440 pessoas participaram da entrega de forma volunt\u00e1ria, inclusive 60 soldados do 12\u00ba GAC de Jundia\u00ed<\/strong>.<\/p>\n<div id=\"attachment_193919\" style=\"width: 410px\" class=\"wp-caption alignright\"><a href=\"https:\/\/jundiai.sp.gov.br\/noticias\/wp-content\/uploads\/sites\/32\/2017\/03\/Tatiane-Machado-1.jpg\"><img loading=\"lazy\" decoding=\"async\" aria-describedby=\"caption-attachment-193919\" class=\"size-full wp-image-193919\" src=\"https:\/\/jundiai.sp.gov.br\/noticias\/wp-content\/uploads\/sites\/32\/2017\/03\/Tatiane-Machado-1.jpg\" alt=\"\" width=\"400\" height=\"350\" \/><\/a><p id=\"caption-attachment-193919\" class=\"wp-caption-text\">Tatiane \u00e9 m\u00e3e de aluno do sistema municipal e elogiou o novo formato<\/p><\/div>\n<p>Luiz Fernando destacou, ainda, a <strong>import\u00e2ncia de despolitizar a quest\u00e3o<\/strong>. \u201cDecidimos <strong>descentralizar<\/strong> o processo n\u00e3o s\u00f3 para <strong>facilitar para os pais<\/strong>, mas tamb\u00e9m para <strong>n\u00e3o dar a impress\u00e3o de que organizamos um evento pol\u00edtico para entregar os uniformes, que t\u00eam apenas o logo e o nome da Prefeitura de Jundia\u00ed, sem nenhum slogan<\/strong>\u201d, pontuou.<\/p>\n<p>A expectativa da Unidade \u00e9 entregar os<strong> cerca de 27 mil kits de uniformes de ver\u00e3o<\/strong> para os alunos da educa\u00e7\u00e3o infantil e do ensino fundamental. <strong>Os uniformes para serem utilizados no inverno ser\u00e3o entregues no meio do ano. \u201cDividimos em duas etapas para n\u00e3o atrasar a entrega, uma vez que o n\u00famero \u00e9 grande\u201d<\/strong>, explicou o gestor de Educa\u00e7\u00e3o, Oswaldo Fernandes.<\/p>\n<p>O esquema montado para entrega dos uniformes contou, ainda, com o <strong>apoio de funcion\u00e1rios da Unidade de Mobilidade e Transporte<\/strong>, que ajudaram na organiza\u00e7\u00e3o do tr\u00e2nsito para evitar problemas de acesso aos locais.<\/p>\n<p><strong><em>Assessoria de Imprensa<br \/>\nFotos: Fot\u00f3grafos PMJ<\/em><\/strong><\/p>\n","protected":false},"excerpt":{"rendered":"<p>Fam\u00edlias que n\u00e3o conseguiram retirar ou que precisem efetuar trocas devem conferir as datas no Complexo Argos<\/p>\n","protected":false},"author":14,"featured_media":193916,"comment_status":"closed","ping_status":"closed","sticky":false,"template":"","format":"standard","meta":{"footnotes":""},"categories":[2],"tags":[140,411,419,6,982,58,966],"ods":[],"class_list":["post-193914","post","type-post","status-publish","format-standard","has-post-thumbnail","hentry","category-noticias","tag-12o-grupo-de-artilharia-de-campanha-gac","tag-centro-esportivo","tag-complexo-argos","tag-educacao","tag-mobilidade-e-transporte","tag-prefeito","tag-uniforme-escolar"],"_links":{"self":[{"href":"https:\/\/jundiai.sp.gov.br\/noticias\/wp-json\/wp\/v2\/posts\/193914","targetHints":{"allow":["GET"]}}],"collection":[{"href":"https:\/\/jundiai.sp.gov.br\/noticias\/wp-json\/wp\/v2\/posts"}],"about":[{"href":"https:\/\/jundiai.sp.gov.br\/noticias\/wp-json\/wp\/v2\/types\/post"}],"author":[{"embeddable":true,"href":"https:\/\/jundiai.sp.gov.br\/noticias\/wp-json\/wp\/v2\/users\/14"}],"replies":[{"embeddable":true,"href":"https:\/\/jundiai.sp.gov.br\/noticias\/wp-json\/wp\/v2\/comments?post=193914"}],"version-history":[{"count":10,"href":"https:\/\/jundiai.sp.gov.br\/noticias\/wp-json\/wp\/v2\/posts\/193914\/revisions"}],"predecessor-version":[{"id":194132,"href":"https:\/\/jundiai.sp.gov.br\/noticias\/wp-json\/wp\/v2\/posts\/193914\/revisions\/194132"}],"wp:featuredmedia":[{"embeddable":true,"href":"https:\/\/jundiai.sp.gov.br\/noticias\/wp-json\/wp\/v2\/media\/193916"}],"wp:attachment":[{"href":"https:\/\/jundiai.sp.gov.br\/noticias\/wp-json\/wp\/v2\/media?parent=193914"}],"wp:term":[{"taxonomy":"category","embeddable":true,"href":"https:\/\/jundiai.sp.gov.br\/noticias\/wp-json\/wp\/v2\/categories?post=193914"},{"taxonomy":"post_tag","embeddable":true,"href":"https:\/\/jundiai.sp.gov.br\/noticias\/wp-json\/wp\/v2\/tags?post=193914"},{"taxonomy":"ods","embeddable":true,"href":"https:\/\/jundiai.sp.gov.br\/noticias\/wp-json\/wp\/v2\/ods?post=193914"}],"curies":[{"name":"wp","href":"https:\/\/api.w.org\/{rel}","templated":true}]}}