{"id":193957,"date":"2017-03-13T17:23:39","date_gmt":"2017-03-13T20:23:39","guid":{"rendered":"https:\/\/jundiai.sp.gov.br\/noticias\/?p=193957"},"modified":"2017-03-14T09:19:36","modified_gmt":"2017-03-14T12:19:36","slug":"defesa-civil-descarta-mais-de-200-quilos-de-material-inservivel","status":"publish","type":"post","link":"https:\/\/jundiai.sp.gov.br\/noticias\/2017\/03\/13\/defesa-civil-descarta-mais-de-200-quilos-de-material-inservivel\/","title":{"rendered":"Defesa Civil descarta mais de 200 quilos de material inserv\u00edvel"},"content":{"rendered":"<div id=\"attachment_193960\" style=\"width: 410px\" class=\"wp-caption alignright\"><a href=\"https:\/\/jundiai.sp.gov.br\/noticias\/wp-content\/uploads\/sites\/32\/2017\/03\/Defesa-Civil-descarta-mais-de-200-quilos-de-material-inserv\u00edvel1.jpg\"><img loading=\"lazy\" decoding=\"async\" aria-describedby=\"caption-attachment-193960\" class=\"size-full wp-image-193960\" src=\"https:\/\/jundiai.sp.gov.br\/noticias\/wp-content\/uploads\/sites\/32\/2017\/03\/Defesa-Civil-descarta-mais-de-200-quilos-de-material-inserv\u00edvel1.jpg\" alt=\"\" width=\"400\" height=\"350\" \/><\/a><p id=\"caption-attachment-193960\" class=\"wp-caption-text\">Mais de 200 quilos de material inserv\u00edvel foram descartados e triturados<\/p><\/div>\n<p><strong>A Defesa Civil de Jundia\u00ed descartou e triturou mais de 200 quilos de material inserv\u00edvel que era mantido no setor, desde os \u00faltimos anos.<\/strong><\/p>\n<p>O descarte \u00e9 resultado da<a href=\"https:\/\/jundiai.sp.gov.br\/noticias\/2017\/03\/03\/servidores-da-defesa-civil-aderem-ao-programa-5s\/\"> implementa\u00e7\u00e3o do Programa 5S, iniciado na sexta-feira (3)<\/a> e que tem como objetivos gerais a <strong>melhoria da qualidade de vida e da produtividade, preven\u00e7\u00e3o de acidentes, redu\u00e7\u00e3o de custos e at\u00e9 mesmo a melhoria do moral das pessoas<\/strong>.<\/p>\n<p>De acordo com o coordenador do \u00f3rg\u00e3o, o coronel Mauro Minoro, esse programa, de autoria do engenheiro Kaoru Ishikawa, se consagrou dentre as empresas japonesas, na d\u00e9cada de 50 e, at\u00e9 hoje, \u00e9 seguido pelo mundo todo e de diversas formas.<\/p>\n<div id=\"attachment_193962\" style=\"width: 260px\" class=\"wp-caption alignleft\"><a href=\"https:\/\/jundiai.sp.gov.br\/noticias\/wp-content\/uploads\/sites\/32\/2017\/03\/Defesa-Civil-descarta-mais-de-200-quilos-de-material-inserv\u00edvel2.jpg\"><img loading=\"lazy\" decoding=\"async\" aria-describedby=\"caption-attachment-193962\" class=\"size-full wp-image-193962\" src=\"https:\/\/jundiai.sp.gov.br\/noticias\/wp-content\/uploads\/sites\/32\/2017\/03\/Defesa-Civil-descarta-mais-de-200-quilos-de-material-inserv\u00edvel2.jpg\" alt=\"\" width=\"250\" height=\"300\" \/><\/a><p id=\"caption-attachment-193962\" class=\"wp-caption-text\">Agora, pr\u00f3ximo aos servidores, somente material de uso frequente<\/p><\/div>\n<p>\u201cSeja uma empresa, seja um de seus setores, seja nossa casa ou nossa escola, em qualquer lugar \u00e9 poss\u00edvel implementar o programa. Os resultados s\u00e3o impressionantes e aqui <strong>na Defesa Civil j\u00e1 estamos usufruindo de um melhor ambiente f\u00edsico para o nosso trabalho<\/strong>\u201d, disse Minoro.<\/p>\n<p><strong>Os cinco Ss<\/strong><br \/>\nPela coincid\u00eancia de todos os sensos utilizados no programa se iniciarem com a letra S, o engenheiro Ishikawa escolheu o nome 5S. O primeiro S \u00e9 da palavra japonesa Seiri, e se refere ao senso de <strong>utilidade<\/strong>, ou seja, separar as coisas \u00fateis das in\u00fateis. O segundo, vem de Seiton, ou <strong>ordena\u00e7\u00e3o<\/strong>, na l\u00edngua portuguesa, e preconiza que cada coisa deve ser mantida em seu lugar correto. Seiso \u00e9 o senso de<strong> limpeza<\/strong> e Seiketsu, o de<strong> sa\u00fade<\/strong>. O quinto S, Shitsuke, se refere ao senso de <strong>autodisciplina<\/strong>, visando que as pessoas ajam de acordo com determinados padr\u00f5es ou princ\u00edpios relacionados ao bom trabalho.<\/p>\n<p><strong><em>Assessoria de Imprensa<br \/>\nFotos: Divulga\u00e7\u00e3o<\/em><\/strong><\/p>\n","protected":false},"excerpt":{"rendered":"<p>A Defesa Civil de Jundia\u00ed descartou e triturou mais de 200 quilos de material inserv\u00edvel que era mantido no setor, desde os \u00faltimos anos. O descarte \u00e9 resultado da implementa\u00e7\u00e3o do Programa 5S, iniciado na sexta-feira (3) e que tem como objetivos gerais a melhoria da qualidade de vida e da produtividade, preven\u00e7\u00e3o de acidentes, [&hellip;]<\/p>\n","protected":false},"author":14,"featured_media":0,"comment_status":"closed","ping_status":"closed","sticky":false,"template":"","format":"standard","meta":{"footnotes":""},"categories":[2],"tags":[34],"ods":[],"class_list":["post-193957","post","type-post","status-publish","format-standard","hentry","category-noticias","tag-defesa-civil"],"_links":{"self":[{"href":"https:\/\/jundiai.sp.gov.br\/noticias\/wp-json\/wp\/v2\/posts\/193957","targetHints":{"allow":["GET"]}}],"collection":[{"href":"https:\/\/jundiai.sp.gov.br\/noticias\/wp-json\/wp\/v2\/posts"}],"about":[{"href":"https:\/\/jundiai.sp.gov.br\/noticias\/wp-json\/wp\/v2\/types\/post"}],"author":[{"embeddable":true,"href":"https:\/\/jundiai.sp.gov.br\/noticias\/wp-json\/wp\/v2\/users\/14"}],"replies":[{"embeddable":true,"href":"https:\/\/jundiai.sp.gov.br\/noticias\/wp-json\/wp\/v2\/comments?post=193957"}],"version-history":[{"count":8,"href":"https:\/\/jundiai.sp.gov.br\/noticias\/wp-json\/wp\/v2\/posts\/193957\/revisions"}],"predecessor-version":[{"id":193980,"href":"https:\/\/jundiai.sp.gov.br\/noticias\/wp-json\/wp\/v2\/posts\/193957\/revisions\/193980"}],"wp:attachment":[{"href":"https:\/\/jundiai.sp.gov.br\/noticias\/wp-json\/wp\/v2\/media?parent=193957"}],"wp:term":[{"taxonomy":"category","embeddable":true,"href":"https:\/\/jundiai.sp.gov.br\/noticias\/wp-json\/wp\/v2\/categories?post=193957"},{"taxonomy":"post_tag","embeddable":true,"href":"https:\/\/jundiai.sp.gov.br\/noticias\/wp-json\/wp\/v2\/tags?post=193957"},{"taxonomy":"ods","embeddable":true,"href":"https:\/\/jundiai.sp.gov.br\/noticias\/wp-json\/wp\/v2\/ods?post=193957"}],"curies":[{"name":"wp","href":"https:\/\/api.w.org\/{rel}","templated":true}]}}