{"id":193989,"date":"2017-03-14T11:41:07","date_gmt":"2017-03-14T14:41:07","guid":{"rendered":"https:\/\/jundiai.sp.gov.br\/noticias\/?p=193989"},"modified":"2017-03-23T15:38:48","modified_gmt":"2017-03-23T18:38:48","slug":"sao-vicente-conta-com-novo-local-para-coleta-de-exames-da-oncologia","status":"publish","type":"post","link":"https:\/\/jundiai.sp.gov.br\/noticias\/2017\/03\/14\/sao-vicente-conta-com-novo-local-para-coleta-de-exames-da-oncologia\/","title":{"rendered":"S\u00e3o Vicente conta com novo local para coleta de exames da Oncologia"},"content":{"rendered":"<p><strong>O <a href=\"http:\/\/www.hsvicente.org.br\/\" target=\"_blank\">Hospital de Caridade S\u00e3o Vicente de Paulo<\/a> conta, desde o in\u00edcio de mar\u00e7o, com novo local para coleta de exames da Oncologia. A mudan\u00e7a teve como objetivo adequar o ambiente para os pacientes, al\u00e9m de humanizar o atendimento prestado.<\/strong><\/p>\n<p><strong>LEIA TAMB\u00c9M<\/strong><br \/>\n<a href=\"https:\/\/jundiai.sp.gov.br\/noticias\/2017\/03\/14\/gestor-de-promocao-da-saude-visita-o-hospital-universitario\/\">Gestor de Promo\u00e7\u00e3o da Sa\u00fade visita o Hospital Universit\u00e1rio<\/a><br \/>\n<a href=\"https:\/\/jundiai.sp.gov.br\/noticias\/2017\/03\/10\/combate-a-dengue-tem-acoes-intensificadas-nos-bairros-da-cidade\/\">Combate \u00e0 dengue tem a\u00e7\u00f5es intensificadas nos bairros da cidade<\/a><br \/>\n<a href=\"https:\/\/jundiai.sp.gov.br\/noticias\/2017\/03\/13\/faculdade-de-medicina-jundiai-celebra-49-anos-e-inaugura-a-unidade-2\/\">Faculdade de Medicina Jundia\u00ed celebra 49 anos e inaugura a Unidade 2<\/a><\/p>\n<div id=\"attachment_193990\" style=\"width: 410px\" class=\"wp-caption alignleft\"><a href=\"https:\/\/jundiai.sp.gov.br\/noticias\/wp-content\/uploads\/sites\/32\/2017\/03\/sao_vicente_oncologia.jpg\"><img loading=\"lazy\" decoding=\"async\" aria-describedby=\"caption-attachment-193990\" class=\"size-full wp-image-193990\" src=\"https:\/\/jundiai.sp.gov.br\/noticias\/wp-content\/uploads\/sites\/32\/2017\/03\/sao_vicente_oncologia.jpg\" alt=\"\" width=\"400\" height=\"350\" \/><\/a><p id=\"caption-attachment-193990\" class=\"wp-caption-text\">Mudan\u00e7a teve como objetivo adequar ambiente para os pacientes, al\u00e9m de humanizar atendimento<\/p><\/div>\n<p>\u201cAntes os exames eram realizados no Pronto Atendimento Central, junto aos atendimentos espont\u00e2neos, de porta, o que causava <strong>desconforto no ambiente<\/strong>. Agora, o hospital oferece um <strong>local com funcion\u00e1rio exclusivo para realiza\u00e7\u00e3o desses exames, com ambiente e hor\u00e1rio ampliados<\/strong>. O paciente oncol\u00f3gico necessita de um tratamento mais delicado, em um <strong>local acolhedor<\/strong>, e por isso trouxemos este servi\u00e7o para dentro da institui\u00e7\u00e3o\u201c, explica a Gerente de Enfermagem,\u00a0Grace Daiane Silva de Campos.<\/p>\n<p><strong>Os exames de sangue e urina s\u00e3o realizados ao lado do laborat\u00f3rio, na antiga sala do setor da higiene, das 6h \u00e0s 9h.<\/strong><\/p>\n<p><strong><em>Assessoria de Imprensa HSV<br \/>\nFoto: Divulga\u00e7\u00e3o<\/em><\/strong><\/p>\n","protected":false},"excerpt":{"rendered":"<p>O Hospital de Caridade S\u00e3o Vicente de Paulo conta, desde o in\u00edcio de mar\u00e7o, com novo local para coleta de exames da Oncologia. A mudan\u00e7a teve como objetivo adequar o ambiente para os pacientes, al\u00e9m de humanizar o atendimento prestado. LEIA TAMB\u00c9M Gestor de Promo\u00e7\u00e3o da Sa\u00fade visita o Hospital Universit\u00e1rio Combate \u00e0 dengue tem [&hellip;]<\/p>\n","protected":false},"author":14,"featured_media":0,"comment_status":"closed","ping_status":"closed","sticky":false,"template":"","format":"standard","meta":{"footnotes":""},"categories":[2],"tags":[321,981],"ods":[],"class_list":["post-193989","post","type-post","status-publish","format-standard","hentry","category-noticias","tag-hospital-de-caridade-sao-vicente-de-paulo","tag-promocao-da-saude"],"_links":{"self":[{"href":"https:\/\/jundiai.sp.gov.br\/noticias\/wp-json\/wp\/v2\/posts\/193989","targetHints":{"allow":["GET"]}}],"collection":[{"href":"https:\/\/jundiai.sp.gov.br\/noticias\/wp-json\/wp\/v2\/posts"}],"about":[{"href":"https:\/\/jundiai.sp.gov.br\/noticias\/wp-json\/wp\/v2\/types\/post"}],"author":[{"embeddable":true,"href":"https:\/\/jundiai.sp.gov.br\/noticias\/wp-json\/wp\/v2\/users\/14"}],"replies":[{"embeddable":true,"href":"https:\/\/jundiai.sp.gov.br\/noticias\/wp-json\/wp\/v2\/comments?post=193989"}],"version-history":[{"count":4,"href":"https:\/\/jundiai.sp.gov.br\/noticias\/wp-json\/wp\/v2\/posts\/193989\/revisions"}],"predecessor-version":[{"id":194027,"href":"https:\/\/jundiai.sp.gov.br\/noticias\/wp-json\/wp\/v2\/posts\/193989\/revisions\/194027"}],"wp:attachment":[{"href":"https:\/\/jundiai.sp.gov.br\/noticias\/wp-json\/wp\/v2\/media?parent=193989"}],"wp:term":[{"taxonomy":"category","embeddable":true,"href":"https:\/\/jundiai.sp.gov.br\/noticias\/wp-json\/wp\/v2\/categories?post=193989"},{"taxonomy":"post_tag","embeddable":true,"href":"https:\/\/jundiai.sp.gov.br\/noticias\/wp-json\/wp\/v2\/tags?post=193989"},{"taxonomy":"ods","embeddable":true,"href":"https:\/\/jundiai.sp.gov.br\/noticias\/wp-json\/wp\/v2\/ods?post=193989"}],"curies":[{"name":"wp","href":"https:\/\/api.w.org\/{rel}","templated":true}]}}