{"id":194295,"date":"2017-03-21T12:40:25","date_gmt":"2017-03-21T15:40:25","guid":{"rendered":"https:\/\/jundiai.sp.gov.br\/noticias\/?p=194295"},"modified":"2017-03-24T14:05:10","modified_gmt":"2017-03-24T17:05:10","slug":"nascentes-sao-tema-da-semana-da-agua-da-dae-jundiai","status":"publish","type":"post","link":"https:\/\/jundiai.sp.gov.br\/noticias\/2017\/03\/21\/nascentes-sao-tema-da-semana-da-agua-da-dae-jundiai\/","title":{"rendered":"Nascentes s\u00e3o tema da programa\u00e7\u00e3o da Semana da \u00c1gua da DAE"},"content":{"rendered":"<p><strong>Em comemora\u00e7\u00e3o ao Dia Mundial da \u00c1gua, nesta quarta-feira (22), a <a href=\"https:\/\/www.daejundiai.com.br\/\" target=\"_blank\">DAE Jundia\u00ed<\/a> organizou uma programa\u00e7\u00e3o com foco na recupera\u00e7\u00e3o de nascentes do munic\u00edpio. Jundia\u00ed abriga, hoje, cerca de 1700 nascentes, por toda a cidade, que s\u00e3o respons\u00e1veis por abastecer nossas principais bacias: Jundia\u00ed-Mirim, Capivari, Guapeva, Estiva, Cachoeira e Jundiuvira. As comemora\u00e7\u00f5es ser\u00e3o na quarta (22) e no s\u00e1bado (25).<\/strong><\/p>\n<p>Na <strong>quarta (22)<\/strong>, ser\u00e1 realizada a <strong>revitaliza\u00e7\u00e3o da Nascente do Morada<\/strong>, em parceria com os jovens frequentadores da Associa\u00e7\u00e3o Crist\u00e3 em Defesa da Cidadania (ACDC) e alunos da Emeb Adelino Brand\u00e3o, no bairro. A<strong> concentra\u00e7\u00e3o est\u00e1 marcada para as 8h, \u00e0s 9h30 haver\u00e1 uma apresenta\u00e7\u00e3o teatral e \u00e0s 10h30 ocorrer\u00e1 o plantio de \u00e1rvores<\/strong>.<\/p>\n<p><strong>LEIA TAMB\u00c9M<\/strong><br \/>\n<a href=\"https:\/\/jundiai.sp.gov.br\/noticias\/2017\/03\/21\/outorga-garante-abastecimento-de-agua-por-mais-dez-anos\/\">Outorga garante abastecimento de \u00e1gua por mais dez anos<\/a><\/p>\n<div id=\"attachment_194297\" style=\"width: 1250px\" class=\"wp-caption aligncenter\"><a href=\"https:\/\/jundiai.sp.gov.br\/noticias\/wp-content\/uploads\/sites\/32\/2017\/03\/programa-nascentes-26g.jpg\"><img loading=\"lazy\" decoding=\"async\" aria-describedby=\"caption-attachment-194297\" class=\"size-full wp-image-194297\" src=\"https:\/\/jundiai.sp.gov.br\/noticias\/wp-content\/uploads\/sites\/32\/2017\/03\/programa-nascentes-26g.jpg\" alt=\"\" width=\"1240\" height=\"907\" srcset=\"https:\/\/jundiai.sp.gov.br\/noticias\/wp-content\/uploads\/sites\/32\/2017\/03\/programa-nascentes-26g.jpg 1240w, https:\/\/jundiai.sp.gov.br\/noticias\/wp-content\/uploads\/sites\/32\/2017\/03\/programa-nascentes-26g-300x219.jpg 300w, https:\/\/jundiai.sp.gov.br\/noticias\/wp-content\/uploads\/sites\/32\/2017\/03\/programa-nascentes-26g-768x562.jpg 768w, https:\/\/jundiai.sp.gov.br\/noticias\/wp-content\/uploads\/sites\/32\/2017\/03\/programa-nascentes-26g-720x527.jpg 720w\" sizes=\"auto, (max-width: 1240px) 100vw, 1240px\" \/><\/a><p id=\"caption-attachment-194297\" class=\"wp-caption-text\">Limpeza e recupera\u00e7\u00e3o de nascentes s\u00e3o a\u00e7\u00f5es\u00a0di\u00e1rias na DAE<\/p><\/div>\n<p>No <strong>s\u00e1bado (25)<\/strong>, dois eventos est\u00e3o agendados: no <a href=\"http:\/\/parquedacidade.jundiai.sp.gov.br\/\" target=\"_blank\">Parque da Cidade<\/a> e na <strong>Fazenda Nossa Senhora da Concei\u00e7\u00e3o<\/strong>. No parque, 200 escoteiros entram em a\u00e7\u00e3o para revitalizar a <strong>Nascente do Savieto, na Estrada do Pinheirinho<\/strong>. O dia come\u00e7a com um caf\u00e9 da manh\u00e3 no audit\u00f3rio, seguido pela apresenta\u00e7\u00e3o musical \u201cCrian\u00e7as e seus violinos\u201d e uma palestra sobre o Programa Nascentes. A <strong>chegada \u00e0\u00a0nascente, a p\u00e9, est\u00e1 prevista para as 9h<\/strong>, quando haver\u00e1 o <strong>plantio de \u00e1rvores<\/strong>.<\/p>\n<p>Segundo o coordenador da Semana, J\u00falio Lamarca, o objetivo \u00e9<strong> envolver a comunidade e alertar para a necessidade de conserva\u00e7\u00e3o das nascentes<\/strong>. \u201cLimpar e recuperar nascentes \u00e9 uma<strong> a\u00e7\u00e3o di\u00e1ria na DAE<\/strong> e queremos mostrar a import\u00e2ncia disso para a popula\u00e7\u00e3o\u201d, conta.<\/p>\n<p>J\u00e1 na Fazenda, a atividade \u00e9 coordenada pela<strong> ONG The Nature Conservancy (TNC), em parceria com a DAE e a Unidade de Gest\u00e3o de Agroneg\u00f3cio, Abastecimento e Turismo da Prefeitura<\/strong>, e re\u00fane os participantes do<strong> projeto \u201cCoalis\u00e3o Cidades pela \u00c1gua\u201d<\/strong>. Com a ajuda de volunt\u00e1rios, a a\u00e7\u00e3o come\u00e7a <strong>\u00e0s 9h15<\/strong>, com previs\u00e3o de encerramento <strong>\u00e0s 11h30<\/strong>. \u201cA proposta \u00e9 mostrarmos a import\u00e2ncia da revitaliza\u00e7\u00e3o das nascentes para a conserva\u00e7\u00e3o e produ\u00e7\u00e3o h\u00eddrica\u201d, explica o diretor de mananciais da DAE, Martim Ribeiro.<\/p>\n<p><strong>Servi\u00e7o<\/strong><br \/>\nA <strong>Nascente do Morada fica na Avenida Uva Ni\u00e1gara, s\/n\u00ba<\/strong> (ponto de refer\u00eancia: em frente \u00e0 UBS Morada das Vinhas). J\u00e1 a <strong>Nascente do Savieto est\u00e1 localizada na Estrada do Pinheirinho, s\/n\u00ba<\/strong>. O endere\u00e7o da Fazenda Nossa Senhora da Concei\u00e7\u00e3o \u00e9 Rodovia Engenheiro Const\u00e2ncio Cintra (SP-360\/Jundia\u00ed-Itatiba), km 72,5, sentido Itatiba.<\/p>\n<p><strong>Sobre a DAE<\/strong><br \/>\nA <strong>DAE Jundia\u00ed \u00e9 uma S.A e uma empresa de economia mista<\/strong>, tendo a Prefeitura de Jundia\u00ed como sua principal acionista, respons\u00e1vel pelo saneamento b\u00e1sico do munic\u00edpio. Atende toda a \u00e1rea urbana e grande parte da \u00e1rea rural da cidade com fornecimento de \u00e1gua tratada, coleta e tratamento de esgoto (concess\u00e3o \u00e0 Companhia de Saneamento de Jundia\u00ed \u2013 CSJ).<\/p>\n<p>Atualmente, o <strong>munic\u00edpio \u00e9 um modelo bem-sucedido no saneamento p\u00fablico com abastecimento de qualidade e tratamento de 100% do esgoto coletado<\/strong>. Com vis\u00e3o estrat\u00e9gica e investimentos antecipados, Jundia\u00ed conta com a <strong>Represa de Acumula\u00e7\u00e3o com capacidade de armazenamento de 8,3 bilh\u00f5es de litros de \u00e1gua, protegida pelo <a href=\"http:\/\/parquedacidade.jundiai.sp.gov.br\/\" target=\"_blank\">Parque da Cidade<\/a><\/strong>.<\/p>\n<p>Para informa\u00e7\u00f5es sobre a DAE Jundia\u00ed, curta a <a href=\"https:\/\/www.facebook.com\/daejundiai\/?ref=ts&amp;fref=ts\" target=\"_blank\">Fan Page da DAE no Facebook<\/a>\u00a0e para solicita\u00e7\u00f5es e d\u00favidas sobre obras e manuten\u00e7\u00f5es na rede entre em contato pelo<strong> telefone 0800 133 155, das 6h \u00e0s 22h<\/strong>.<\/p>\n<p><strong><em>Assessoria de Imprensa<br \/>\nFoto: Arquivo PMJ<\/em><\/strong><\/p>\n","protected":false},"excerpt":{"rendered":"<p>Nesta quarta (22), ser\u00e1 revitalizada a Nascente do Morada e no s\u00e1bado (25) h\u00e1 eventos no Parque da Cidade e na Fazenda Nossa Senhora da Concei\u00e7\u00e3o<\/p>\n","protected":false},"author":14,"featured_media":194299,"comment_status":"closed","ping_status":"closed","sticky":false,"template":"","format":"standard","meta":{"footnotes":""},"categories":[2],"tags":[974,66,47,978],"ods":[],"class_list":["post-194295","post","type-post","status-publish","format-standard","has-post-thumbnail","hentry","category-noticias","tag-agronegocio-abastecimento-e-turismo","tag-dae","tag-parque-da-cidade","tag-semana-da-agua"],"_links":{"self":[{"href":"https:\/\/jundiai.sp.gov.br\/noticias\/wp-json\/wp\/v2\/posts\/194295","targetHints":{"allow":["GET"]}}],"collection":[{"href":"https:\/\/jundiai.sp.gov.br\/noticias\/wp-json\/wp\/v2\/posts"}],"about":[{"href":"https:\/\/jundiai.sp.gov.br\/noticias\/wp-json\/wp\/v2\/types\/post"}],"author":[{"embeddable":true,"href":"https:\/\/jundiai.sp.gov.br\/noticias\/wp-json\/wp\/v2\/users\/14"}],"replies":[{"embeddable":true,"href":"https:\/\/jundiai.sp.gov.br\/noticias\/wp-json\/wp\/v2\/comments?post=194295"}],"version-history":[{"count":9,"href":"https:\/\/jundiai.sp.gov.br\/noticias\/wp-json\/wp\/v2\/posts\/194295\/revisions"}],"predecessor-version":[{"id":194353,"href":"https:\/\/jundiai.sp.gov.br\/noticias\/wp-json\/wp\/v2\/posts\/194295\/revisions\/194353"}],"wp:featuredmedia":[{"embeddable":true,"href":"https:\/\/jundiai.sp.gov.br\/noticias\/wp-json\/wp\/v2\/media\/194299"}],"wp:attachment":[{"href":"https:\/\/jundiai.sp.gov.br\/noticias\/wp-json\/wp\/v2\/media?parent=194295"}],"wp:term":[{"taxonomy":"category","embeddable":true,"href":"https:\/\/jundiai.sp.gov.br\/noticias\/wp-json\/wp\/v2\/categories?post=194295"},{"taxonomy":"post_tag","embeddable":true,"href":"https:\/\/jundiai.sp.gov.br\/noticias\/wp-json\/wp\/v2\/tags?post=194295"},{"taxonomy":"ods","embeddable":true,"href":"https:\/\/jundiai.sp.gov.br\/noticias\/wp-json\/wp\/v2\/ods?post=194295"}],"curies":[{"name":"wp","href":"https:\/\/api.w.org\/{rel}","templated":true}]}}