{"id":194361,"date":"2017-03-22T16:40:27","date_gmt":"2017-03-22T19:40:27","guid":{"rendered":"https:\/\/jundiai.sp.gov.br\/noticias\/?p=194361"},"modified":"2017-03-23T17:54:37","modified_gmt":"2017-03-23T20:54:37","slug":"prefeitura-realiza-plenaria-municipal-de-saude-das-mulheres","status":"publish","type":"post","link":"https:\/\/jundiai.sp.gov.br\/noticias\/2017\/03\/22\/prefeitura-realiza-plenaria-municipal-de-saude-das-mulheres\/","title":{"rendered":"Prefeitura realiza Plen\u00e1ria Municipal de Sa\u00fade das Mulheres"},"content":{"rendered":"<div id=\"attachment_194363\" style=\"width: 410px\" class=\"wp-caption alignleft\"><a href=\"https:\/\/jundiai.sp.gov.br\/noticias\/wp-content\/uploads\/sites\/32\/2017\/03\/Plenarias-Saude-da-Mulher-5.jpg\"><img loading=\"lazy\" decoding=\"async\" aria-describedby=\"caption-attachment-194363\" class=\"size-full wp-image-194363\" src=\"https:\/\/jundiai.sp.gov.br\/noticias\/wp-content\/uploads\/sites\/32\/2017\/03\/Plenarias-Saude-da-Mulher-5.jpg\" alt=\"\" width=\"400\" height=\"350\" \/><\/a><p id=\"caption-attachment-194363\" class=\"wp-caption-text\">Plen\u00e1ria reuniu um bom p\u00fablico no Elis Regina<\/p><\/div>\n<p><strong>Com o tema \u201cSa\u00fade das Mulheres: Desafios para a Integralidade com Equidade\u201d, foi aberta na manh\u00e3 desta quarta-feira (22), no Audit\u00f3rio Elis Regina, no Complexo Argos, a Plen\u00e1ria Municipal de Sa\u00fade das Mulheres, organizada pela Unidade de Promo\u00e7\u00e3o da Sa\u00fade, por meio da Diretoria de A\u00e7\u00f5es da Sa\u00fade, com o objetivo de discutir propostas para as pol\u00edticas p\u00fablicas visando \u00e0\u00a0qualidade da sa\u00fade da mulher.<\/strong><\/p>\n<p>Para a abertura da Plen\u00e1ria, a mesa dos trabalhos foi composta pelo\u00a0gestor da Unidade de Promo\u00e7\u00e3o da Sa\u00fade,\u00a0Vagner Vilela, que na oportunidade representou o prefeito Luiz Fernando Machado;\u00a0coordenador executivo da unidade,\u00a0Tiago Texera; a diretora de A\u00e7\u00f5es da Sa\u00fade, Viviane Vacchi; a gestora de Assist\u00eancia e Desenvolvimento Social, N\u00e1dia Tafarello, e a enfermeira Tania Pupo, professora da <a href=\"http:\/\/fmj.br\/\" target=\"_blank\">Faculdade de Medicina de Jundia\u00ed<\/a>, convidada para proferir a palestra que abordou o tema central do evento.<\/p>\n<div id=\"attachment_194366\" style=\"width: 410px\" class=\"wp-caption alignright\"><a href=\"https:\/\/jundiai.sp.gov.br\/noticias\/wp-content\/uploads\/sites\/32\/2017\/03\/Plenarias-Saude-da-Mulher-4.jpg\"><img loading=\"lazy\" decoding=\"async\" aria-describedby=\"caption-attachment-194366\" class=\"size-full wp-image-194366\" src=\"https:\/\/jundiai.sp.gov.br\/noticias\/wp-content\/uploads\/sites\/32\/2017\/03\/Plenarias-Saude-da-Mulher-4.jpg\" alt=\"\" width=\"400\" height=\"350\" \/><\/a><p id=\"caption-attachment-194366\" class=\"wp-caption-text\">Tania Pupo proferiu a palestra de abertura da Plen\u00e1ria<\/p><\/div>\n<p>Segundo a palestrante, a realiza\u00e7\u00e3o da Plen\u00e1ria \u00e9 um momento muito importante, pois os participantes est\u00e3o <strong>pensando e tra\u00e7ando um plano de trabalho voltado para as mulheres n\u00e3o s\u00f3 da cidade de Jundia\u00ed, mas do Estado e Pa\u00eds<\/strong>. \u201cEstima-se que Jundia\u00ed tenha 401.897 habitantes. Desse universo, <strong>204.050 (50,77%) s\u00e3o mulheres<\/strong>. Somos maioria na cidade e o mesmo se repete nas esferas estadual e federal. Assim, <strong>promover a sa\u00fade e o bem-estar da mulher por meio da mobiliza\u00e7\u00e3o da sociedade \u00e9 fundamental para que iniciativas em benef\u00edcio da sa\u00fade, os direitos e a qualidade de vida da mulher se consolidem<\/strong>\u201d, destacou.<\/p>\n<p>Ap\u00f3s a palestra de abertura, os participantes se dividiram em <strong>quatro grupos<\/strong> para a discuss\u00e3o dos seguintes <strong>temas<\/strong>: O papel do Estado no desenvolvimento socioecon\u00f4mico e ambiental e seus reflexos na vida e na sa\u00fade das mulheres; O mundo do trabalho e suas consequ\u00eancias na vida e na sa\u00fade das mulheres; Vulnerabilidade e equidade na vida e na sa\u00fade das mulheres; e Pol\u00edticas p\u00fablicas para as mulheres e a participa\u00e7\u00e3o social.<\/p>\n<div id=\"attachment_194368\" style=\"width: 1250px\" class=\"wp-caption aligncenter\"><a href=\"https:\/\/jundiai.sp.gov.br\/noticias\/wp-content\/uploads\/sites\/32\/2017\/03\/Plenarias-Saude-da-Mulher-1.jpg\"><img loading=\"lazy\" decoding=\"async\" aria-describedby=\"caption-attachment-194368\" class=\"size-full wp-image-194368\" src=\"https:\/\/jundiai.sp.gov.br\/noticias\/wp-content\/uploads\/sites\/32\/2017\/03\/Plenarias-Saude-da-Mulher-1.jpg\" alt=\"\" width=\"1240\" height=\"921\" srcset=\"https:\/\/jundiai.sp.gov.br\/noticias\/wp-content\/uploads\/sites\/32\/2017\/03\/Plenarias-Saude-da-Mulher-1.jpg 1240w, https:\/\/jundiai.sp.gov.br\/noticias\/wp-content\/uploads\/sites\/32\/2017\/03\/Plenarias-Saude-da-Mulher-1-300x223.jpg 300w, https:\/\/jundiai.sp.gov.br\/noticias\/wp-content\/uploads\/sites\/32\/2017\/03\/Plenarias-Saude-da-Mulher-1-768x570.jpg 768w, https:\/\/jundiai.sp.gov.br\/noticias\/wp-content\/uploads\/sites\/32\/2017\/03\/Plenarias-Saude-da-Mulher-1-720x535.jpg 720w\" sizes=\"auto, (max-width: 1240px) 100vw, 1240px\" \/><\/a><p id=\"caption-attachment-194368\" class=\"wp-caption-text\">Viviane Vacchi, N\u00e1dia Tafarello, dr. Vagner Vilela, Tiago Texera e Tania Pupo<\/p><\/div>\n<p><strong><em>Assessoria de Imprensa<br \/>\nFotos: Fot\u00f3grafos PMJ<\/em><\/strong><\/p>\n","protected":false},"excerpt":{"rendered":"<p>Objetivo do encontro foi discutir propostas para as pol\u00edticas p\u00fablicas atrav\u00e9s de palestra e da discuss\u00e3o em grupos sobre temas relacionados<\/p>\n","protected":false},"author":14,"featured_media":194370,"comment_status":"closed","ping_status":"closed","sticky":false,"template":"","format":"standard","meta":{"footnotes":""},"categories":[2],"tags":[980,419,378,977,981],"ods":[],"class_list":["post-194361","post","type-post","status-publish","format-standard","has-post-thumbnail","hentry","category-noticias","tag-assistencia-e-desenvolvimento-social","tag-complexo-argos","tag-faculdade-de-medicina-de-jundiai-fmj","tag-plenaria-de-saude-das-mulheres","tag-promocao-da-saude"],"_links":{"self":[{"href":"https:\/\/jundiai.sp.gov.br\/noticias\/wp-json\/wp\/v2\/posts\/194361","targetHints":{"allow":["GET"]}}],"collection":[{"href":"https:\/\/jundiai.sp.gov.br\/noticias\/wp-json\/wp\/v2\/posts"}],"about":[{"href":"https:\/\/jundiai.sp.gov.br\/noticias\/wp-json\/wp\/v2\/types\/post"}],"author":[{"embeddable":true,"href":"https:\/\/jundiai.sp.gov.br\/noticias\/wp-json\/wp\/v2\/users\/14"}],"replies":[{"embeddable":true,"href":"https:\/\/jundiai.sp.gov.br\/noticias\/wp-json\/wp\/v2\/comments?post=194361"}],"version-history":[{"count":9,"href":"https:\/\/jundiai.sp.gov.br\/noticias\/wp-json\/wp\/v2\/posts\/194361\/revisions"}],"predecessor-version":[{"id":194408,"href":"https:\/\/jundiai.sp.gov.br\/noticias\/wp-json\/wp\/v2\/posts\/194361\/revisions\/194408"}],"wp:featuredmedia":[{"embeddable":true,"href":"https:\/\/jundiai.sp.gov.br\/noticias\/wp-json\/wp\/v2\/media\/194370"}],"wp:attachment":[{"href":"https:\/\/jundiai.sp.gov.br\/noticias\/wp-json\/wp\/v2\/media?parent=194361"}],"wp:term":[{"taxonomy":"category","embeddable":true,"href":"https:\/\/jundiai.sp.gov.br\/noticias\/wp-json\/wp\/v2\/categories?post=194361"},{"taxonomy":"post_tag","embeddable":true,"href":"https:\/\/jundiai.sp.gov.br\/noticias\/wp-json\/wp\/v2\/tags?post=194361"},{"taxonomy":"ods","embeddable":true,"href":"https:\/\/jundiai.sp.gov.br\/noticias\/wp-json\/wp\/v2\/ods?post=194361"}],"curies":[{"name":"wp","href":"https:\/\/api.w.org\/{rel}","templated":true}]}}