{"id":194384,"date":"2017-03-22T18:52:26","date_gmt":"2017-03-22T21:52:26","guid":{"rendered":"https:\/\/jundiai.sp.gov.br\/noticias\/?p=194384"},"modified":"2017-03-24T18:01:09","modified_gmt":"2017-03-24T21:01:09","slug":"recuperacao-das-nascentes-e-foco-da-semana-da-agua","status":"publish","type":"post","link":"https:\/\/jundiai.sp.gov.br\/noticias\/2017\/03\/22\/recuperacao-das-nascentes-e-foco-da-semana-da-agua\/","title":{"rendered":"Recupera\u00e7\u00e3o das nascentes \u00e9 foco da programa\u00e7\u00e3o da Semana da \u00c1gua"},"content":{"rendered":"<p><iframe loading=\"lazy\" class=\"alignright\" src=\"https:\/\/www.youtube.com\/embed\/Dwp6_28etqY\" width=\"400\" height=\"315\" frameborder=\"0\" allowfullscreen=\"allowfullscreen\"><\/iframe><strong>Na abertura da Semana da \u00c1gua, nesta quarta-feira (22), o diretor presidente da <a href=\"https:\/\/www.daejundiai.com.br\/\" target=\"_blank\">DAE Jundia\u00ed<\/a>, Eduardo Santos Palhares, promoveu uma atividade de recupera\u00e7\u00e3o das nascentes da cidade. Hoje, Jundia\u00ed abriga cerca de 1700 nascentes. A Semana come\u00e7ou com a coleta de 150 quilos de lixo e o plantio de 50 mudas de esp\u00e9cie nativa na Nascente do Morada, com a ajuda de alunos da Emeb Ant\u00f4nio Adelino Brand\u00e3o e crian\u00e7as da entidade A\u00e7\u00e3o Crist\u00e3 em Defesa da Cidadania (ACDC). O evento contou com a presen\u00e7a da primeira-dama e presidente do <a href=\"https:\/\/www.facebook.com\/fundosocialsolidariedadedejundiai\/?fref=ts\" target=\"_blank\">Fundo Social de Solidariedade<\/a>, Vanessa Machado, do vice-prefeito, Antonio Pacheco, e do vereador Marcelo Gastaldo.<\/strong><\/p>\n<p>\u201cCom base no<strong> Programa Nascentes, vamos a partir de agora cuidar de uma a uma<\/strong>\u201d, afirmou Palhares. O diretor presidente tamb\u00e9m ressaltou a import\u00e2ncia da <a href=\"https:\/\/jundiai.sp.gov.br\/noticias\/2017\/03\/21\/outorga-garante-abastecimento-de-agua-por-mais-dez-anos\/\">outorga publicada no \u00faltimo dia 22 de fevereiro, que garante mais dez anos de capta\u00e7\u00e3o de \u00e1gua dos rios Atibaia e Jundia\u00ed Mirim, do Ribeir\u00e3o da Ermida e do C\u00f3rrego da Estiva<\/a>. <strong>\u201cDesde abril de 2016, o munic\u00edpio estava sem a outorga que concede a capta\u00e7\u00e3o de \u00e1gua dos mananciais da regi\u00e3o\u201d<\/strong>, lembrou.<\/p>\n<p>Para Fernanda Morosi, assistente social da ACDC, a a\u00e7\u00e3o \u00e9 importante por gerar agentes <strong>multiplicadores de sustentabilidade.<\/strong> \u201c\u00c9 interessante para os alunos criarem a consci\u00eancia da necessidade de preservar o pr\u00f3prio bairro.\u201d Vinicius Marques dos Santos, de 11 anos, estava empolgado. \u201cDevemos preservar a \u00e1gua, que nos alimenta e mata a sede\u201d, disse.<\/p>\n<div id=\"attachment_194385\" style=\"width: 1290px\" class=\"wp-caption aligncenter\"><a href=\"https:\/\/jundiai.sp.gov.br\/noticias\/wp-content\/uploads\/sites\/32\/2017\/03\/Dia-Mundial-da-Agua_Nascente-Morada-das-Vinhas_20170322-76.jpg\"><img loading=\"lazy\" decoding=\"async\" aria-describedby=\"caption-attachment-194385\" class=\"size-full wp-image-194385\" src=\"https:\/\/jundiai.sp.gov.br\/noticias\/wp-content\/uploads\/sites\/32\/2017\/03\/Dia-Mundial-da-Agua_Nascente-Morada-das-Vinhas_20170322-76.jpg\" alt=\"\" width=\"1280\" height=\"848\" srcset=\"https:\/\/jundiai.sp.gov.br\/noticias\/wp-content\/uploads\/sites\/32\/2017\/03\/Dia-Mundial-da-Agua_Nascente-Morada-das-Vinhas_20170322-76.jpg 1280w, https:\/\/jundiai.sp.gov.br\/noticias\/wp-content\/uploads\/sites\/32\/2017\/03\/Dia-Mundial-da-Agua_Nascente-Morada-das-Vinhas_20170322-76-300x199.jpg 300w, https:\/\/jundiai.sp.gov.br\/noticias\/wp-content\/uploads\/sites\/32\/2017\/03\/Dia-Mundial-da-Agua_Nascente-Morada-das-Vinhas_20170322-76-768x509.jpg 768w, https:\/\/jundiai.sp.gov.br\/noticias\/wp-content\/uploads\/sites\/32\/2017\/03\/Dia-Mundial-da-Agua_Nascente-Morada-das-Vinhas_20170322-76-720x477.jpg 720w\" sizes=\"auto, (max-width: 1280px) 100vw, 1280px\" \/><\/a><p id=\"caption-attachment-194385\" class=\"wp-caption-text\">Plantio de mudas foi feita com a ajuda de alunos da Emeb Ant\u00f4nio Adelino Brand\u00e3o<\/p><\/div>\n<p>Al\u00e9m das crian\u00e7as, o diretor presidente da DAE, a primeira-dama e o vice-prefeito tamb\u00e9m fizeram o plantio, com a ajuda do coordenador da Semana da \u00c1gua, J\u00falio Lamarca, e do diretor de Mananciais da DAE, Martim de Fran\u00e7a Silveira Ribeiro.<strong> \u201cNa regi\u00e3o do Morada temos tr\u00eas nascentes e duas delas est\u00e3o em estado de alerta. Com o plantio de \u00e1rvores, garantimos a preserva\u00e7\u00e3o do entorno\u201d<\/strong>, afirmou o diretor.<\/p>\n<p><strong>Mais eventos<\/strong><br \/>\n<strong>No s\u00e1bado (25), mais dois eventos completam a semana<\/strong>. No <a href=\"http:\/\/parquedacidade.jundiai.sp.gov.br\/\" target=\"_blank\">Parque da Cidade<\/a>, um grupo de escoteiros se encontra para revitalizar a Nascente do Savieto, na Estrada do Pinheirinho, s\/n\u00ba. O dia come\u00e7a com um caf\u00e9 da manh\u00e3 no audit\u00f3rio, seguido pela apresenta\u00e7\u00e3o musical \u201cCrian\u00e7as e seus violinos\u201d e uma palestra sobre o Programa Nascentes. A chegada a nascente est\u00e1 prevista para as<strong> 9h, quando haver\u00e1 o plantio de \u00e1rvores<\/strong>.<\/p>\n<p>A outra atividade ser\u00e1 na Fazenda Nossa Senhora da Concei\u00e7\u00e3o (Rodovia Engenheiro Const\u00e2ncio Cintra, km 72,5, sentido Itatiba), onde a ONG The Nature Conservancy (TNC), em parceria com a DAE e a Unidade de Gest\u00e3o de Agroneg\u00f3cio, Abastecimento e Turismo da Prefeitura, re\u00fane os participantes do projeto \u201cCoaliz\u00e3o Cidades pela \u00c1gua\u201d. Com a ajuda de volunt\u00e1rios, a <strong>a\u00e7\u00e3o come\u00e7a \u00e0s 9h15, com previs\u00e3o de encerramento \u00e0s 11h30<\/strong>.<\/p>\n<p><strong>Sobre a DAE<\/strong><br \/>\nA DAE Jundia\u00ed \u00e9 uma S.A e uma empresa de economia mista, tendo a Prefeitura de Jundia\u00ed como sua principal acionista, respons\u00e1vel pelo <strong>saneamento b\u00e1sico do munic\u00edpio. Atende toda a \u00e1rea urbana e grande parte da \u00e1rea rural da cidade com fornecimento de \u00e1gua tratada, coleta e tratamento de esgoto<\/strong> (concess\u00e3o \u00e0 Companhia de Saneamento de Jundia\u00ed \u2013 CSJ).<\/p>\n<p>Atualmente, o <strong>munic\u00edpio \u00e9 um modelo bem-sucedido no saneamento p\u00fablico com abastecimento de qualidade e tratamento de 100% do esgoto coletado<\/strong>. Com <strong>vis\u00e3o estrat\u00e9gica e investimentos antecipados<\/strong>, Jundia\u00ed conta com a <strong>Represa de Acumula\u00e7\u00e3o<\/strong> com capacidade de armazenamento de<strong> 8,3 bilh\u00f5es de litros de \u00e1gua, protegida pelo Parque da Cidade<\/strong>.<\/p>\n<p>Para informa\u00e7\u00f5es sobre a DAE Jundia\u00ed, curta a <a href=\"https:\/\/www.facebook.com\/daejundiai\/?fref=ts\" target=\"_blank\">Fan Page no Facebook<\/a> e para solicita\u00e7\u00f5es e d\u00favidas sobre obras e manuten\u00e7\u00f5es na rede entre em contato pelo<strong> telefone 0800 133 155, das 6h \u00e0s 22h<\/strong>.<\/p>\n<p><strong><em>Assessoria de Imprensa DAE<br \/>\nFotos: Divulga\u00e7\u00e3o<\/em><\/strong><\/p>\n","protected":false},"excerpt":{"rendered":"<p>Atividades seguem no s\u00e1bado (25), com plantio de \u00e1rvores no Parque da Cidade, na Nascente do Savieto e na Fazenda Nossa Senhora da Concei\u00e7\u00e3o <\/p>\n","protected":false},"author":14,"featured_media":194470,"comment_status":"closed","ping_status":"closed","sticky":false,"template":"","format":"standard","meta":{"footnotes":""},"categories":[2],"tags":[974,66,47,866,978],"ods":[],"class_list":["post-194384","post","type-post","status-publish","format-standard","has-post-thumbnail","hentry","category-noticias","tag-agronegocio-abastecimento-e-turismo","tag-dae","tag-parque-da-cidade","tag-programa-nascentes","tag-semana-da-agua"],"_links":{"self":[{"href":"https:\/\/jundiai.sp.gov.br\/noticias\/wp-json\/wp\/v2\/posts\/194384","targetHints":{"allow":["GET"]}}],"collection":[{"href":"https:\/\/jundiai.sp.gov.br\/noticias\/wp-json\/wp\/v2\/posts"}],"about":[{"href":"https:\/\/jundiai.sp.gov.br\/noticias\/wp-json\/wp\/v2\/types\/post"}],"author":[{"embeddable":true,"href":"https:\/\/jundiai.sp.gov.br\/noticias\/wp-json\/wp\/v2\/users\/14"}],"replies":[{"embeddable":true,"href":"https:\/\/jundiai.sp.gov.br\/noticias\/wp-json\/wp\/v2\/comments?post=194384"}],"version-history":[{"count":8,"href":"https:\/\/jundiai.sp.gov.br\/noticias\/wp-json\/wp\/v2\/posts\/194384\/revisions"}],"predecessor-version":[{"id":194520,"href":"https:\/\/jundiai.sp.gov.br\/noticias\/wp-json\/wp\/v2\/posts\/194384\/revisions\/194520"}],"wp:featuredmedia":[{"embeddable":true,"href":"https:\/\/jundiai.sp.gov.br\/noticias\/wp-json\/wp\/v2\/media\/194470"}],"wp:attachment":[{"href":"https:\/\/jundiai.sp.gov.br\/noticias\/wp-json\/wp\/v2\/media?parent=194384"}],"wp:term":[{"taxonomy":"category","embeddable":true,"href":"https:\/\/jundiai.sp.gov.br\/noticias\/wp-json\/wp\/v2\/categories?post=194384"},{"taxonomy":"post_tag","embeddable":true,"href":"https:\/\/jundiai.sp.gov.br\/noticias\/wp-json\/wp\/v2\/tags?post=194384"},{"taxonomy":"ods","embeddable":true,"href":"https:\/\/jundiai.sp.gov.br\/noticias\/wp-json\/wp\/v2\/ods?post=194384"}],"curies":[{"name":"wp","href":"https:\/\/api.w.org\/{rel}","templated":true}]}}