{"id":194409,"date":"2017-03-23T16:29:29","date_gmt":"2017-03-23T19:29:29","guid":{"rendered":"https:\/\/jundiai.sp.gov.br\/noticias\/?p=194409"},"modified":"2017-03-31T19:00:16","modified_gmt":"2017-03-31T22:00:16","slug":"fila-para-exames-de-radiografia-e-praticamente-zerada","status":"publish","type":"post","link":"https:\/\/jundiai.sp.gov.br\/noticias\/2017\/03\/23\/fila-para-exames-de-radiografia-e-praticamente-zerada\/","title":{"rendered":"Sa\u00fade em Dia: fila da radiografia \u00e9 quase zerada"},"content":{"rendered":"<p><iframe loading=\"lazy\" class=\"alignright\" src=\"https:\/\/www.youtube.com\/embed\/EcHHHfScKME\" width=\"400\" height=\"315\" frameborder=\"0\" allowfullscreen=\"allowfullscreen\"><\/iframe><strong>Lan\u00e7ado em fevereiro pelo prefeito Luiz Fernando Machado, o programa \u201cSa\u00fade em Dia\u201d completou um m\u00eas, desde o lan\u00e7amento oficial, com resultados positivos. Um dos destaques \u00e9 a redu\u00e7\u00e3o de 95% na fila de espera para exames de radiografia, que caiu de 16 mil para 685 pessoas. Segundo informa\u00e7\u00f5es da Unidade de Promo\u00e7\u00e3o da Sa\u00fade, de modo geral, at\u00e9 dezembro de 2016, 394.026 pedidos aguardavam agendamento para exames, n\u00famero que hoje \u00e9 de 13.463.<\/strong><\/p>\n<p>No caso das <strong>consultas, a redu\u00e7\u00e3o na fila de espera \u00e9 de cerca de 40%<\/strong>. Desde o in\u00edcio do programa, <strong>8.743 pacientes foram atendidos na rede<\/strong> de Sa\u00fade. Apesar do resultado tamb\u00e9m ser considerado positivo, ele<strong> poderia ser melhor n\u00e3o fosse as aus\u00eancias<\/strong>. De acordo com a diretora do N\u00facleo de Regula\u00e7\u00e3o em Sa\u00fade, Fabiana Alc\u00e2ntara, o <strong>\u00edndice de falta \u00e0s consultas atualmente \u00e9 de 25%<\/strong>. \u201cEmbora esteja dentro do esperado, isso n\u00e3o \u00e9 o ideal. Estamos trabalhando para <strong>reduzir essas faltas<\/strong> para, no m\u00e1ximo, 15%\u201d, afirmou.<\/p>\n<p>A diretora esclarece que <strong>muitos pacientes faltam mesmo tendo sinalizado positivamente na dupla confirma\u00e7\u00e3o feita pelas unidades de sa\u00fade<\/strong>. \u201c\u00c9 importante a pessoa se conscientizar de que, ao confirmar a presen\u00e7a e depois faltar ao atendimento, ela tira o lugar de algu\u00e9m que poderia ir. Pedimos sempre para a pessoa ligar avisando que n\u00e3o vai comparecer. Assim, conseguimos colocar um outro paciente no lugar\u201d, ressaltou Fabiana.<\/p>\n<p><strong>LEIA TAMB\u00c9M<\/strong><br \/>\n<a href=\"https:\/\/jundiai.sp.gov.br\/noticias\/2017\/03\/22\/prefeitura-realiza-plenaria-municipal-de-saude-das-mulheres\/\">Prefeitura realiza Plen\u00e1ria Municipal de Sa\u00fade das Mulheres<\/a><br \/>\n<a href=\"https:\/\/jundiai.sp.gov.br\/noticias\/2017\/03\/23\/atendimento-do-156-e-da-central-de-consultas-vai-ate-as-15h-nesta-sexta-feira-24\/\">Atendimento do 156 e da Central de Consultas vai at\u00e9 as 15h nesta sexta-feira (24)<\/a><\/p>\n<div id=\"attachment_194413\" style=\"width: 1250px\" class=\"wp-caption aligncenter\"><a href=\"https:\/\/jundiai.sp.gov.br\/noticias\/wp-content\/uploads\/sites\/32\/2017\/03\/Hospital-Sao-Vicente_c_22.jpg\"><img loading=\"lazy\" decoding=\"async\" aria-describedby=\"caption-attachment-194413\" class=\"size-full wp-image-194413\" src=\"https:\/\/jundiai.sp.gov.br\/noticias\/wp-content\/uploads\/sites\/32\/2017\/03\/Hospital-Sao-Vicente_c_22.jpg\" alt=\"\" width=\"1240\" height=\"882\" srcset=\"https:\/\/jundiai.sp.gov.br\/noticias\/wp-content\/uploads\/sites\/32\/2017\/03\/Hospital-Sao-Vicente_c_22.jpg 1240w, https:\/\/jundiai.sp.gov.br\/noticias\/wp-content\/uploads\/sites\/32\/2017\/03\/Hospital-Sao-Vicente_c_22-300x213.jpg 300w, https:\/\/jundiai.sp.gov.br\/noticias\/wp-content\/uploads\/sites\/32\/2017\/03\/Hospital-Sao-Vicente_c_22-768x546.jpg 768w, https:\/\/jundiai.sp.gov.br\/noticias\/wp-content\/uploads\/sites\/32\/2017\/03\/Hospital-Sao-Vicente_c_22-720x512.jpg 720w\" sizes=\"auto, (max-width: 1240px) 100vw, 1240px\" \/><\/a><p id=\"caption-attachment-194413\" class=\"wp-caption-text\">Sa\u00fade em Dia: fila de espera para exames de radiografia reduziu 95%<\/p><\/div>\n<p><strong>O \u201cSa\u00fade em Dia\u201d \u00e9 uma das ferramentas utilizadas pela Prefeitura de Jundia\u00ed para melhorar o servi\u00e7o prestado \u00e0 popula\u00e7\u00e3o<\/strong>. Na ocasi\u00e3o de seu lan\u00e7amento, o prefeito Luiz Fernando Machado destacou que o <strong>programa \u00e9 permanente<\/strong> e <strong>vai funcionar durante os quatro anos de sua gest\u00e3o<\/strong>. \u201cN\u00e3o \u00e9 uma solu\u00e7\u00e3o paliativa.<strong> N\u00e3o h\u00e1 sentido administrativo para n\u00f3s zerar as filas para v\u00ea-las crescer novamente<\/strong>. Por isso, cabe ressaltar que o <strong>programa n\u00e3o compete com os novos pacientes, que s\u00e3o atendidos normalmente<\/strong> pela rede\u201d, pontuou.<\/p>\n<p>O gestor de Promo\u00e7\u00e3o da Sa\u00fade, Vagner Vilela, mencionou a<strong> import\u00e2ncia da integra\u00e7\u00e3o da rede de atendimento ao cidad\u00e3o<\/strong>. \u201cAs<strong> cirurgias de baixa e m\u00e9dia complexidade<\/strong> que s\u00e3o necess\u00e1rias ap\u00f3s a realiza\u00e7\u00e3o de todas as consultas e exames do programa s\u00e3o feitas no Hospital Regional, que participa mais ativamente da rede de sa\u00fade. O<strong> sistema de sa\u00fade \u00e9 \u00fanico<\/strong>, como o pr\u00f3prio nome diz\u201d, destacou.<\/p>\n<p><strong><em>Assessoria de Imprensa<br \/>\nFotos: Fot\u00f3grafos PMJ<\/em><\/strong><\/p>\n","protected":false},"excerpt":{"rendered":"<p>Os 394.026 pedidos de agendamento de exames ca\u00edram para pouco mais de dez mil em pouco mais de um m\u00eas<\/p>\n","protected":false},"author":14,"featured_media":194415,"comment_status":"closed","ping_status":"closed","sticky":false,"template":"","format":"standard","meta":{"footnotes":""},"categories":[2],"tags":[321,981,950,665],"ods":[],"class_list":["post-194409","post","type-post","status-publish","format-standard","has-post-thumbnail","hentry","category-noticias","tag-hospital-de-caridade-sao-vicente-de-paulo","tag-promocao-da-saude","tag-saude-em-dia","tag-unidade-basica-de-saude-ubs"],"_links":{"self":[{"href":"https:\/\/jundiai.sp.gov.br\/noticias\/wp-json\/wp\/v2\/posts\/194409","targetHints":{"allow":["GET"]}}],"collection":[{"href":"https:\/\/jundiai.sp.gov.br\/noticias\/wp-json\/wp\/v2\/posts"}],"about":[{"href":"https:\/\/jundiai.sp.gov.br\/noticias\/wp-json\/wp\/v2\/types\/post"}],"author":[{"embeddable":true,"href":"https:\/\/jundiai.sp.gov.br\/noticias\/wp-json\/wp\/v2\/users\/14"}],"replies":[{"embeddable":true,"href":"https:\/\/jundiai.sp.gov.br\/noticias\/wp-json\/wp\/v2\/comments?post=194409"}],"version-history":[{"count":8,"href":"https:\/\/jundiai.sp.gov.br\/noticias\/wp-json\/wp\/v2\/posts\/194409\/revisions"}],"predecessor-version":[{"id":194821,"href":"https:\/\/jundiai.sp.gov.br\/noticias\/wp-json\/wp\/v2\/posts\/194409\/revisions\/194821"}],"wp:featuredmedia":[{"embeddable":true,"href":"https:\/\/jundiai.sp.gov.br\/noticias\/wp-json\/wp\/v2\/media\/194415"}],"wp:attachment":[{"href":"https:\/\/jundiai.sp.gov.br\/noticias\/wp-json\/wp\/v2\/media?parent=194409"}],"wp:term":[{"taxonomy":"category","embeddable":true,"href":"https:\/\/jundiai.sp.gov.br\/noticias\/wp-json\/wp\/v2\/categories?post=194409"},{"taxonomy":"post_tag","embeddable":true,"href":"https:\/\/jundiai.sp.gov.br\/noticias\/wp-json\/wp\/v2\/tags?post=194409"},{"taxonomy":"ods","embeddable":true,"href":"https:\/\/jundiai.sp.gov.br\/noticias\/wp-json\/wp\/v2\/ods?post=194409"}],"curies":[{"name":"wp","href":"https:\/\/api.w.org\/{rel}","templated":true}]}}