{"id":194419,"date":"2017-03-23T16:46:07","date_gmt":"2017-03-23T19:46:07","guid":{"rendered":"https:\/\/jundiai.sp.gov.br\/noticias\/?p=194419"},"modified":"2017-03-27T18:18:10","modified_gmt":"2017-03-27T21:18:10","slug":"procon-jundiai-tera-atendimento-em-horario-diferenciado-na-semana-desta-segunda-27","status":"publish","type":"post","link":"https:\/\/jundiai.sp.gov.br\/noticias\/2017\/03\/23\/procon-jundiai-tera-atendimento-em-horario-diferenciado-na-semana-desta-segunda-27\/","title":{"rendered":"Procon Jundia\u00ed ter\u00e1 atendimento em hor\u00e1rio diferenciado nesta semana"},"content":{"rendered":"<p><strong>Entre a segunda (27) e a sexta-feira (31), a unidade do Procon em Jundia\u00ed funcionar\u00e1, excepcionalmente, no per\u00edodo das 8h \u00e0s 13h. A altera\u00e7\u00e3o se fez necess\u00e1ria por conta de uma manuten\u00e7\u00e3o que ser\u00e1 realizada, a partir desta sexta (24) at\u00e9 a quinta-feira (30), no Sistema Nacional de Informa\u00e7\u00f5es de Defesa do Consumidor, utilizado pelos funcion\u00e1rios para registro eletr\u00f4nico das demandas.<\/strong><\/p>\n<p>Apesar do hor\u00e1rio de atendimento diferenciado, todos os tipos de demanda ser\u00e3o atendidos normalmente. O Procon adianta, no entanto, que h\u00e1 a<strong> possibilidade de uma espera um pouco maior<\/strong> do que a de costume em fun\u00e7\u00e3o da indisponibilidade do sistema. A manuten\u00e7\u00e3o ser\u00e1 realizada para <strong>garantir a qualidade dos servi\u00e7os prestados<\/strong>.<\/p>\n<p>O Procon Jundia\u00ed fica na rua Bar\u00e3o de Jundia\u00ed, 153, no Centro.<\/p>\n<div id=\"attachment_194421\" style=\"width: 1290px\" class=\"wp-caption aligncenter\"><a href=\"https:\/\/jundiai.sp.gov.br\/noticias\/wp-content\/uploads\/sites\/32\/2017\/03\/PROCON-Central_c_1-1.jpg\"><img loading=\"lazy\" decoding=\"async\" aria-describedby=\"caption-attachment-194421\" class=\"size-full wp-image-194421\" src=\"https:\/\/jundiai.sp.gov.br\/noticias\/wp-content\/uploads\/sites\/32\/2017\/03\/PROCON-Central_c_1-1.jpg\" alt=\"\" width=\"1280\" height=\"853\" srcset=\"https:\/\/jundiai.sp.gov.br\/noticias\/wp-content\/uploads\/sites\/32\/2017\/03\/PROCON-Central_c_1-1.jpg 1280w, https:\/\/jundiai.sp.gov.br\/noticias\/wp-content\/uploads\/sites\/32\/2017\/03\/PROCON-Central_c_1-1-300x200.jpg 300w, https:\/\/jundiai.sp.gov.br\/noticias\/wp-content\/uploads\/sites\/32\/2017\/03\/PROCON-Central_c_1-1-768x512.jpg 768w, https:\/\/jundiai.sp.gov.br\/noticias\/wp-content\/uploads\/sites\/32\/2017\/03\/PROCON-Central_c_1-1-720x480.jpg 720w\" sizes=\"auto, (max-width: 1280px) 100vw, 1280px\" \/><\/a><p id=\"caption-attachment-194421\" class=\"wp-caption-text\">A altera\u00e7\u00e3o se fez necess\u00e1ria por conta de uma manuten\u00e7\u00e3o no Sistema Nacional de Informa\u00e7\u00f5es<\/p><\/div>\n<p><strong><em>Assessoria de Imprensa<br \/>\nFoto: Arquivo PMJ<\/em><\/strong><\/p>\n","protected":false},"excerpt":{"rendered":"<p>A altera\u00e7\u00e3o se fez necess\u00e1ria por conta de uma manuten\u00e7\u00e3o no sistema nacional utilizado pelos funcion\u00e1rios para registro eletr\u00f4nico das demandas<\/p>\n","protected":false},"author":14,"featured_media":194420,"comment_status":"closed","ping_status":"closed","sticky":false,"template":"","format":"standard","meta":{"footnotes":""},"categories":[2],"tags":[33],"ods":[],"class_list":["post-194419","post","type-post","status-publish","format-standard","has-post-thumbnail","hentry","category-noticias","tag-procon"],"_links":{"self":[{"href":"https:\/\/jundiai.sp.gov.br\/noticias\/wp-json\/wp\/v2\/posts\/194419","targetHints":{"allow":["GET"]}}],"collection":[{"href":"https:\/\/jundiai.sp.gov.br\/noticias\/wp-json\/wp\/v2\/posts"}],"about":[{"href":"https:\/\/jundiai.sp.gov.br\/noticias\/wp-json\/wp\/v2\/types\/post"}],"author":[{"embeddable":true,"href":"https:\/\/jundiai.sp.gov.br\/noticias\/wp-json\/wp\/v2\/users\/14"}],"replies":[{"embeddable":true,"href":"https:\/\/jundiai.sp.gov.br\/noticias\/wp-json\/wp\/v2\/comments?post=194419"}],"version-history":[{"count":5,"href":"https:\/\/jundiai.sp.gov.br\/noticias\/wp-json\/wp\/v2\/posts\/194419\/revisions"}],"predecessor-version":[{"id":194618,"href":"https:\/\/jundiai.sp.gov.br\/noticias\/wp-json\/wp\/v2\/posts\/194419\/revisions\/194618"}],"wp:featuredmedia":[{"embeddable":true,"href":"https:\/\/jundiai.sp.gov.br\/noticias\/wp-json\/wp\/v2\/media\/194420"}],"wp:attachment":[{"href":"https:\/\/jundiai.sp.gov.br\/noticias\/wp-json\/wp\/v2\/media?parent=194419"}],"wp:term":[{"taxonomy":"category","embeddable":true,"href":"https:\/\/jundiai.sp.gov.br\/noticias\/wp-json\/wp\/v2\/categories?post=194419"},{"taxonomy":"post_tag","embeddable":true,"href":"https:\/\/jundiai.sp.gov.br\/noticias\/wp-json\/wp\/v2\/tags?post=194419"},{"taxonomy":"ods","embeddable":true,"href":"https:\/\/jundiai.sp.gov.br\/noticias\/wp-json\/wp\/v2\/ods?post=194419"}],"curies":[{"name":"wp","href":"https:\/\/api.w.org\/{rel}","templated":true}]}}