{"id":194445,"date":"2017-03-23T12:20:43","date_gmt":"2017-03-23T15:20:43","guid":{"rendered":"https:\/\/jundiai.sp.gov.br\/noticias\/?p=194445"},"modified":"2017-03-30T09:33:12","modified_gmt":"2017-03-30T12:33:12","slug":"agita-jundiai-chega-com-zumba-no-engordadouro-e-jardim-do-lago","status":"publish","type":"post","link":"https:\/\/jundiai.sp.gov.br\/noticias\/2017\/03\/23\/agita-jundiai-chega-com-zumba-no-engordadouro-e-jardim-do-lago\/","title":{"rendered":"&#8216;Agita Jundia\u00ed&#8217; chega com aula de zumba ao Engordadouro e Jardim do Lago"},"content":{"rendered":"<p><strong>O projeto Agita Jundia\u00ed, realizado pela Unidade de Esporte e Lazer, chega neste final de semana aos Parques do Engordadouro e do Jardim do Lago, com aula de Zumba gratuita, sob a orienta\u00e7\u00e3o da professora Alessandra Citelli, aberta a pessoas de todas as idades.<\/strong><\/p>\n<p>Ao som de <strong>m\u00fasicas latinas<\/strong>, as aulas ter\u00e3o dura\u00e7\u00e3o de <strong>50 minutos<\/strong>, com in\u00edcio programado para as <strong>9h<\/strong> e os participantes dever\u00e3o usar <strong>roupas leves, levar uma toalha e garrafa de \u00e1gua<\/strong>. No <strong>s\u00e1bado (25)<\/strong>, no <a href=\"https:\/\/jundiai.sp.gov.br\/infraestrutura-e-servicos-publicos\/parques-municipais\/parque-do-engordadouro-angelo-costa\/\">Parque do Engordadouro<\/a>, que fica na avenida Andr\u00e9 Costa, 1595, e no <strong>domingo (26)<\/strong>, no <a href=\"https:\/\/jundiai.sp.gov.br\/infraestrutura-e-servicos-publicos\/parques-municipais\/parque-jardim-do-lago-antonio-garcia-machado\/\">Parque do Jardim do Lago<\/a>, que fica ao lado da Par\u00f3quia Nossa Senhora do Montenegro entre a rua Jos\u00e9 Pedro de Oliveira e avenida dos Expedicion\u00e1rios.<\/p>\n<p>O Projeto Agita Jundia\u00ed tem por objetivo <strong>possibilitar o acesso de um maior n\u00famero de pessoas \u00e0s atividades f\u00edsicas e esportivas visando ao bem-estar e \u00e0 qualidade de vida aos participantes<\/strong>. Durante este m\u00eas, o Agita Jundia\u00ed, com as aulas de Zumba, foi realizado no <strong>Parque da Cidade e nos bairros do Eloy Chaves, Ivoturucaia, Corrupira e Jardim das Tulipas<\/strong>, sempre atraindo um bom p\u00fablico.<\/p>\n<div id=\"attachment_194448\" style=\"width: 1250px\" class=\"wp-caption aligncenter\"><a href=\"https:\/\/jundiai.sp.gov.br\/noticias\/wp-content\/uploads\/sites\/32\/2017\/03\/agita_jundiai_zumba.jpg\"><img loading=\"lazy\" decoding=\"async\" aria-describedby=\"caption-attachment-194448\" class=\"size-full wp-image-194448\" src=\"https:\/\/jundiai.sp.gov.br\/noticias\/wp-content\/uploads\/sites\/32\/2017\/03\/agita_jundiai_zumba.jpg\" alt=\"\" width=\"1240\" height=\"579\" srcset=\"https:\/\/jundiai.sp.gov.br\/noticias\/wp-content\/uploads\/sites\/32\/2017\/03\/agita_jundiai_zumba.jpg 1240w, https:\/\/jundiai.sp.gov.br\/noticias\/wp-content\/uploads\/sites\/32\/2017\/03\/agita_jundiai_zumba-300x140.jpg 300w, https:\/\/jundiai.sp.gov.br\/noticias\/wp-content\/uploads\/sites\/32\/2017\/03\/agita_jundiai_zumba-768x359.jpg 768w, https:\/\/jundiai.sp.gov.br\/noticias\/wp-content\/uploads\/sites\/32\/2017\/03\/agita_jundiai_zumba-720x336.jpg 720w\" sizes=\"auto, (max-width: 1240px) 100vw, 1240px\" \/><\/a><p id=\"caption-attachment-194448\" class=\"wp-caption-text\">Ao som de m\u00fasicas latinas, as aulas ter\u00e3o dura\u00e7\u00e3o de 50 minutos<\/p><\/div>\n<p><strong><em>Assessoria de Imprensa<br \/>\nFoto: Divulga\u00e7\u00e3o<\/em><\/strong><\/p>\n","protected":false},"excerpt":{"rendered":"<p>Ao som de m\u00fasicas latinas, aulas de Zumba gratuitas come\u00e7am \u00e0s 9h, com dura\u00e7\u00e3o de 50 minutos, e s\u00e3o abertas a pessoas de todas as idades<\/p>\n","protected":false},"author":14,"featured_media":194480,"comment_status":"closed","ping_status":"closed","sticky":false,"template":"","format":"standard","meta":{"footnotes":""},"categories":[2],"tags":[953],"ods":[],"class_list":["post-194445","post","type-post","status-publish","format-standard","has-post-thumbnail","hentry","category-noticias","tag-agita-jundiai"],"_links":{"self":[{"href":"https:\/\/jundiai.sp.gov.br\/noticias\/wp-json\/wp\/v2\/posts\/194445","targetHints":{"allow":["GET"]}}],"collection":[{"href":"https:\/\/jundiai.sp.gov.br\/noticias\/wp-json\/wp\/v2\/posts"}],"about":[{"href":"https:\/\/jundiai.sp.gov.br\/noticias\/wp-json\/wp\/v2\/types\/post"}],"author":[{"embeddable":true,"href":"https:\/\/jundiai.sp.gov.br\/noticias\/wp-json\/wp\/v2\/users\/14"}],"replies":[{"embeddable":true,"href":"https:\/\/jundiai.sp.gov.br\/noticias\/wp-json\/wp\/v2\/comments?post=194445"}],"version-history":[{"count":14,"href":"https:\/\/jundiai.sp.gov.br\/noticias\/wp-json\/wp\/v2\/posts\/194445\/revisions"}],"predecessor-version":[{"id":194482,"href":"https:\/\/jundiai.sp.gov.br\/noticias\/wp-json\/wp\/v2\/posts\/194445\/revisions\/194482"}],"wp:featuredmedia":[{"embeddable":true,"href":"https:\/\/jundiai.sp.gov.br\/noticias\/wp-json\/wp\/v2\/media\/194480"}],"wp:attachment":[{"href":"https:\/\/jundiai.sp.gov.br\/noticias\/wp-json\/wp\/v2\/media?parent=194445"}],"wp:term":[{"taxonomy":"category","embeddable":true,"href":"https:\/\/jundiai.sp.gov.br\/noticias\/wp-json\/wp\/v2\/categories?post=194445"},{"taxonomy":"post_tag","embeddable":true,"href":"https:\/\/jundiai.sp.gov.br\/noticias\/wp-json\/wp\/v2\/tags?post=194445"},{"taxonomy":"ods","embeddable":true,"href":"https:\/\/jundiai.sp.gov.br\/noticias\/wp-json\/wp\/v2\/ods?post=194445"}],"curies":[{"name":"wp","href":"https:\/\/api.w.org\/{rel}","templated":true}]}}