{"id":194767,"date":"2017-03-30T12:08:20","date_gmt":"2017-03-30T15:08:20","guid":{"rendered":"https:\/\/jundiai.sp.gov.br\/noticias\/?p=194767"},"modified":"2017-04-05T10:40:17","modified_gmt":"2017-04-05T13:40:17","slug":"vila-liberdade-recebe-cine-em-cena-no-ar","status":"publish","type":"post","link":"https:\/\/jundiai.sp.gov.br\/noticias\/2017\/03\/30\/vila-liberdade-recebe-cine-em-cena-no-ar\/","title":{"rendered":"Vila Liberdade recebe &#8216;Cine em Cena no Ar&#8217;"},"content":{"rendered":"<p><iframe loading=\"lazy\" class=\"alignright\" width=\"400\" height=\"315\" src=\"https:\/\/www.youtube.com\/embed\/zzmEqyqwRmU\" frameborder=\"0\" allowfullscreen><\/iframe><strong>A pra\u00e7a Rildo Michel Martilho, na Vila Liberdade, abre espa\u00e7o para o Projeto Cine em Cena no Ar. A temporada de cinema ao ar livre e de gra\u00e7a come\u00e7a nesta quinta-feira (30), \u00e0s 19h, com a exibi\u00e7\u00e3o de &#8220;Tain\u00e1 3 \u2013 A origem&#8221;. Em seguida, \u00e0s 21h, os f\u00e3s de Star Wars v\u00e3o poder conferir &#8220;O Despertar da For\u00e7a&#8221;.<\/strong><\/p>\n<p>Com o <strong>apoio da Prefeitura<\/strong>, o projeto chega \u00e0 cidade gra\u00e7as a uma parceria com o Governo do Estado de S\u00e3o Paulo. O objetivo da iniciativa \u00e9<strong> proporcionar a difus\u00e3o do audiovisual por meio de produ\u00e7\u00f5es brasileiras, contribuindo assim para a descentraliza\u00e7\u00e3o das salas de cinema e fortalecendo a intera\u00e7\u00e3o entre as pessoas das comunidades<\/strong>.<\/p>\n<p>Nesta <strong>sexta-feira (31)<\/strong>, ser\u00e1 a vez da com\u00e9dia invadir a telona com o filme <strong>&#8220;Hotel Transilv\u00e2nia 2&#8221;, \u00e0s 19h<\/strong>. Dando sequ\u00eancia, <strong>\u00e0s 21h<\/strong>, o p\u00fablico vai conferir <strong>&#8220;Tudo que Aprendemos Juntos&#8221;<\/strong>. A programa\u00e7\u00e3o termina no <strong>s\u00e1bado (1\u00ba) de abril, \u00e0s 19h<\/strong>, com o filme <strong>&#8220;O Bom Dinossauro&#8221;<\/strong> e <strong>&#8220;Batman vs Superman&#8221;<\/strong>, <strong>\u00e0s 21h<\/strong>.<\/p>\n<p>A pra\u00e7a est\u00e1 localizada na rua Silvio Romero, s\/n\u00ba, na Vila Liberdade.<\/p>\n<p><strong><em>Assessoria de Imprensa<\/em><\/strong><\/p>\n","protected":false},"excerpt":{"rendered":"<p>A pra\u00e7a Rildo Michel Martilho, na Vila Liberdade, abre espa\u00e7o para o Projeto Cine em Cena no Ar. A temporada de cinema ao ar livre e de gra\u00e7a come\u00e7a nesta quinta-feira (30), \u00e0s 19h, com a exibi\u00e7\u00e3o de &#8220;Tain\u00e1 3 \u2013 A origem&#8221;. Em seguida, \u00e0s 21h, os f\u00e3s de Star Wars v\u00e3o poder conferir [&hellip;]<\/p>\n","protected":false},"author":14,"featured_media":0,"comment_status":"closed","ping_status":"closed","sticky":false,"template":"","format":"standard","meta":{"footnotes":""},"categories":[2],"tags":[635,29],"ods":[],"class_list":["post-194767","post","type-post","status-publish","format-standard","hentry","category-noticias","tag-cinema","tag-cultura"],"_links":{"self":[{"href":"https:\/\/jundiai.sp.gov.br\/noticias\/wp-json\/wp\/v2\/posts\/194767","targetHints":{"allow":["GET"]}}],"collection":[{"href":"https:\/\/jundiai.sp.gov.br\/noticias\/wp-json\/wp\/v2\/posts"}],"about":[{"href":"https:\/\/jundiai.sp.gov.br\/noticias\/wp-json\/wp\/v2\/types\/post"}],"author":[{"embeddable":true,"href":"https:\/\/jundiai.sp.gov.br\/noticias\/wp-json\/wp\/v2\/users\/14"}],"replies":[{"embeddable":true,"href":"https:\/\/jundiai.sp.gov.br\/noticias\/wp-json\/wp\/v2\/comments?post=194767"}],"version-history":[{"count":6,"href":"https:\/\/jundiai.sp.gov.br\/noticias\/wp-json\/wp\/v2\/posts\/194767\/revisions"}],"predecessor-version":[{"id":195145,"href":"https:\/\/jundiai.sp.gov.br\/noticias\/wp-json\/wp\/v2\/posts\/194767\/revisions\/195145"}],"wp:attachment":[{"href":"https:\/\/jundiai.sp.gov.br\/noticias\/wp-json\/wp\/v2\/media?parent=194767"}],"wp:term":[{"taxonomy":"category","embeddable":true,"href":"https:\/\/jundiai.sp.gov.br\/noticias\/wp-json\/wp\/v2\/categories?post=194767"},{"taxonomy":"post_tag","embeddable":true,"href":"https:\/\/jundiai.sp.gov.br\/noticias\/wp-json\/wp\/v2\/tags?post=194767"},{"taxonomy":"ods","embeddable":true,"href":"https:\/\/jundiai.sp.gov.br\/noticias\/wp-json\/wp\/v2\/ods?post=194767"}],"curies":[{"name":"wp","href":"https:\/\/api.w.org\/{rel}","templated":true}]}}