{"id":195013,"date":"2017-04-03T18:34:42","date_gmt":"2017-04-03T21:34:42","guid":{"rendered":"https:\/\/jundiai.sp.gov.br\/noticias\/?p=195013"},"modified":"2017-04-03T18:34:42","modified_gmt":"2017-04-03T21:34:42","slug":"defesa-civil-encerra-operacao-verao-e-ja-se-prepara-para-a-estiagem","status":"publish","type":"post","link":"https:\/\/jundiai.sp.gov.br\/noticias\/2017\/04\/03\/defesa-civil-encerra-operacao-verao-e-ja-se-prepara-para-a-estiagem\/","title":{"rendered":"Defesa Civil encerra Opera\u00e7\u00e3o Ver\u00e3o e j\u00e1 se prepara para a Estiagem"},"content":{"rendered":"<p><strong>Nem o grande volume das \u201c\u00e1guas de mar\u00e7o\u201d foi capaz de provocar situa\u00e7\u00f5es em que a Defesa Civil de Jundia\u00ed n\u00e3o pudesse obter bons resultados em suas a\u00e7\u00f5es. Nessa sexta-feira (31), o \u00f3rg\u00e3o encerrou a Opera\u00e7\u00e3o Ver\u00e3o 2016\/17, iniciada em 1\u00ba de dezembro de 2016 e j\u00e1 emitiu seu relat\u00f3rio t\u00e9cnico, onde registra bons resultados, comparados \u00e0 opera\u00e7\u00e3o anterior, conforme avalia\u00e7\u00e3o de seu coordenador, o coronel-PM Mauro Minoro Takara.<\/strong><\/p>\n<div id=\"attachment_195014\" style=\"width: 410px\" class=\"wp-caption alignleft\"><a href=\"https:\/\/jundiai.sp.gov.br\/noticias\/wp-content\/uploads\/sites\/32\/2017\/04\/Mauro-Minoro_c_7.jpg\"><img loading=\"lazy\" decoding=\"async\" aria-describedby=\"caption-attachment-195014\" class=\"size-full wp-image-195014\" src=\"https:\/\/jundiai.sp.gov.br\/noticias\/wp-content\/uploads\/sites\/32\/2017\/04\/Mauro-Minoro_c_7.jpg\" alt=\"\" width=\"400\" height=\"350\" \/><\/a><p id=\"caption-attachment-195014\" class=\"wp-caption-text\">Coronel Minoro: \u201cTemos a expectativa de resultados ainda melhores nas pr\u00f3ximas opera\u00e7\u00f5es\u201d<\/p><\/div>\n<p>Os trabalhos seguem agora para nova etapa, voltados para a <strong>preven\u00e7\u00e3o de inc\u00eandios em vegeta\u00e7\u00f5es, a chamada Opera\u00e7\u00e3o Estiagem 2017<\/strong>. Antes, por\u00e9m, no dia 18 de maio a equipe t\u00e9cnica da Defesa Civil de Jundia\u00ed participa da <strong>Oficina de Prepara\u00e7\u00e3o<\/strong> para essa opera\u00e7\u00e3o, em Campinas.<\/p>\n<p>O coronel Minoro explica que, <strong>apesar de, em alguns meses durante a Opera\u00e7\u00e3o ter chovido acima da m\u00e9dia hist\u00f3rica da cidade, o n\u00famero de chamados ao \u00f3rg\u00e3o foi reduzido em quase 70%<\/strong>.<\/p>\n<p>\u201cNo ano passado, a Defesa Civil de Jundia\u00ed recebeu e atendeu <strong>499 chamados<\/strong>\u00a0durante a Opera\u00e7\u00e3o Ver\u00e3o. J\u00e1 neste ano, o n\u00famero caiu para <strong>162<\/strong>, o que significa a <strong>redu\u00e7\u00e3o de 67,53%<\/strong>. E esperamos que os resultados da pr\u00f3xima Opera\u00e7\u00e3o Ver\u00e3o sejam ainda melhores\u201d, explica.<\/p>\n<p>Outro destaque registrado no relat\u00f3rio t\u00e9cnico da Opera\u00e7\u00e3o Ver\u00e3o d\u00e1 conta tamb\u00e9m da<strong> redu\u00e7\u00e3o dos n\u00fameros de interdi\u00e7\u00f5es e de pessoas desalojadas por causa de inunda\u00e7\u00f5es em suas casas<\/strong>. Foram <strong>85 <\/strong>interdi\u00e7\u00f5es no ano passado, com<strong> 171 pessoas desalojadas<\/strong>, contra <strong>tr\u00eas interdi\u00e7\u00f5es neste ano, com 17 pessoas que tiveram de deixar a moradia temporariamente<\/strong>.<\/p>\n<p>Os bairros que registraram deslizamentos de terra, por causa das chuvas, durante esse per\u00edodo, tamb\u00e9m foram em <strong>menor n\u00famero do que no ano anterior. 51 contra 12<\/strong>.<\/p>\n<p><strong>For\u00e7a Tarefa<\/strong><br \/>\nO mesmo decreto municipal que instituiu a Opera\u00e7\u00e3o Ver\u00e3o tamb\u00e9m criou a <strong>For\u00e7a Tarefa Intersecretarial<\/strong>. Composta por v\u00e1rias unidades de gest\u00e3o da Prefeitura, a For\u00e7a Tarefa se configurou na metodologia para o desenvolvimento das a\u00e7\u00f5es da opera\u00e7\u00e3o.<\/p>\n<p>\u201cN\u00e3o podemos deixar de manifestar os<strong> elogios pelo profissionalismo dos componentes da For\u00e7a Tarefa Intersecretarial<\/strong>, que sempre esteve preparada para o atendimento \u00e0s emerg\u00eancias, em virtude das chuvas e ventos do per\u00edodo\u201d, disse coronel Minoro. \u201cO desafio foi grande, mas superado, j\u00e1 que n\u00e3o podemos esquecer que todos foram empossados no servi\u00e7o p\u00fablico no dia 1\u00ba de janeiro, in\u00edcio do novo governo municipal\u201d, completou.<\/p>\n<p><strong>A\u00e7\u00f5es educativas<\/strong><br \/>\nN\u00e3o s\u00f3 as <strong>vistorias<\/strong> t\u00e9cnicas fizeram parte das a\u00e7\u00f5es da Defesa Civil, durante a Opera\u00e7\u00e3o Ver\u00e3o. <strong>Duas palestras educativas, destinadas aos moradores de dois bairros daqueles classificados como de risco (Jardim Novo Horizonte e Jardim das Tulipas) foram realizadas<\/strong>.<\/p>\n<p>As palestras foram proferidas pelo engenheiro volunt\u00e1rio S\u00e9rgio Barreto Miranda e contou com a participa\u00e7\u00e3o de <strong>mais de 80 moradores<\/strong>.<\/p>\n<p><strong><em>Assessoria de Imprensa<br \/>\nFoto: Fot\u00f3grafos PMJ<\/em><\/strong><\/p>\n","protected":false},"excerpt":{"rendered":"<p>Nem o grande volume das \u201c\u00e1guas de mar\u00e7o\u201d foi capaz de provocar situa\u00e7\u00f5es em que a Defesa Civil de Jundia\u00ed n\u00e3o pudesse obter bons resultados em suas a\u00e7\u00f5es. Nessa sexta-feira (31), o \u00f3rg\u00e3o encerrou a Opera\u00e7\u00e3o Ver\u00e3o 2016\/17, iniciada em 1\u00ba de dezembro de 2016 e j\u00e1 emitiu seu relat\u00f3rio t\u00e9cnico, onde registra bons resultados, [&hellip;]<\/p>\n","protected":false},"author":14,"featured_media":0,"comment_status":"closed","ping_status":"closed","sticky":false,"template":"","format":"standard","meta":{"footnotes":""},"categories":[2],"tags":[34],"ods":[],"class_list":["post-195013","post","type-post","status-publish","format-standard","hentry","category-noticias","tag-defesa-civil"],"_links":{"self":[{"href":"https:\/\/jundiai.sp.gov.br\/noticias\/wp-json\/wp\/v2\/posts\/195013","targetHints":{"allow":["GET"]}}],"collection":[{"href":"https:\/\/jundiai.sp.gov.br\/noticias\/wp-json\/wp\/v2\/posts"}],"about":[{"href":"https:\/\/jundiai.sp.gov.br\/noticias\/wp-json\/wp\/v2\/types\/post"}],"author":[{"embeddable":true,"href":"https:\/\/jundiai.sp.gov.br\/noticias\/wp-json\/wp\/v2\/users\/14"}],"replies":[{"embeddable":true,"href":"https:\/\/jundiai.sp.gov.br\/noticias\/wp-json\/wp\/v2\/comments?post=195013"}],"version-history":[{"count":2,"href":"https:\/\/jundiai.sp.gov.br\/noticias\/wp-json\/wp\/v2\/posts\/195013\/revisions"}],"predecessor-version":[{"id":195016,"href":"https:\/\/jundiai.sp.gov.br\/noticias\/wp-json\/wp\/v2\/posts\/195013\/revisions\/195016"}],"wp:attachment":[{"href":"https:\/\/jundiai.sp.gov.br\/noticias\/wp-json\/wp\/v2\/media?parent=195013"}],"wp:term":[{"taxonomy":"category","embeddable":true,"href":"https:\/\/jundiai.sp.gov.br\/noticias\/wp-json\/wp\/v2\/categories?post=195013"},{"taxonomy":"post_tag","embeddable":true,"href":"https:\/\/jundiai.sp.gov.br\/noticias\/wp-json\/wp\/v2\/tags?post=195013"},{"taxonomy":"ods","embeddable":true,"href":"https:\/\/jundiai.sp.gov.br\/noticias\/wp-json\/wp\/v2\/ods?post=195013"}],"curies":[{"name":"wp","href":"https:\/\/api.w.org\/{rel}","templated":true}]}}