{"id":195102,"date":"2017-04-04T18:21:02","date_gmt":"2017-04-04T21:21:02","guid":{"rendered":"https:\/\/jundiai.sp.gov.br\/noticias\/?p=195102"},"modified":"2017-04-05T09:43:20","modified_gmt":"2017-04-05T12:43:20","slug":"prefeitura-encaminha-oficio-ao-daee-para-resolver-enchentes-no-tulipas","status":"publish","type":"post","link":"https:\/\/jundiai.sp.gov.br\/noticias\/2017\/04\/04\/prefeitura-encaminha-oficio-ao-daee-para-resolver-enchentes-no-tulipas\/","title":{"rendered":"Prefeitura encaminha of\u00edcio ao DAEE para resolver enchentes no Tulipas"},"content":{"rendered":"<p><strong>Os moradores do Jardim das Tulipas enfrentam problemas com enchentes h\u00e1 cerca de tr\u00eas anos. Na busca por solu\u00e7\u00f5es, representantes da Prefeitura estiveram no bairro, na segunda-feira (3), e garantiram o encaminhamento de of\u00edcio ao Departamento de \u00c1gua e Energia El\u00e9trica (DAEE) para que seja feito o desassoreamento no trecho do Rio Jundia\u00ed no Jardim das Tulipas.<\/strong><\/p>\n<p>O trabalho de desassoreamento do rio ter\u00e1 por objetivo<strong> garantir a capacidade de vaz\u00e3o do rio, minimizando o risco de inunda\u00e7\u00f5es<\/strong> no bairro.<\/p>\n<p><strong>LEIA TAMB\u00c9M<\/strong><br \/>\n<a href=\"https:\/\/jundiai.sp.gov.br\/noticias\/2017\/04\/04\/prefeitura-reduz-tempo-para-liberacao-de-hidrometros\/\">Prefeitura reduz tempo para libera\u00e7\u00e3o de hidr\u00f4metros<\/a><br \/>\n<a href=\"https:\/\/jundiai.sp.gov.br\/noticias\/2017\/04\/05\/prefeitura-entrega-matriculas-a-moradores-de-loteamentos-regularizados\/\">Prefeitura entrega matr\u00edculas de loteamentos regularizados<\/a><\/p>\n<div id=\"attachment_195103\" style=\"width: 1250px\" class=\"wp-caption aligncenter\"><a href=\"https:\/\/jundiai.sp.gov.br\/noticias\/wp-content\/uploads\/sites\/32\/2017\/04\/reuni\u00e3o-tulipas-7.jpg\"><img loading=\"lazy\" decoding=\"async\" aria-describedby=\"caption-attachment-195103\" class=\"size-full wp-image-195103\" src=\"https:\/\/jundiai.sp.gov.br\/noticias\/wp-content\/uploads\/sites\/32\/2017\/04\/reuni\u00e3o-tulipas-7.jpg\" alt=\"\" width=\"1240\" height=\"665\" srcset=\"https:\/\/jundiai.sp.gov.br\/noticias\/wp-content\/uploads\/sites\/32\/2017\/04\/reuni\u00e3o-tulipas-7.jpg 1240w, https:\/\/jundiai.sp.gov.br\/noticias\/wp-content\/uploads\/sites\/32\/2017\/04\/reuni\u00e3o-tulipas-7-300x161.jpg 300w, https:\/\/jundiai.sp.gov.br\/noticias\/wp-content\/uploads\/sites\/32\/2017\/04\/reuni\u00e3o-tulipas-7-768x412.jpg 768w, https:\/\/jundiai.sp.gov.br\/noticias\/wp-content\/uploads\/sites\/32\/2017\/04\/reuni\u00e3o-tulipas-7-720x386.jpg 720w\" sizes=\"auto, (max-width: 1240px) 100vw, 1240px\" \/><\/a><p id=\"caption-attachment-195103\" class=\"wp-caption-text\">Reuni\u00e3o teve como pauta principal o problema das enchentes no bairro<\/p><\/div>\n<p><strong>Ainda nesta ter\u00e7a-feira (4), de acordo com a Prefeitura, o documento foi protocolado junto ao DAEE com o pedido da obra<\/strong>. Paralelo a isso, a Unidade de Infraestrutura e Servi\u00e7os P\u00fablicos realiza um <strong>estudo de redimensionamento das galerias de \u00e1guas pluviais<\/strong> no bairro. \u201cEssa verifica\u00e7\u00e3o <strong>j\u00e1 est\u00e1 em andamento<\/strong> e est\u00e1 sendo tratada de forma <strong>priorit\u00e1ria<\/strong>\u201d, afirmou o prefeito Luiz Fernando Machado, que tamb\u00e9m esteve presente \u00e0 reuni\u00e3o.<\/p>\n<p>\u201cTodas as iniciativas que buscam a melhoria no desempenho das <strong>atividades de presta\u00e7\u00e3o de servi\u00e7os<\/strong> ao cidad\u00e3o e tamb\u00e9m a <strong>qualidade dos bairro<\/strong>s ser\u00e3o tomadas\u201d, acrescentou o prefeito.<\/p>\n<p>O plano de a\u00e7\u00e3o executado pela Unidade de Infraestrutura e Servi\u00e7os P\u00fablicos chegou ao Jardim das Tulipas na \u00faltima quinta-feira (30), com<strong> tapa-buracos, limpeza e corte de mato<\/strong>.<\/p>\n<p><strong><em>Assessoria de Imprensa<br \/>\nFoto: Fot\u00f3grafos PMJ<\/em><\/strong><\/p>\n","protected":false},"excerpt":{"rendered":"<p>Os moradores do Jardim das Tulipas enfrentam problemas com enchentes h\u00e1 cerca de tr\u00eas anos. Na busca por solu\u00e7\u00f5es, representantes da Prefeitura estiveram no bairro, na segunda-feira (3), e garantiram o encaminhamento de of\u00edcio ao Departamento de \u00c1gua e Energia El\u00e9trica (DAEE) para que seja feito o desassoreamento no trecho do Rio Jundia\u00ed no Jardim [&hellip;]<\/p>\n","protected":false},"author":14,"featured_media":0,"comment_status":"closed","ping_status":"closed","sticky":false,"template":"","format":"standard","meta":{"footnotes":""},"categories":[2],"tags":[985,58],"ods":[],"class_list":["post-195102","post","type-post","status-publish","format-standard","hentry","category-noticias","tag-infraestrutura-e-servicos-publicos","tag-prefeito"],"_links":{"self":[{"href":"https:\/\/jundiai.sp.gov.br\/noticias\/wp-json\/wp\/v2\/posts\/195102","targetHints":{"allow":["GET"]}}],"collection":[{"href":"https:\/\/jundiai.sp.gov.br\/noticias\/wp-json\/wp\/v2\/posts"}],"about":[{"href":"https:\/\/jundiai.sp.gov.br\/noticias\/wp-json\/wp\/v2\/types\/post"}],"author":[{"embeddable":true,"href":"https:\/\/jundiai.sp.gov.br\/noticias\/wp-json\/wp\/v2\/users\/14"}],"replies":[{"embeddable":true,"href":"https:\/\/jundiai.sp.gov.br\/noticias\/wp-json\/wp\/v2\/comments?post=195102"}],"version-history":[{"count":5,"href":"https:\/\/jundiai.sp.gov.br\/noticias\/wp-json\/wp\/v2\/posts\/195102\/revisions"}],"predecessor-version":[{"id":195133,"href":"https:\/\/jundiai.sp.gov.br\/noticias\/wp-json\/wp\/v2\/posts\/195102\/revisions\/195133"}],"wp:attachment":[{"href":"https:\/\/jundiai.sp.gov.br\/noticias\/wp-json\/wp\/v2\/media?parent=195102"}],"wp:term":[{"taxonomy":"category","embeddable":true,"href":"https:\/\/jundiai.sp.gov.br\/noticias\/wp-json\/wp\/v2\/categories?post=195102"},{"taxonomy":"post_tag","embeddable":true,"href":"https:\/\/jundiai.sp.gov.br\/noticias\/wp-json\/wp\/v2\/tags?post=195102"},{"taxonomy":"ods","embeddable":true,"href":"https:\/\/jundiai.sp.gov.br\/noticias\/wp-json\/wp\/v2\/ods?post=195102"}],"curies":[{"name":"wp","href":"https:\/\/api.w.org\/{rel}","templated":true}]}}