{"id":195256,"date":"2017-04-07T14:07:01","date_gmt":"2017-04-07T17:07:01","guid":{"rendered":"https:\/\/jundiai.sp.gov.br\/noticias\/?p=195256"},"modified":"2017-04-10T16:58:57","modified_gmt":"2017-04-10T19:58:57","slug":"edicao-da-imprensa-oficial-estara-disponivel-na-internet-neste-sabado-8","status":"publish","type":"post","link":"https:\/\/jundiai.sp.gov.br\/noticias\/2017\/04\/07\/edicao-da-imprensa-oficial-estara-disponivel-na-internet-neste-sabado-8\/","title":{"rendered":"Edi\u00e7\u00e3o da Imprensa Oficial est\u00e1 dispon\u00edvel desde este s\u00e1bado (8)"},"content":{"rendered":"<p><strong>A Unidade de Inova\u00e7\u00e3o e Rela\u00e7\u00e3o com o Cidad\u00e3o, respons\u00e1vel pela publica\u00e7\u00e3o da <a href=\"http:\/\/imprensaoficial.jundiai.sp.gov.br\/\" target=\"_blank\">Imprensa Oficial do Munic\u00edpio<\/a>, informa que a edi\u00e7\u00e3o 4262, desta sexta-feira (7) estar\u00e1 disponibilizada na <a href=\"http:\/\/imprensaoficial.jundiai.sp.gov.br\/\" target=\"_blank\">Internet<\/a>, neste s\u00e1bado (8).<\/strong><\/p>\n<p>J\u00e1 a<strong> vers\u00e3o impressa poder\u00e1 ser retirada a partir de segunda-feira (10)<\/strong>, nos locais de distribui\u00e7\u00e3o: <strong>Pa\u00e7o Municipal, Complexo Argos, <a href=\"http:\/\/www.jundiai.sp.leg.br\/\" target=\"_blank\">C\u00e2mara Municipal<\/a>, <a href=\"https:\/\/biblioteca.jundiai.sp.gov.br\/\" target=\"_blank\">Biblioteca P\u00fablica<\/a>, Casa da Cultura, <a href=\"http:\/\/fumas.jundiai.sp.gov.br\/\" target=\"_blank\">Funda\u00e7\u00e3o Municipal de A\u00e7\u00e3o Social (Fumas)<\/a> e <a href=\"https:\/\/www.daejundiai.com.br\/\" target=\"_blank\">DAE<\/a><\/strong>.<\/p>\n<div id=\"attachment_195279\" style=\"width: 1290px\" class=\"wp-caption aligncenter\"><a href=\"https:\/\/jundiai.sp.gov.br\/noticias\/wp-content\/uploads\/sites\/32\/2017\/04\/imprensa-oficial-28.jpg\"><img loading=\"lazy\" decoding=\"async\" aria-describedby=\"caption-attachment-195279\" class=\"size-full wp-image-195279\" src=\"https:\/\/jundiai.sp.gov.br\/noticias\/wp-content\/uploads\/sites\/32\/2017\/04\/imprensa-oficial-28.jpg\" alt=\"\" width=\"1280\" height=\"850\" srcset=\"https:\/\/jundiai.sp.gov.br\/noticias\/wp-content\/uploads\/sites\/32\/2017\/04\/imprensa-oficial-28.jpg 1280w, https:\/\/jundiai.sp.gov.br\/noticias\/wp-content\/uploads\/sites\/32\/2017\/04\/imprensa-oficial-28-300x199.jpg 300w, https:\/\/jundiai.sp.gov.br\/noticias\/wp-content\/uploads\/sites\/32\/2017\/04\/imprensa-oficial-28-768x510.jpg 768w, https:\/\/jundiai.sp.gov.br\/noticias\/wp-content\/uploads\/sites\/32\/2017\/04\/imprensa-oficial-28-720x478.jpg 720w\" sizes=\"auto, (max-width: 1280px) 100vw, 1280px\" \/><\/a><p id=\"caption-attachment-195279\" class=\"wp-caption-text\">Vers\u00e3o impressa poder\u00e1 ser retirada a partir de segunda-feira (10)<\/p><\/div>\n<p><strong><em>Assessoria de Imprensa<br \/>\nFoto: Fot\u00f3grafos PMJ<\/em><\/strong><\/p>\n","protected":false},"excerpt":{"rendered":"<p>Tamb\u00e9m a vers\u00e3o impressa da Edi\u00e7\u00e3o 4262 j\u00e1 pode ser retirada no Pa\u00e7o, Complexo Argos, C\u00e2mara, Biblioteca, Casa da Cultura, Fumas e DAE<\/p>\n","protected":false},"author":14,"featured_media":195278,"comment_status":"closed","ping_status":"closed","sticky":false,"template":"","format":"standard","meta":{"footnotes":""},"categories":[2],"tags":[505,428,666,419,66,49,728,1005,138],"ods":[],"class_list":["post-195256","post","type-post","status-publish","format-standard","has-post-thumbnail","hentry","category-noticias","tag-biblioteca-municipal-professor-nelson-foot","tag-camara-municipal","tag-casa-da-cultura","tag-complexo-argos","tag-dae","tag-fundacao-municipal-de-acao-social-fumas","tag-imprensa-oficial","tag-inovacao-e-relacao-com-o-cidadao","tag-paco-municipal"],"_links":{"self":[{"href":"https:\/\/jundiai.sp.gov.br\/noticias\/wp-json\/wp\/v2\/posts\/195256","targetHints":{"allow":["GET"]}}],"collection":[{"href":"https:\/\/jundiai.sp.gov.br\/noticias\/wp-json\/wp\/v2\/posts"}],"about":[{"href":"https:\/\/jundiai.sp.gov.br\/noticias\/wp-json\/wp\/v2\/types\/post"}],"author":[{"embeddable":true,"href":"https:\/\/jundiai.sp.gov.br\/noticias\/wp-json\/wp\/v2\/users\/14"}],"replies":[{"embeddable":true,"href":"https:\/\/jundiai.sp.gov.br\/noticias\/wp-json\/wp\/v2\/comments?post=195256"}],"version-history":[{"count":9,"href":"https:\/\/jundiai.sp.gov.br\/noticias\/wp-json\/wp\/v2\/posts\/195256\/revisions"}],"predecessor-version":[{"id":195354,"href":"https:\/\/jundiai.sp.gov.br\/noticias\/wp-json\/wp\/v2\/posts\/195256\/revisions\/195354"}],"wp:featuredmedia":[{"embeddable":true,"href":"https:\/\/jundiai.sp.gov.br\/noticias\/wp-json\/wp\/v2\/media\/195278"}],"wp:attachment":[{"href":"https:\/\/jundiai.sp.gov.br\/noticias\/wp-json\/wp\/v2\/media?parent=195256"}],"wp:term":[{"taxonomy":"category","embeddable":true,"href":"https:\/\/jundiai.sp.gov.br\/noticias\/wp-json\/wp\/v2\/categories?post=195256"},{"taxonomy":"post_tag","embeddable":true,"href":"https:\/\/jundiai.sp.gov.br\/noticias\/wp-json\/wp\/v2\/tags?post=195256"},{"taxonomy":"ods","embeddable":true,"href":"https:\/\/jundiai.sp.gov.br\/noticias\/wp-json\/wp\/v2\/ods?post=195256"}],"curies":[{"name":"wp","href":"https:\/\/api.w.org\/{rel}","templated":true}]}}