{"id":195687,"date":"2017-04-17T17:25:08","date_gmt":"2017-04-17T20:25:08","guid":{"rendered":"https:\/\/jundiai.sp.gov.br\/noticias\/?p=195687"},"modified":"2017-04-18T18:50:02","modified_gmt":"2017-04-18T21:50:02","slug":"agita-jundiai-chega-ao-santa-gertrudes-colonia-e-vila-rami","status":"publish","type":"post","link":"https:\/\/jundiai.sp.gov.br\/noticias\/2017\/04\/17\/agita-jundiai-chega-ao-santa-gertrudes-colonia-e-vila-rami\/","title":{"rendered":"&#8216;Agita Jundia\u00ed&#8217; chega ao Santa Gertrudes, Col\u00f4nia e Vila Rami"},"content":{"rendered":"<p><strong>Que tal come\u00e7ar um novo dia com uma atividade f\u00edsica? Essa \u00e9 a proposta da Unidade de Gest\u00e3o de Esporte e Lazer para os moradores do Jardim Santa Gertrudes, que nesta ter\u00e7a-feira (18), a partir das 7h, poder\u00e3o participar gratuitamente da aula de Zumba, sob a orienta\u00e7\u00e3o da professora Alessandra Citelli, aberta a pessoas de todas as idades, no Complexo Educacional, Cultural e Esportivo (CECE) Vanderlei Antonio, naquele bairro.<\/strong><\/p>\n<p><strong>LEIA TAMB\u00c9M<\/strong><br \/>\n<a href=\"https:\/\/jundiai.sp.gov.br\/noticias\/2017\/04\/12\/festival-de-atletismo-do-peama-invade-a-pista-do-bolao\/\">Festival de Atletismo do Peama invade a pista do Bol\u00e3o<\/a><br \/>\n<a href=\"https:\/\/jundiai.sp.gov.br\/noticias\/2017\/04\/06\/por-r-6-a-hora-alugue-uma-bicicleta-no-parque-da-cidade-e-ajude-o-peama\/\">Por R$ 6 a hora, alugue uma bicicleta no Parque da Cidade<\/a><\/p>\n<p>A atividade integra as a\u00e7\u00f5es do <strong>Projeto Agita Jundia\u00ed<\/strong>, que tem por objetivo possibilitar o <strong>acesso de um maior n\u00famero de pessoas \u00e0s atividades f\u00edsicas e esportivas visando ao bem-estar e \u00e0 qualidade de vida<\/strong> aos participantes. Para a aula de Zumba, com dura\u00e7\u00e3o de <strong>50 minutos<\/strong>, os participantes dever\u00e3o usar<strong> roupas leves, levar uma toalha e garrafa de \u00e1gua<\/strong>.<\/p>\n<p>Ainda esta semana, os moradores de mais dois bairros poder\u00e3o participar das aulas de Zumba:<\/p>\n<ul>\n<li><strong>Col\u00f4nia<\/strong> \u2013 quarta-feira (19), a partir das 19h, no CECE Dr. Rom\u00e3o de Souza;<\/li>\n<li><strong>Vila Rami<\/strong> \u2013 quinta-feira (20), a partir das 18h, no CECE Francisco Dal Santo.<\/li>\n<\/ul>\n<div id=\"attachment_193861\" style=\"width: 1290px\" class=\"wp-caption aligncenter\"><a href=\"https:\/\/jundiai.sp.gov.br\/noticias\/wp-content\/uploads\/sites\/32\/2017\/03\/agita_jundiai.jpg\"><img loading=\"lazy\" decoding=\"async\" aria-describedby=\"caption-attachment-193861\" class=\"size-full wp-image-193861\" src=\"https:\/\/jundiai.sp.gov.br\/noticias\/wp-content\/uploads\/sites\/32\/2017\/03\/agita_jundiai.jpg\" alt=\"\" width=\"1280\" height=\"853\" srcset=\"https:\/\/jundiai.sp.gov.br\/noticias\/wp-content\/uploads\/sites\/32\/2017\/03\/agita_jundiai.jpg 1280w, https:\/\/jundiai.sp.gov.br\/noticias\/wp-content\/uploads\/sites\/32\/2017\/03\/agita_jundiai-300x200.jpg 300w, https:\/\/jundiai.sp.gov.br\/noticias\/wp-content\/uploads\/sites\/32\/2017\/03\/agita_jundiai-768x512.jpg 768w, https:\/\/jundiai.sp.gov.br\/noticias\/wp-content\/uploads\/sites\/32\/2017\/03\/agita_jundiai-720x480.jpg 720w\" sizes=\"auto, (max-width: 1280px) 100vw, 1280px\" \/><\/a><p id=\"caption-attachment-193861\" class=\"wp-caption-text\">O Agita Jundia\u00ed tem por objetivo possibilitar o acesso de um maior n\u00famero de pessoas \u00e0s atividades f\u00edsicas e esportivas<\/p><\/div>\n<p><strong><em>Assessoria de Imprensa<br \/>\nFoto: Arquivo PMJ<\/em><\/strong><\/p>\n","protected":false},"excerpt":{"rendered":"<p>Projeto tem por objetivo possibilitar o acesso das pessoas \u00e0s atividades f\u00edsicas e esportivas visando ao bem-estar e \u00e0 qualidade de vida<\/p>\n","protected":false},"author":14,"featured_media":194480,"comment_status":"closed","ping_status":"closed","sticky":false,"template":"","format":"standard","meta":{"footnotes":""},"categories":[2],"tags":[953,411],"ods":[],"class_list":["post-195687","post","type-post","status-publish","format-standard","has-post-thumbnail","hentry","category-noticias","tag-agita-jundiai","tag-centro-esportivo"],"_links":{"self":[{"href":"https:\/\/jundiai.sp.gov.br\/noticias\/wp-json\/wp\/v2\/posts\/195687","targetHints":{"allow":["GET"]}}],"collection":[{"href":"https:\/\/jundiai.sp.gov.br\/noticias\/wp-json\/wp\/v2\/posts"}],"about":[{"href":"https:\/\/jundiai.sp.gov.br\/noticias\/wp-json\/wp\/v2\/types\/post"}],"author":[{"embeddable":true,"href":"https:\/\/jundiai.sp.gov.br\/noticias\/wp-json\/wp\/v2\/users\/14"}],"replies":[{"embeddable":true,"href":"https:\/\/jundiai.sp.gov.br\/noticias\/wp-json\/wp\/v2\/comments?post=195687"}],"version-history":[{"count":7,"href":"https:\/\/jundiai.sp.gov.br\/noticias\/wp-json\/wp\/v2\/posts\/195687\/revisions"}],"predecessor-version":[{"id":195715,"href":"https:\/\/jundiai.sp.gov.br\/noticias\/wp-json\/wp\/v2\/posts\/195687\/revisions\/195715"}],"wp:featuredmedia":[{"embeddable":true,"href":"https:\/\/jundiai.sp.gov.br\/noticias\/wp-json\/wp\/v2\/media\/194480"}],"wp:attachment":[{"href":"https:\/\/jundiai.sp.gov.br\/noticias\/wp-json\/wp\/v2\/media?parent=195687"}],"wp:term":[{"taxonomy":"category","embeddable":true,"href":"https:\/\/jundiai.sp.gov.br\/noticias\/wp-json\/wp\/v2\/categories?post=195687"},{"taxonomy":"post_tag","embeddable":true,"href":"https:\/\/jundiai.sp.gov.br\/noticias\/wp-json\/wp\/v2\/tags?post=195687"},{"taxonomy":"ods","embeddable":true,"href":"https:\/\/jundiai.sp.gov.br\/noticias\/wp-json\/wp\/v2\/ods?post=195687"}],"curies":[{"name":"wp","href":"https:\/\/api.w.org\/{rel}","templated":true}]}}