{"id":195787,"date":"2017-04-18T18:37:33","date_gmt":"2017-04-18T21:37:33","guid":{"rendered":"https:\/\/jundiai.sp.gov.br\/noticias\/?p=195787"},"modified":"2017-04-20T11:11:18","modified_gmt":"2017-04-20T14:11:18","slug":"saude-reforca-vacina-contra-febre-amarela-na-zona-rural","status":"publish","type":"post","link":"https:\/\/jundiai.sp.gov.br\/noticias\/2017\/04\/18\/saude-reforca-vacina-contra-febre-amarela-na-zona-rural\/","title":{"rendered":"Promo\u00e7\u00e3o da Sa\u00fade refor\u00e7a vacina contra febre amarela na zona rural"},"content":{"rendered":"<p><strong>Por determina\u00e7\u00e3o da Secretaria Estadual de Sa\u00fade, a partir desta sexta-feira (21), a Unidade de Gest\u00e3o de Promo\u00e7\u00e3o da Sa\u00fade estender\u00e1 a vacina\u00e7\u00e3o contra a febre amarela \u00e0 zona rural de Jundia\u00ed. As doses ser\u00e3o aplicadas casa a casa somente entre os moradores dos bairros Jundia\u00ed-Mirim, Roseira, Toca, Mato Dentro, Caxambu e Rio Acima.<\/strong><\/p>\n<p>Considerando a <strong>situa\u00e7\u00e3o epidemiol\u00f3gica da febre amarela na regi\u00e3o<\/strong> de Jundia\u00ed, onde casos foram confirmados em munic\u00edpios pr\u00f3ximos (Campinas e Vinhedo), o Departamento Regional de Sa\u00fade (DR7) optou por <strong>incluir a vacina\u00e7\u00e3o na zona rural<\/strong>. \u201cEssa medida visa<strong> proteger esses moradores antes que o v\u00edrus comece a circular em nosso munic\u00edpio. Vale ressaltar que, at\u00e9 o momento, Jundia\u00ed n\u00e3o apresenta caso positivo em humanos ou em macacos<\/strong>\u201d, refor\u00e7a a enfermeira respons\u00e1vel pela Vigil\u00e2ncia Epidemiol\u00f3gica, Maria do Carmo Possidente.<\/p>\n<p><strong>LEIA TAMB\u00c9M<\/strong><br \/>\n<a href=\"https:\/\/jundiai.sp.gov.br\/noticias\/2017\/04\/17\/prefeitura-e-estado-se-unem-no-combate-ao-aedes-aegypti\/\">Prefeitura e Estado se unem no combate ao Aedes aegypti<\/a><br \/>\n<a href=\"https:\/\/jundiai.sp.gov.br\/noticias\/2017\/04\/17\/vacina-contra-a-influenza-e-a-forma-mais-eficaz-de-prevencao\/\">Vacina contra a Influenza \u00e9 a forma mais eficaz de preven\u00e7\u00e3o<\/a><\/p>\n<div id=\"attachment_195789\" style=\"width: 1250px\" class=\"wp-caption aligncenter\"><a href=\"https:\/\/jundiai.sp.gov.br\/noticias\/wp-content\/uploads\/sites\/32\/2017\/04\/vacinafebreamarela.jpg\"><img loading=\"lazy\" decoding=\"async\" aria-describedby=\"caption-attachment-195789\" class=\"size-full wp-image-195789\" src=\"https:\/\/jundiai.sp.gov.br\/noticias\/wp-content\/uploads\/sites\/32\/2017\/04\/vacinafebreamarela.jpg\" alt=\"\" width=\"1240\" height=\"756\" srcset=\"https:\/\/jundiai.sp.gov.br\/noticias\/wp-content\/uploads\/sites\/32\/2017\/04\/vacinafebreamarela.jpg 1240w, https:\/\/jundiai.sp.gov.br\/noticias\/wp-content\/uploads\/sites\/32\/2017\/04\/vacinafebreamarela-300x183.jpg 300w, https:\/\/jundiai.sp.gov.br\/noticias\/wp-content\/uploads\/sites\/32\/2017\/04\/vacinafebreamarela-768x468.jpg 768w, https:\/\/jundiai.sp.gov.br\/noticias\/wp-content\/uploads\/sites\/32\/2017\/04\/vacinafebreamarela-1160x707.jpg 1160w\" sizes=\"auto, (max-width: 1240px) 100vw, 1240px\" \/><\/a><p id=\"caption-attachment-195789\" class=\"wp-caption-text\">Jundia\u00ed-Mirim, Roseira, Toca, Mato Dentro, Caxambu e Rio Acima recebem a a\u00e7\u00e3o<\/p><\/div>\n<p>De acordo com o \u00faltimo censo do Instituto Brasileiro de Geografia e Estat\u00edstica (IBGE), <strong>cerca de 19 mil pessoas residem na zona rural de Jundia\u00ed<\/strong>. \u201cA cobertura vacinal deve incluir toda esta parcela da popula\u00e7\u00e3o. Portanto, <strong>iniciamos a vacina\u00e7\u00e3o nesta sexta-feira (21), devendo se estender at\u00e9 que todos sejam imunizados<\/strong>\u201d, garante Maria do Carmo.<\/p>\n<p>A Vigil\u00e2ncia Epidemiol\u00f3gica <strong>continuar\u00e1 disponibilizando a vacina \u00e0quelas pessoas que viajar\u00e3o<\/strong> para as \u00e1reas consideradas de risco. Para estes casos, vale lembrar que a vacina\u00e7\u00e3o acontece mediante agendamento pr\u00e9vio nas <strong>Unidades B\u00e1sicas de Sa\u00fade (UBSs) da Agapeama e Central<\/strong>.<\/p>\n<p>Este <strong>agendamento deve ser feito pessoalmente, de segunda a sexta-feira, das 8h30 \u00e0s 11h30 e das 13h \u00e0s 16h30<\/strong>. A UBS da Agapeama fica na rua Luiz Carpi, 238 e a UBS Central na avenida Ant\u00f4nio Segre, 71. Esta Unidade fornece o<strong> Certificado Internacional de Vacina\u00e7\u00e3o e Profilaxia (CIVP)<\/strong>.<\/p>\n<p><strong><em>Assessoria de Imprensa<br \/>\nFoto: Arquivo PMJ<\/em><\/strong><\/p>\n","protected":false},"excerpt":{"rendered":"<p>MAIS PROMO\u00c7\u00c3O DA SA\u00daDE: Campanha de Vacina\u00e7\u00e3o contra a Influenza deve prosseguir at\u00e9 o dia 26 de maio <\/p>\n","protected":false},"author":14,"featured_media":195788,"comment_status":"closed","ping_status":"closed","sticky":false,"template":"","format":"standard","meta":{"footnotes":""},"categories":[2],"tags":[957,981,665,421,317],"ods":[],"class_list":["post-195787","post","type-post","status-publish","format-standard","has-post-thumbnail","hentry","category-noticias","tag-febre-amarela","tag-promocao-da-saude","tag-unidade-basica-de-saude-ubs","tag-vacinacao","tag-vigilancia-epidemiologica"],"_links":{"self":[{"href":"https:\/\/jundiai.sp.gov.br\/noticias\/wp-json\/wp\/v2\/posts\/195787","targetHints":{"allow":["GET"]}}],"collection":[{"href":"https:\/\/jundiai.sp.gov.br\/noticias\/wp-json\/wp\/v2\/posts"}],"about":[{"href":"https:\/\/jundiai.sp.gov.br\/noticias\/wp-json\/wp\/v2\/types\/post"}],"author":[{"embeddable":true,"href":"https:\/\/jundiai.sp.gov.br\/noticias\/wp-json\/wp\/v2\/users\/14"}],"replies":[{"embeddable":true,"href":"https:\/\/jundiai.sp.gov.br\/noticias\/wp-json\/wp\/v2\/comments?post=195787"}],"version-history":[{"count":4,"href":"https:\/\/jundiai.sp.gov.br\/noticias\/wp-json\/wp\/v2\/posts\/195787\/revisions"}],"predecessor-version":[{"id":195793,"href":"https:\/\/jundiai.sp.gov.br\/noticias\/wp-json\/wp\/v2\/posts\/195787\/revisions\/195793"}],"wp:featuredmedia":[{"embeddable":true,"href":"https:\/\/jundiai.sp.gov.br\/noticias\/wp-json\/wp\/v2\/media\/195788"}],"wp:attachment":[{"href":"https:\/\/jundiai.sp.gov.br\/noticias\/wp-json\/wp\/v2\/media?parent=195787"}],"wp:term":[{"taxonomy":"category","embeddable":true,"href":"https:\/\/jundiai.sp.gov.br\/noticias\/wp-json\/wp\/v2\/categories?post=195787"},{"taxonomy":"post_tag","embeddable":true,"href":"https:\/\/jundiai.sp.gov.br\/noticias\/wp-json\/wp\/v2\/tags?post=195787"},{"taxonomy":"ods","embeddable":true,"href":"https:\/\/jundiai.sp.gov.br\/noticias\/wp-json\/wp\/v2\/ods?post=195787"}],"curies":[{"name":"wp","href":"https:\/\/api.w.org\/{rel}","templated":true}]}}