{"id":195844,"date":"2017-04-19T16:32:48","date_gmt":"2017-04-19T19:32:48","guid":{"rendered":"https:\/\/jundiai.sp.gov.br\/noticias\/?p=195844"},"modified":"2017-04-20T17:41:24","modified_gmt":"2017-04-20T20:41:24","slug":"programa-de-suplementacao-alimentar-chega-ao-centro-pop","status":"publish","type":"post","link":"https:\/\/jundiai.sp.gov.br\/noticias\/2017\/04\/19\/programa-de-suplementacao-alimentar-chega-ao-centro-pop\/","title":{"rendered":"Programa de Suplementa\u00e7\u00e3o Alimentar chega ao Centro Pop"},"content":{"rendered":"<p><strong>No in\u00edcio de abril, a Funda\u00e7\u00e3o Municipal de A\u00e7\u00e3o Social (Fumas), em parceria com a Unidade de Gest\u00e3o de Assist\u00eancia e Desenvolvimento Social (UGADS), ampliou o programa de Suplementa\u00e7\u00e3o Alimentar oferecendo cerca de 100 refei\u00e7\u00f5es di\u00e1rias para as pessoas em situa\u00e7\u00e3o de rua assistidas pelo Centro Pop.<\/strong><\/p>\n<p><strong>LEIA TAMB\u00c9M<\/strong><br \/>\n<a href=\"https:\/\/jundiai.sp.gov.br\/noticias\/2017\/04\/19\/prefeitura-entrega-21-unidades-habitacionais-na-vila-ana\/\">Prefeitura entrega 21 unidades habitacionais na Vila Ana<\/a><\/p>\n<div id=\"attachment_195849\" style=\"width: 1290px\" class=\"wp-caption aligncenter\"><a href=\"https:\/\/jundiai.sp.gov.br\/noticias\/wp-content\/uploads\/sites\/32\/2017\/04\/Centro-POP-servic\u0327o-de-Refeicao_c_33.jpg\"><img loading=\"lazy\" decoding=\"async\" aria-describedby=\"caption-attachment-195849\" class=\"size-full wp-image-195849\" src=\"https:\/\/jundiai.sp.gov.br\/noticias\/wp-content\/uploads\/sites\/32\/2017\/04\/Centro-POP-servic\u0327o-de-Refeicao_c_33.jpg\" alt=\"\" width=\"1280\" height=\"880\" srcset=\"https:\/\/jundiai.sp.gov.br\/noticias\/wp-content\/uploads\/sites\/32\/2017\/04\/Centro-POP-servic\u0327o-de-Refeicao_c_33.jpg 1280w, https:\/\/jundiai.sp.gov.br\/noticias\/wp-content\/uploads\/sites\/32\/2017\/04\/Centro-POP-servic\u0327o-de-Refeicao_c_33-300x206.jpg 300w, https:\/\/jundiai.sp.gov.br\/noticias\/wp-content\/uploads\/sites\/32\/2017\/04\/Centro-POP-servic\u0327o-de-Refeicao_c_33-768x528.jpg 768w, https:\/\/jundiai.sp.gov.br\/noticias\/wp-content\/uploads\/sites\/32\/2017\/04\/Centro-POP-servic\u0327o-de-Refeicao_c_33-1160x798.jpg 1160w\" sizes=\"auto, (max-width: 1280px) 100vw, 1280px\" \/><\/a><p id=\"caption-attachment-195849\" class=\"wp-caption-text\">No Centro Pop, a refei\u00e7\u00e3o \u00e9 oferecida de segunda a sexta-feira, entre 10h e 14h,<\/p><\/div>\n<p>Distribu\u00eddo em cerca de 15 pontos de n\u00facleos de atua\u00e7\u00e3o da Fumas, o programa de Suplementa\u00e7\u00e3o Alimentar oferece cerca de 800 pratos de sopa para crian\u00e7as (com idade entre 6 meses e 12 anos), idosos, m\u00e3es que estejam amamentando, gestantes e pessoas convalescentes de algum problema de sa\u00fade. \u201c\u00c9 um complemento importante na refei\u00e7\u00e3o di\u00e1ria da crian\u00e7a, que, agora, tamb\u00e9m foi estendido para as pessoas que passam pelo Centro Pop\u201d, acrescentou a superintendente da Fumas, Solange Marques.<\/p>\n<div id=\"attachment_195848\" style=\"width: 410px\" class=\"wp-caption alignright\"><a href=\"https:\/\/jundiai.sp.gov.br\/noticias\/wp-content\/uploads\/sites\/32\/2017\/04\/Centro-POP-servic\u0327o-de-Refeicao_c_7-e1492621402559.jpg\"><img loading=\"lazy\" decoding=\"async\" aria-describedby=\"caption-attachment-195848\" class=\"size-full wp-image-195848\" src=\"https:\/\/jundiai.sp.gov.br\/noticias\/wp-content\/uploads\/sites\/32\/2017\/04\/Centro-POP-servic\u0327o-de-Refeicao_c_7-e1492621402559.jpg\" alt=\"\" width=\"400\" height=\"350\" \/><\/a><p id=\"caption-attachment-195848\" class=\"wp-caption-text\">Programa de Suplementa\u00e7\u00e3o Alimentar oferece cerca de 100 refei\u00e7\u00f5es di\u00e1rias<\/p><\/div>\n<p>A suplementa\u00e7\u00e3o consiste numa sopa processada de carne ou frango, acompanhada de fruta e sobremesa \u00e0 base de leite. No Centro Pop, esta refei\u00e7\u00e3o \u00e9 oferecida de segunda a sexta-feira, entre 10h e 14h, no intervalo entre o caf\u00e9 da manh\u00e3 e o lanche da tarde.<\/p>\n<p>O psic\u00f3logo Antonio S\u00e9rgio Pereira, coordenador do espa\u00e7o, conta que a sopa agradou a todos os assistidos. \u201cEles gostaram bastante. A substitui\u00e7\u00e3o do lanche, que era oferecido antes nesse hor\u00e1rio, pela sopa foi muito bem recebida por eles, que tomam a refei\u00e7\u00e3o \u00e0 vontade\u201d, explica. No \u00faltimo m\u00eas, o Centro atendeu cerca de 500 pessoas, oferecendo atendimento social e psicol\u00f3gico, al\u00e9m da possibilidade de um local para banho e refei\u00e7\u00e3o, e oficinas de encaminhamento para estudos e trabalho.<\/p>\n<p><em><strong>Assessoria de Imprensa<br \/>\nFotos: Fot\u00f3grafos da PMJ<\/strong><\/em><\/p>\n","protected":false},"excerpt":{"rendered":"<p>Cerca de 800 pratos de sopa s\u00e3o oferecidos para crian\u00e7as, idosos, m\u00e3es amamentando, gestantes e pessoas com algum problema de sa\u00fade<\/p>\n","protected":false},"author":30,"featured_media":195860,"comment_status":"closed","ping_status":"closed","sticky":false,"template":"","format":"standard","meta":{"footnotes":""},"categories":[2],"tags":[980,74,49],"ods":[],"class_list":["post-195844","post","type-post","status-publish","format-standard","has-post-thumbnail","hentry","category-noticias","tag-assistencia-e-desenvolvimento-social","tag-centro-pop","tag-fundacao-municipal-de-acao-social-fumas"],"_links":{"self":[{"href":"https:\/\/jundiai.sp.gov.br\/noticias\/wp-json\/wp\/v2\/posts\/195844","targetHints":{"allow":["GET"]}}],"collection":[{"href":"https:\/\/jundiai.sp.gov.br\/noticias\/wp-json\/wp\/v2\/posts"}],"about":[{"href":"https:\/\/jundiai.sp.gov.br\/noticias\/wp-json\/wp\/v2\/types\/post"}],"author":[{"embeddable":true,"href":"https:\/\/jundiai.sp.gov.br\/noticias\/wp-json\/wp\/v2\/users\/30"}],"replies":[{"embeddable":true,"href":"https:\/\/jundiai.sp.gov.br\/noticias\/wp-json\/wp\/v2\/comments?post=195844"}],"version-history":[{"count":10,"href":"https:\/\/jundiai.sp.gov.br\/noticias\/wp-json\/wp\/v2\/posts\/195844\/revisions"}],"predecessor-version":[{"id":195963,"href":"https:\/\/jundiai.sp.gov.br\/noticias\/wp-json\/wp\/v2\/posts\/195844\/revisions\/195963"}],"wp:featuredmedia":[{"embeddable":true,"href":"https:\/\/jundiai.sp.gov.br\/noticias\/wp-json\/wp\/v2\/media\/195860"}],"wp:attachment":[{"href":"https:\/\/jundiai.sp.gov.br\/noticias\/wp-json\/wp\/v2\/media?parent=195844"}],"wp:term":[{"taxonomy":"category","embeddable":true,"href":"https:\/\/jundiai.sp.gov.br\/noticias\/wp-json\/wp\/v2\/categories?post=195844"},{"taxonomy":"post_tag","embeddable":true,"href":"https:\/\/jundiai.sp.gov.br\/noticias\/wp-json\/wp\/v2\/tags?post=195844"},{"taxonomy":"ods","embeddable":true,"href":"https:\/\/jundiai.sp.gov.br\/noticias\/wp-json\/wp\/v2\/ods?post=195844"}],"curies":[{"name":"wp","href":"https:\/\/api.w.org\/{rel}","templated":true}]}}