{"id":196123,"date":"2017-04-24T17:29:55","date_gmt":"2017-04-24T20:29:55","guid":{"rendered":"https:\/\/jundiai.sp.gov.br\/noticias\/?p=196123"},"modified":"2017-04-24T17:29:55","modified_gmt":"2017-04-24T20:29:55","slug":"prefeito-visita-escola-verde-no-ivoturucaia","status":"publish","type":"post","link":"https:\/\/jundiai.sp.gov.br\/noticias\/2017\/04\/24\/prefeito-visita-escola-verde-no-ivoturucaia\/","title":{"rendered":"Prefeito visita Escola Verde, no Ivoturucaia"},"content":{"rendered":"<p><div id=\"attachment_196124\" style=\"width: 410px\" class=\"wp-caption alignright\"><a href=\"https:\/\/jundiai.sp.gov.br\/noticias\/wp-content\/uploads\/sites\/32\/2017\/04\/Prefeito-visita-Escola-Verde-no-Ivoturucaia-1.jpg\"><img loading=\"lazy\" decoding=\"async\" aria-describedby=\"caption-attachment-196124\" class=\"size-full wp-image-196124\" src=\"https:\/\/jundiai.sp.gov.br\/noticias\/wp-content\/uploads\/sites\/32\/2017\/04\/Prefeito-visita-Escola-Verde-no-Ivoturucaia-1.jpg\" alt=\"\" width=\"400\" height=\"350\" \/><\/a><p id=\"caption-attachment-196124\" class=\"wp-caption-text\">Irm\u00e3 Luci Freitas, Vanessa Machado e Luiz Fernando Machado<\/p><\/div><strong>O prefeito Luiz Fernando Machado visitou, na manh\u00e3 desta segunda-feira (24), a unidade 2 do Col\u00e9gio S\u00e3o Vicente de Paulo, no bairro do Ivoturucaia, que atende crian\u00e7as da rede municipal de ensino por meio de um conv\u00eanio com a Prefeitura. \u201cA estrutura oferecida \u00e9 excelente no atendimento \u00e0s crian\u00e7as da regi\u00e3o do bairro Caxambu. O trabalho realizado pela unidade parceira vem ao encontro do que acreditamos e contribui diretamente no desenvolvimento intelectual e cognitivo dos alunos\u201d, disse o prefeito.<\/strong><\/p>\n<p>Instalada em um terreno de<strong> cerca de 30 mil metros quadrados<\/strong>, a escola possui <strong>grande \u00e1rea agr\u00edcola, com estufas pedag\u00f3gicas e um pomar com mais de 400 p\u00e9s de frutas diferentes<\/strong>. \u201cA <strong>horta org\u00e2nica<\/strong> cultivada aqui abastece n\u00e3o apenas a merenda das nossas<strong> 300 crian\u00e7as, entre quatro meses e cinco anos<\/strong>, como as outras escolas da Rede Vicentina\u201d, explicou a diretora, irm\u00e3 Luci Freitas.<\/p>\n<p><strong>LEIA TAMB\u00c9M<\/strong><br \/>\n<a href=\"https:\/\/jundiai.sp.gov.br\/noticias\/2017\/04\/21\/em-dia-de-festa-parque-da-cidade-reune-mais-de-20-mil-pessoas\/\">Em dia de festa, Parque da Cidade re\u00fane mais de 20 mil pessoas<\/a><\/p>\n<div id=\"attachment_196128\" style=\"width: 410px\" class=\"wp-caption alignleft\"><a href=\"https:\/\/jundiai.sp.gov.br\/noticias\/wp-content\/uploads\/sites\/32\/2017\/04\/Prefeito-visita-Escola-Verde-no-Ivoturucaia-2.jpg\"><img loading=\"lazy\" decoding=\"async\" aria-describedby=\"caption-attachment-196128\" class=\"size-full wp-image-196128\" src=\"https:\/\/jundiai.sp.gov.br\/noticias\/wp-content\/uploads\/sites\/32\/2017\/04\/Prefeito-visita-Escola-Verde-no-Ivoturucaia-2.jpg\" alt=\"\" width=\"400\" height=\"350\" \/><\/a><p id=\"caption-attachment-196128\" class=\"wp-caption-text\">Contato com o meio ambiente contribui no desenvolvimento das crian\u00e7as<\/p><\/div>\n<p>Al\u00e9m de um gin\u00e1sio de esportes e de um teatro para aproximadamente 700 pessoas, a unidade oferece uma minifazenda com diversos animais e lago de peixes, al\u00e9m de um local voltado ao <strong>acolhimento de outras escolas da cidade em um projeto de educa\u00e7\u00e3o ambiental<\/strong>. \u201cEsta viv\u00eancia \u00e9 essencial para o desenvolvimento das crian\u00e7as, com reflexos desde o per\u00edodo escolar at\u00e9 a fase adulta\u201d, destacou o prefeito.<\/p>\n<p>O chefe do executivo conheceu as depend\u00eancias ao lado de profissionais da unidade de Educa\u00e7\u00e3o, dos vereadores Rog\u00e9rio da Silva e Faouaz Taha, bem como da presidente do <a href=\"https:\/\/www.facebook.com\/fundosocialsolidariedadedejundiai\/?fref=ts\" target=\"_blank\">Fundo Social de Solidariedade<\/a>, Vanessa Machado. \u201cTive a oportunidade de conhecer anteriormente e fiquei encantada. Este \u00e9 um modelo de cuidado \u00e0s nossas crian\u00e7as, que fazem descobertas importantes a partir da explora\u00e7\u00e3o do meio\u201d, disse ela.<\/p>\n<div id=\"attachment_196130\" style=\"width: 1290px\" class=\"wp-caption aligncenter\"><a href=\"https:\/\/jundiai.sp.gov.br\/noticias\/wp-content\/uploads\/sites\/32\/2017\/04\/Prefeito-visita-Escola-Verde-no-Ivoturucaia-4.jpg\"><img loading=\"lazy\" decoding=\"async\" aria-describedby=\"caption-attachment-196130\" class=\"size-full wp-image-196130\" src=\"https:\/\/jundiai.sp.gov.br\/noticias\/wp-content\/uploads\/sites\/32\/2017\/04\/Prefeito-visita-Escola-Verde-no-Ivoturucaia-4.jpg\" alt=\"\" width=\"1280\" height=\"848\" srcset=\"https:\/\/jundiai.sp.gov.br\/noticias\/wp-content\/uploads\/sites\/32\/2017\/04\/Prefeito-visita-Escola-Verde-no-Ivoturucaia-4.jpg 1280w, https:\/\/jundiai.sp.gov.br\/noticias\/wp-content\/uploads\/sites\/32\/2017\/04\/Prefeito-visita-Escola-Verde-no-Ivoturucaia-4-300x199.jpg 300w, https:\/\/jundiai.sp.gov.br\/noticias\/wp-content\/uploads\/sites\/32\/2017\/04\/Prefeito-visita-Escola-Verde-no-Ivoturucaia-4-768x509.jpg 768w, https:\/\/jundiai.sp.gov.br\/noticias\/wp-content\/uploads\/sites\/32\/2017\/04\/Prefeito-visita-Escola-Verde-no-Ivoturucaia-4-1160x769.jpg 1160w\" sizes=\"auto, (max-width: 1280px) 100vw, 1280px\" \/><\/a><p id=\"caption-attachment-196130\" class=\"wp-caption-text\">Terreno tem cerca de 30 mil metros quadrados.<\/p><\/div>\n<p><strong><em>Assessoria de Imprensa<br \/>\nFotos: Fot\u00f3grafos PMJ<\/em><\/strong><\/p>\n","protected":false},"excerpt":{"rendered":"<p>O prefeito Luiz Fernando Machado visitou, na manh\u00e3 desta segunda-feira (24), a unidade 2 do Col\u00e9gio S\u00e3o Vicente de Paulo, no bairro do Ivoturucaia, que atende crian\u00e7as da rede municipal de ensino por meio de um conv\u00eanio com a Prefeitura. \u201cA estrutura oferecida \u00e9 excelente no atendimento \u00e0s crian\u00e7as da regi\u00e3o do bairro Caxambu. O [&hellip;]<\/p>\n","protected":false},"author":14,"featured_media":0,"comment_status":"closed","ping_status":"closed","sticky":false,"template":"","format":"standard","meta":{"footnotes":""},"categories":[2],"tags":[6,58],"ods":[],"class_list":["post-196123","post","type-post","status-publish","format-standard","hentry","category-noticias","tag-educacao","tag-prefeito"],"_links":{"self":[{"href":"https:\/\/jundiai.sp.gov.br\/noticias\/wp-json\/wp\/v2\/posts\/196123","targetHints":{"allow":["GET"]}}],"collection":[{"href":"https:\/\/jundiai.sp.gov.br\/noticias\/wp-json\/wp\/v2\/posts"}],"about":[{"href":"https:\/\/jundiai.sp.gov.br\/noticias\/wp-json\/wp\/v2\/types\/post"}],"author":[{"embeddable":true,"href":"https:\/\/jundiai.sp.gov.br\/noticias\/wp-json\/wp\/v2\/users\/14"}],"replies":[{"embeddable":true,"href":"https:\/\/jundiai.sp.gov.br\/noticias\/wp-json\/wp\/v2\/comments?post=196123"}],"version-history":[{"count":5,"href":"https:\/\/jundiai.sp.gov.br\/noticias\/wp-json\/wp\/v2\/posts\/196123\/revisions"}],"predecessor-version":[{"id":196134,"href":"https:\/\/jundiai.sp.gov.br\/noticias\/wp-json\/wp\/v2\/posts\/196123\/revisions\/196134"}],"wp:attachment":[{"href":"https:\/\/jundiai.sp.gov.br\/noticias\/wp-json\/wp\/v2\/media?parent=196123"}],"wp:term":[{"taxonomy":"category","embeddable":true,"href":"https:\/\/jundiai.sp.gov.br\/noticias\/wp-json\/wp\/v2\/categories?post=196123"},{"taxonomy":"post_tag","embeddable":true,"href":"https:\/\/jundiai.sp.gov.br\/noticias\/wp-json\/wp\/v2\/tags?post=196123"},{"taxonomy":"ods","embeddable":true,"href":"https:\/\/jundiai.sp.gov.br\/noticias\/wp-json\/wp\/v2\/ods?post=196123"}],"curies":[{"name":"wp","href":"https:\/\/api.w.org\/{rel}","templated":true}]}}