{"id":196150,"date":"2017-04-24T17:55:42","date_gmt":"2017-04-24T20:55:42","guid":{"rendered":"https:\/\/jundiai.sp.gov.br\/noticias\/?p=196150"},"modified":"2017-04-24T17:59:14","modified_gmt":"2017-04-24T20:59:14","slug":"guarda-municipal-ministra-treinamento-tatico","status":"publish","type":"post","link":"https:\/\/jundiai.sp.gov.br\/noticias\/2017\/04\/24\/guarda-municipal-ministra-treinamento-tatico\/","title":{"rendered":"Guarda Municipal ministra treinamento t\u00e1tico"},"content":{"rendered":"<p><strong>Grupo formado por 20 agentes de seguran\u00e7a p\u00fablica da vizinha cidade de Louveira passou por um intenso trabalho de capacita\u00e7\u00e3o e atualiza\u00e7\u00e3o nas depend\u00eancias da \u00c1rea de Lazer do Trabalhador daquele munic\u00edpio, coordenado pelo agente de seguran\u00e7a p\u00fablica Zuim \u2013 sargento da Reserva do Ex\u00e9rcito Brasileiro que h\u00e1 22 anos integra a Guarda Municipal de Jundia\u00ed (GMJ). Hoje, o sargento atua na Ronda Escolar \u2013 Anjos da Guarda, proposta que retorna com a administra\u00e7\u00e3o do prefeito Luiz Fernando Machado, empenhado em promover a melhor qualidade de vida, garantir a seguran\u00e7a, a ordem p\u00fablica e a cidadania.<\/strong><\/p>\n<p>A a\u00e7\u00e3o em Louveira fez parte da conclus\u00e3o do Curso para Controle de Dist\u00farbio Civil (CDC) e representa uma importante parceria da Guarda Municipal de Jundia\u00ed com a Corpora\u00e7\u00e3o do munic\u00edpio, no interc\u00e2mbio para a forma\u00e7\u00e3o e especializa\u00e7\u00e3o de seus profissionais.<\/p>\n<p><strong>LEIA TAMB\u00c9M<\/strong><br \/>\n<a href=\"https:\/\/jundiai.sp.gov.br\/noticias\/2017\/04\/20\/programa-anjos-da-guarda-organiza-campeonato-e-integra-estudantes\/\">Programa Anjos da Guarda organiza campeonato e integra estudantes<\/a><br \/>\n<a href=\"https:\/\/jundiai.sp.gov.br\/noticias\/2017\/04\/18\/seguranca-municipal-reforca-e-intensifica-o-patrulhamento-comunitario\/\">Seguran\u00e7a Municipal intensifica o patrulhamento comunit\u00e1rio<\/a><div id=\"attachment_196155\" style=\"width: 410px\" class=\"wp-caption alignleft\"><a href=\"https:\/\/jundiai.sp.gov.br\/noticias\/wp-content\/uploads\/sites\/32\/2017\/04\/Zuim-1.jpg\"><img loading=\"lazy\" decoding=\"async\" aria-describedby=\"caption-attachment-196155\" src=\"https:\/\/jundiai.sp.gov.br\/noticias\/wp-content\/uploads\/sites\/32\/2017\/04\/Zuim-1.jpg\" alt=\"\" width=\"400\" height=\"350\" class=\"size-full wp-image-196155\" \/><\/a><p id=\"caption-attachment-196155\" class=\"wp-caption-text\">GM Zuim coordenou a equipe de agentes municipais, disseminando teoria e pr\u00e1tica<\/p><\/div>O treinamento teve como objetivo capacitar e preparar os guardas municipais (GMs) para enfrentar a criminalidade e a viol\u00eancia no desempenho da profiss\u00e3o. A partir desse trabalho, os guardas tornam-se capacitados para agir de maneira mais atenta e de forma t\u00e9cnica diante de situa\u00e7\u00f5es com um grau maior de dificuldade. Dentre os temas abordados est\u00e3o: a\u00e7\u00f5es de controle de dist\u00farbios civis; o perfil do integrante do pelot\u00e3o de choque; tipos de comandos; fases do comportamento do coletivo social (considerando-se as mais variadas situa\u00e7\u00f5es).<\/p>\n<p>O GM Zuim \u00e9 um profissional especializado em Controle de Dist\u00farbios Civis e disponibilizou as informa\u00e7\u00f5es e pr\u00e1ticas necess\u00e1rias aos GMs de Louveira. Ele considerou o resultado bastante produtivo, uma vez que aprimora os conhecimentos da equipe especializada, com muito treinamento, novos conceitos e desafios. Cabe ressaltar que estar preparado como agente de seguran\u00e7a p\u00fablica para o controle de dist\u00farbios civis \u00e9 muito importante e necess\u00e1rio, uma vez que os conflitos sociais ocorrem com a mesma frequ\u00eancia \u00e0 evolu\u00e7\u00e3o da sociedade.<\/p>\n<p><em><strong>Assessoria de Imprensa GM<\/strong><\/em><\/p>\n","protected":false},"excerpt":{"rendered":"<p>Grupo formado por 20 agentes de seguran\u00e7a p\u00fablica da vizinha cidade de Louveira passou por um intenso trabalho de capacita\u00e7\u00e3o e atualiza\u00e7\u00e3o nas depend\u00eancias da \u00c1rea de Lazer do Trabalhador daquele munic\u00edpio, coordenado pelo agente de seguran\u00e7a p\u00fablica Zuim \u2013 sargento da Reserva do Ex\u00e9rcito Brasileiro que h\u00e1 22 anos integra a Guarda Municipal de [&hellip;]<\/p>\n","protected":false},"author":30,"featured_media":0,"comment_status":"closed","ping_status":"closed","sticky":false,"template":"","format":"standard","meta":{"footnotes":""},"categories":[2],"tags":[939,31],"ods":[],"class_list":["post-196150","post","type-post","status-publish","format-standard","hentry","category-noticias","tag-anjos-da-guarda","tag-guarda-municipal"],"_links":{"self":[{"href":"https:\/\/jundiai.sp.gov.br\/noticias\/wp-json\/wp\/v2\/posts\/196150","targetHints":{"allow":["GET"]}}],"collection":[{"href":"https:\/\/jundiai.sp.gov.br\/noticias\/wp-json\/wp\/v2\/posts"}],"about":[{"href":"https:\/\/jundiai.sp.gov.br\/noticias\/wp-json\/wp\/v2\/types\/post"}],"author":[{"embeddable":true,"href":"https:\/\/jundiai.sp.gov.br\/noticias\/wp-json\/wp\/v2\/users\/30"}],"replies":[{"embeddable":true,"href":"https:\/\/jundiai.sp.gov.br\/noticias\/wp-json\/wp\/v2\/comments?post=196150"}],"version-history":[{"count":9,"href":"https:\/\/jundiai.sp.gov.br\/noticias\/wp-json\/wp\/v2\/posts\/196150\/revisions"}],"predecessor-version":[{"id":196154,"href":"https:\/\/jundiai.sp.gov.br\/noticias\/wp-json\/wp\/v2\/posts\/196150\/revisions\/196154"}],"wp:attachment":[{"href":"https:\/\/jundiai.sp.gov.br\/noticias\/wp-json\/wp\/v2\/media?parent=196150"}],"wp:term":[{"taxonomy":"category","embeddable":true,"href":"https:\/\/jundiai.sp.gov.br\/noticias\/wp-json\/wp\/v2\/categories?post=196150"},{"taxonomy":"post_tag","embeddable":true,"href":"https:\/\/jundiai.sp.gov.br\/noticias\/wp-json\/wp\/v2\/tags?post=196150"},{"taxonomy":"ods","embeddable":true,"href":"https:\/\/jundiai.sp.gov.br\/noticias\/wp-json\/wp\/v2\/ods?post=196150"}],"curies":[{"name":"wp","href":"https:\/\/api.w.org\/{rel}","templated":true}]}}