{"id":196308,"date":"2017-04-26T16:35:39","date_gmt":"2017-04-26T19:35:39","guid":{"rendered":"https:\/\/jundiai.sp.gov.br\/noticias\/?p=196308"},"modified":"2017-04-29T14:46:56","modified_gmt":"2017-04-29T17:46:56","slug":"nota-oficial-dae-jundiai","status":"publish","type":"post","link":"https:\/\/jundiai.sp.gov.br\/noticias\/2017\/04\/26\/nota-oficial-dae-jundiai\/","title":{"rendered":"Nota oficial DAE Jundia\u00ed"},"content":{"rendered":"<p><strong>Em vista do apoio do Sindicato dos Trabalhadores na Ind\u00fastria de Purifica\u00e7\u00e3o e Distribui\u00e7\u00e3o de \u00c1gua e em Servi\u00e7os de Esgotos de Jundia\u00ed (Sindae) \u00e0 greve geral nacional prevista para esta sexta-feira (28), a <a href=\"https:\/\/www.daejundiai.com.br\/\" target=\"_blank\" rel=\"noopener noreferrer\">DAE Jundia\u00ed<\/a> manifesta-se publicamente pela legitimidade dessa movimenta\u00e7\u00e3o, no entanto, informa \u00e0 popula\u00e7\u00e3o e aos servidores:<\/strong><\/p>\n<ul>\n<li>Eventuais faltas no dia 28 de abril n\u00e3o ser\u00e3o abonadas;<\/li>\n<li>Ser\u00e1 assegurado, aos colaboradores que cumprirem a jornada de trabalho normalmente nessa data, o direito \u00e0 sa\u00edda ao meio-dia, de acordo com o disposto no Acordo Coletivo vigente;<\/li>\n<li>N\u00e3o ser\u00e3o aceitos artigos de normatiza\u00e7\u00e3o interna neste dia;<\/li>\n<li>Ser\u00e3o mantidas equipes de plant\u00e3o para o atendimento emergencial. Em virtude das fortes chuvas previstas para as pr\u00f3ximas 48 horas, a DAE Jundia\u00ed conta com a colabora\u00e7\u00e3o do quadro de servidores para o atendimento de eventuais ocorr\u00eancias, se necess\u00e1rio.<\/li>\n<\/ul>\n<p style=\"padding-left: 570px;\"><strong>Jundia\u00ed, 26 de abril de 2017<\/strong><\/p>\n","protected":false},"excerpt":{"rendered":"<p>Em virtude das fortes chuvas previstas para as pr\u00f3ximas horas, a DAE conta com a colabora\u00e7\u00e3o dos servidores para o atendimento de eventuais ocorr\u00eancias, se necess\u00e1rio<\/p>\n","protected":false},"author":14,"featured_media":196323,"comment_status":"closed","ping_status":"closed","sticky":false,"template":"","format":"standard","meta":{"footnotes":""},"categories":[2],"tags":[66,424],"ods":[],"class_list":["post-196308","post","type-post","status-publish","format-standard","has-post-thumbnail","hentry","category-noticias","tag-dae","tag-servidores"],"_links":{"self":[{"href":"https:\/\/jundiai.sp.gov.br\/noticias\/wp-json\/wp\/v2\/posts\/196308","targetHints":{"allow":["GET"]}}],"collection":[{"href":"https:\/\/jundiai.sp.gov.br\/noticias\/wp-json\/wp\/v2\/posts"}],"about":[{"href":"https:\/\/jundiai.sp.gov.br\/noticias\/wp-json\/wp\/v2\/types\/post"}],"author":[{"embeddable":true,"href":"https:\/\/jundiai.sp.gov.br\/noticias\/wp-json\/wp\/v2\/users\/14"}],"replies":[{"embeddable":true,"href":"https:\/\/jundiai.sp.gov.br\/noticias\/wp-json\/wp\/v2\/comments?post=196308"}],"version-history":[{"count":4,"href":"https:\/\/jundiai.sp.gov.br\/noticias\/wp-json\/wp\/v2\/posts\/196308\/revisions"}],"predecessor-version":[{"id":196318,"href":"https:\/\/jundiai.sp.gov.br\/noticias\/wp-json\/wp\/v2\/posts\/196308\/revisions\/196318"}],"wp:featuredmedia":[{"embeddable":true,"href":"https:\/\/jundiai.sp.gov.br\/noticias\/wp-json\/wp\/v2\/media\/196323"}],"wp:attachment":[{"href":"https:\/\/jundiai.sp.gov.br\/noticias\/wp-json\/wp\/v2\/media?parent=196308"}],"wp:term":[{"taxonomy":"category","embeddable":true,"href":"https:\/\/jundiai.sp.gov.br\/noticias\/wp-json\/wp\/v2\/categories?post=196308"},{"taxonomy":"post_tag","embeddable":true,"href":"https:\/\/jundiai.sp.gov.br\/noticias\/wp-json\/wp\/v2\/tags?post=196308"},{"taxonomy":"ods","embeddable":true,"href":"https:\/\/jundiai.sp.gov.br\/noticias\/wp-json\/wp\/v2\/ods?post=196308"}],"curies":[{"name":"wp","href":"https:\/\/api.w.org\/{rel}","templated":true}]}}