{"id":196367,"date":"2017-04-27T16:45:49","date_gmt":"2017-04-27T19:45:49","guid":{"rendered":"https:\/\/jundiai.sp.gov.br\/noticias\/?p=196367"},"modified":"2017-04-27T16:45:49","modified_gmt":"2017-04-27T19:45:49","slug":"fmj-recebe-palestras-sobre-valorizacao-da-vida-e-prevencao-do-suicidio","status":"publish","type":"post","link":"https:\/\/jundiai.sp.gov.br\/noticias\/2017\/04\/27\/fmj-recebe-palestras-sobre-valorizacao-da-vida-e-prevencao-do-suicidio\/","title":{"rendered":"FMJ recebe palestras sobre valoriza\u00e7\u00e3o da vida e preven\u00e7\u00e3o do suic\u00eddio"},"content":{"rendered":"<div id=\"attachment_196368\" style=\"width: 410px\" class=\"wp-caption alignright\"><a href=\"https:\/\/jundiai.sp.gov.br\/noticias\/wp-content\/uploads\/sites\/32\/2017\/04\/suicidio_maria-cristina.jpg\"><img loading=\"lazy\" decoding=\"async\" aria-describedby=\"caption-attachment-196368\" class=\"size-full wp-image-196368\" src=\"https:\/\/jundiai.sp.gov.br\/noticias\/wp-content\/uploads\/sites\/32\/2017\/04\/suicidio_maria-cristina.jpg\" alt=\"\" width=\"400\" height=\"350\" \/><\/a><p id=\"caption-attachment-196368\" class=\"wp-caption-text\">Psiquiatra falou sobre valoriza\u00e7\u00e3o da vida e preven\u00e7\u00e3o do suic\u00eddio<\/p><\/div>\n<p><strong>Centenas de pessoas acompanharam, na quarta-feira (26), a palestra com a psiquiatra e escritora Maria Cristina De Stefano sobre valoriza\u00e7\u00e3o da vida e preven\u00e7\u00e3o do suic\u00eddio, na <a href=\"http:\/\/fmj.br\/\" target=\"_blank\" rel=\"noopener noreferrer\">Faculdade de Medicina de Jundia\u00ed (FMJ)<\/a>. M\u00e9dicos, estudantes e profissionais da \u00e1rea da sa\u00fade ouviram atentamente as estat\u00edsticas do suic\u00eddio: a cada 40 segundos no mundo, uma pessoa se mata e 25 brasileiros tiram a pr\u00f3pria vida por dia, segundo dados do Centro de Valoriza\u00e7\u00e3o da Vida.<\/strong><\/p>\n<p>De acordo com a Organiza\u00e7\u00e3o Mundial da Sa\u00fade (OMS), <strong>90% dos casos de suic\u00eddio podem ser prevenidos<\/strong>. Durante a palestra, Maria Cristina abordou doen\u00e7as mentais, fatores que podem levar ao suic\u00eddio e o primeiro atendimento.<\/p>\n<p>Baseada em sua experi\u00eancia pessoal, a m\u00e9dica escreveu o livro \u201cSuic\u00eddio: a epidemia calada\u201d. Em 2012 seu filho Felipe, que na \u00e9poca tinha 34 anos, se suicidou. A publica\u00e7\u00e3o re\u00fane informa\u00e7\u00f5es do di\u00e1rio dos \u00faltimos tr\u00eas anos de vida dele.<\/p>\n<p><strong><em>Assessoria de Imprensa FMJ<br \/>\nFoto: Divulga\u00e7\u00e3o<\/em><\/strong><\/p>\n","protected":false},"excerpt":{"rendered":"<p>Centenas de pessoas acompanharam, na quarta-feira (26), a palestra com a psiquiatra e escritora Maria Cristina De Stefano sobre valoriza\u00e7\u00e3o da vida e preven\u00e7\u00e3o do suic\u00eddio, na Faculdade de Medicina de Jundia\u00ed (FMJ). M\u00e9dicos, estudantes e profissionais da \u00e1rea da sa\u00fade ouviram atentamente as estat\u00edsticas do suic\u00eddio: a cada 40 segundos no mundo, uma pessoa [&hellip;]<\/p>\n","protected":false},"author":14,"featured_media":0,"comment_status":"closed","ping_status":"closed","sticky":false,"template":"","format":"standard","meta":{"footnotes":""},"categories":[2],"tags":[378],"ods":[],"class_list":["post-196367","post","type-post","status-publish","format-standard","hentry","category-noticias","tag-faculdade-de-medicina-de-jundiai-fmj"],"_links":{"self":[{"href":"https:\/\/jundiai.sp.gov.br\/noticias\/wp-json\/wp\/v2\/posts\/196367","targetHints":{"allow":["GET"]}}],"collection":[{"href":"https:\/\/jundiai.sp.gov.br\/noticias\/wp-json\/wp\/v2\/posts"}],"about":[{"href":"https:\/\/jundiai.sp.gov.br\/noticias\/wp-json\/wp\/v2\/types\/post"}],"author":[{"embeddable":true,"href":"https:\/\/jundiai.sp.gov.br\/noticias\/wp-json\/wp\/v2\/users\/14"}],"replies":[{"embeddable":true,"href":"https:\/\/jundiai.sp.gov.br\/noticias\/wp-json\/wp\/v2\/comments?post=196367"}],"version-history":[{"count":3,"href":"https:\/\/jundiai.sp.gov.br\/noticias\/wp-json\/wp\/v2\/posts\/196367\/revisions"}],"predecessor-version":[{"id":196371,"href":"https:\/\/jundiai.sp.gov.br\/noticias\/wp-json\/wp\/v2\/posts\/196367\/revisions\/196371"}],"wp:attachment":[{"href":"https:\/\/jundiai.sp.gov.br\/noticias\/wp-json\/wp\/v2\/media?parent=196367"}],"wp:term":[{"taxonomy":"category","embeddable":true,"href":"https:\/\/jundiai.sp.gov.br\/noticias\/wp-json\/wp\/v2\/categories?post=196367"},{"taxonomy":"post_tag","embeddable":true,"href":"https:\/\/jundiai.sp.gov.br\/noticias\/wp-json\/wp\/v2\/tags?post=196367"},{"taxonomy":"ods","embeddable":true,"href":"https:\/\/jundiai.sp.gov.br\/noticias\/wp-json\/wp\/v2\/ods?post=196367"}],"curies":[{"name":"wp","href":"https:\/\/api.w.org\/{rel}","templated":true}]}}