{"id":196407,"date":"2017-04-27T19:00:02","date_gmt":"2017-04-27T22:00:02","guid":{"rendered":"https:\/\/jundiai.sp.gov.br\/noticias\/?p=196407"},"modified":"2017-05-02T17:28:53","modified_gmt":"2017-05-02T20:28:53","slug":"unidade-de-educacao-entrega-pecas-de-inverno-do-kit-uniforme-escolar","status":"publish","type":"post","link":"https:\/\/jundiai.sp.gov.br\/noticias\/2017\/04\/27\/unidade-de-educacao-entrega-pecas-de-inverno-do-kit-uniforme-escolar\/","title":{"rendered":"Unidade de Educa\u00e7\u00e3o entrega pe\u00e7as de inverno do kit uniforme escolar"},"content":{"rendered":"<p><strong>A Unidade de Gest\u00e3o de Educa\u00e7\u00e3o est\u00e1 concluindo a entrega dos kits de inverno do uniforme escolar. Mais de 27 mil alunos da Educa\u00e7\u00e3o Infantil (quatro e cinco anos) e do Ensino Fundamental est\u00e3o recebendo duas cal\u00e7as e uma blusa. A retirada dos itens est\u00e1 ocorrendo nas escolas. No in\u00edcio do m\u00eas mar\u00e7o, os estudantes receberam o kit de ver\u00e3o, composto por oito itens: duas bermudas para os meninos ou dois shorts-saia para as meninas, duas camisetas com manga, uma camiseta p\u00f3lo, dois pares de meia e um par de t\u00eanis.<\/strong><\/p>\n<p><strong>LEIA TAMB\u00c9M<\/strong><br \/>\n<a href=\"https:\/\/jundiai.sp.gov.br\/noticias\/2017\/04\/24\/prefeito-visita-escola-verde-no-ivoturucaia\/\">Prefeito visita Escola Verde, no Ivoturucaia<\/a><\/p>\n<p>Patr\u00edcia Neufeld, m\u00e3e do aluno Jo\u00e3o Vitor, de quatro\u00a0anos, pegou o kit nesta quinta-feira (27) na EMEB Professora Celsina Pazinatto, na Vila Josefina. \u201cAchei muito bom. Gostei muito tamb\u00e9m das pe\u00e7as de ver\u00e3o. Assim como no centro esportivo, a entrega foi bem r\u00e1pida e organizada na escola\u201d, destacou. Apesar de envergonhado, Jo\u00e3o Vitor demostrou satisfa\u00e7\u00e3o. \u201cGostei. \u00c9 bem quentinho.\u201d<\/p>\n<p>O comerciante Luis Parazzi, pai da estudante Mariana, da mesma unidade escolar, tamb\u00e9m aprovou a qualidade dos itens. \u201cFicou bonito. Al\u00e9m disso, as pe\u00e7as s\u00e3o boas\u201d.<\/p>\n<p>De acordo com o gestor da Unidade de Educa\u00e7\u00e3o, professor Oswaldo Jos\u00e9 Fernandes, \u00e9 mais uma a\u00e7\u00e3o conclu\u00edda. \u201cEstamos concluindo mais uma obriga\u00e7\u00e3o para com a popula\u00e7\u00e3o.\u201d<\/p>\n<div id=\"attachment_196411\" style=\"width: 1250px\" class=\"wp-caption aligncenter\"><a href=\"https:\/\/jundiai.sp.gov.br\/noticias\/wp-content\/uploads\/sites\/32\/2017\/04\/Entrega_Uniformes_Educacao-1.jpg\"><img loading=\"lazy\" decoding=\"async\" aria-describedby=\"caption-attachment-196411\" class=\"size-full wp-image-196411\" src=\"https:\/\/jundiai.sp.gov.br\/noticias\/wp-content\/uploads\/sites\/32\/2017\/04\/Entrega_Uniformes_Educacao-1.jpg\" alt=\"\" width=\"1240\" height=\"1053\" srcset=\"https:\/\/jundiai.sp.gov.br\/noticias\/wp-content\/uploads\/sites\/32\/2017\/04\/Entrega_Uniformes_Educacao-1.jpg 1240w, https:\/\/jundiai.sp.gov.br\/noticias\/wp-content\/uploads\/sites\/32\/2017\/04\/Entrega_Uniformes_Educacao-1-300x255.jpg 300w, https:\/\/jundiai.sp.gov.br\/noticias\/wp-content\/uploads\/sites\/32\/2017\/04\/Entrega_Uniformes_Educacao-1-768x652.jpg 768w, https:\/\/jundiai.sp.gov.br\/noticias\/wp-content\/uploads\/sites\/32\/2017\/04\/Entrega_Uniformes_Educacao-1-1130x960.jpg 1130w\" sizes=\"auto, (max-width: 1240px) 100vw, 1240px\" \/><\/a><p id=\"caption-attachment-196411\" class=\"wp-caption-text\">Patr\u00edcia Neufeld, m\u00e3e do Jo\u00e3o Vitor, pegou o kit nesta quinta-feira (27) na Emeb Professora Celsina<\/p><\/div>\n<p><strong>Material escolar<\/strong><br \/>\nA Unidade de Gest\u00e3o de Educa\u00e7\u00e3o tamb\u00e9m est\u00e1 finalizando o envio dos livros de portugu\u00eas, de ci\u00eancias e do projeto Ciranda (utilizados na Educa\u00e7\u00e3o Infantil) para as unidades escolares. Os de matem\u00e1tica e ingl\u00eas j\u00e1 foram entregues. \u201c\u00c9 importante observar que os livros did\u00e1ticos s\u00e3o um suporte, ou seja, um recurso que o professor utiliza para complementar as aulas\u201d, acrescenta o gestor.<\/p>\n<p>J\u00e1 o kit de material escolar est\u00e1 em processo de compra. Em 2016, o kit custou R$ 3.357.494,20. A atual gest\u00e3o, preocupada em zelar pelo er\u00e1rio, optou por entrar na ata geral do Minist\u00e9rio da Educa\u00e7\u00e3o e fez a aquisi\u00e7\u00e3o de alguns itens por meio de licita\u00e7\u00e3o, o que vai totalizar R$ 1.191.465,65.<\/p>\n<p>No in\u00edcio do ano letivo, foi encaminhado um kit emergencial para as escolas municipais e unidades conveniadas. Eles foram montados com materiais escolares que estavam no estoque. Ao todo, foram cinco tipos de kits, de acordo com o n\u00edvel escolar: Educa\u00e7\u00e3o Infantil (zero a tr\u00eas anos e 4 e 5 anos) e Ensino Fundamental: 1\u00ba e 2\u00ba anos, 3\u00ba ao 5\u00ba ano e 6\u00ba ao 9\u00ba ano. Constaram entre os itens: l\u00e1pis de cor, massa para modelar, cola, borracha, l\u00e1pis preto e bloco para fich\u00e1rio.<\/p>\n<p><em><strong>Assessoria de Imprensa<br \/>\nFoto: Fot\u00f3grafos PMJ<\/strong><\/em><\/p>\n","protected":false},"excerpt":{"rendered":"<p>Mais de 27 mil alunos da Educa\u00e7\u00e3o Infantil (quatro e cinco anos) e do Ensino Fundamental est\u00e3o recebendo as pe\u00e7as<\/p>\n","protected":false},"author":30,"featured_media":196409,"comment_status":"closed","ping_status":"closed","sticky":false,"template":"","format":"standard","meta":{"footnotes":""},"categories":[2],"tags":[6,966],"ods":[],"class_list":["post-196407","post","type-post","status-publish","format-standard","has-post-thumbnail","hentry","category-noticias","tag-educacao","tag-uniforme-escolar"],"_links":{"self":[{"href":"https:\/\/jundiai.sp.gov.br\/noticias\/wp-json\/wp\/v2\/posts\/196407","targetHints":{"allow":["GET"]}}],"collection":[{"href":"https:\/\/jundiai.sp.gov.br\/noticias\/wp-json\/wp\/v2\/posts"}],"about":[{"href":"https:\/\/jundiai.sp.gov.br\/noticias\/wp-json\/wp\/v2\/types\/post"}],"author":[{"embeddable":true,"href":"https:\/\/jundiai.sp.gov.br\/noticias\/wp-json\/wp\/v2\/users\/30"}],"replies":[{"embeddable":true,"href":"https:\/\/jundiai.sp.gov.br\/noticias\/wp-json\/wp\/v2\/comments?post=196407"}],"version-history":[{"count":8,"href":"https:\/\/jundiai.sp.gov.br\/noticias\/wp-json\/wp\/v2\/posts\/196407\/revisions"}],"predecessor-version":[{"id":196424,"href":"https:\/\/jundiai.sp.gov.br\/noticias\/wp-json\/wp\/v2\/posts\/196407\/revisions\/196424"}],"wp:featuredmedia":[{"embeddable":true,"href":"https:\/\/jundiai.sp.gov.br\/noticias\/wp-json\/wp\/v2\/media\/196409"}],"wp:attachment":[{"href":"https:\/\/jundiai.sp.gov.br\/noticias\/wp-json\/wp\/v2\/media?parent=196407"}],"wp:term":[{"taxonomy":"category","embeddable":true,"href":"https:\/\/jundiai.sp.gov.br\/noticias\/wp-json\/wp\/v2\/categories?post=196407"},{"taxonomy":"post_tag","embeddable":true,"href":"https:\/\/jundiai.sp.gov.br\/noticias\/wp-json\/wp\/v2\/tags?post=196407"},{"taxonomy":"ods","embeddable":true,"href":"https:\/\/jundiai.sp.gov.br\/noticias\/wp-json\/wp\/v2\/ods?post=196407"}],"curies":[{"name":"wp","href":"https:\/\/api.w.org\/{rel}","templated":true}]}}