{"id":196425,"date":"2017-04-27T19:37:39","date_gmt":"2017-04-27T22:37:39","guid":{"rendered":"https:\/\/jundiai.sp.gov.br\/noticias\/?p=196425"},"modified":"2017-04-28T15:33:11","modified_gmt":"2017-04-28T18:33:11","slug":"esporte-cria-forca-tarefa-para-obras-nos-complexos-esportivos","status":"publish","type":"post","link":"https:\/\/jundiai.sp.gov.br\/noticias\/2017\/04\/27\/esporte-cria-forca-tarefa-para-obras-nos-complexos-esportivos\/","title":{"rendered":"Esporte cria for\u00e7a-tarefa para obras nos Complexos Esportivos"},"content":{"rendered":"<div id=\"attachment_196427\" style=\"width: 410px\" class=\"wp-caption alignleft\"><a href=\"https:\/\/jundiai.sp.gov.br\/noticias\/wp-content\/uploads\/sites\/32\/2017\/04\/Reformas-em-Centros-Esportivos_c_1.jpg\"><img loading=\"lazy\" decoding=\"async\" aria-describedby=\"caption-attachment-196427\" class=\"size-full wp-image-196427\" src=\"https:\/\/jundiai.sp.gov.br\/noticias\/wp-content\/uploads\/sites\/32\/2017\/04\/Reformas-em-Centros-Esportivos_c_1.jpg\" alt=\"\" width=\"400\" height=\"350\" \/><\/a><p id=\"caption-attachment-196427\" class=\"wp-caption-text\">Trabalho continua, mesmo nos dias de chuva<\/p><\/div>\n<p><strong>Corte de mato, pintura dos muros, troca de refletores, reforma de equipamento esportivo. Um trabalho de intensa dedica\u00e7\u00e3o para os funcion\u00e1rios da Unidade de Gest\u00e3o do Esporte e Lazer, que desde o come\u00e7o\u00a0deste ano iniciaram uma for\u00e7a-tarefa visando realizar obras de manuten\u00e7\u00e3o dos Complexos Esportivos da cidade.<\/strong><\/p>\n<p>\u201cIniciamos esta administra\u00e7\u00e3o com os<strong> espa\u00e7os p\u00fablicos abandonados<\/strong>. Desde ent\u00e3o remanejamos o nosso cronograma de prioridades para<strong> oferecer condi\u00e7\u00f5es do mun\u00edcipe frequentar os Complexos Esportivos com seguran\u00e7a e conforto. O prefeito Luiz Fernando Machado tem sido enf\u00e1tico no compromisso de oferecer servi\u00e7os de qualidade \u00e0 popula\u00e7\u00e3o<\/strong>\u201d, ressalta o gestor da Unidade de Esportes, Luiz Trientini.<\/p>\n<p>O gestor revela que, com o<strong> or\u00e7amento comprometido<\/strong>, todas estas obras de manuten\u00e7\u00e3o t\u00eam sido realizadas com o m\u00ednimo de recurso. \u201cEstamos recorrendo \u00e0 <strong>m\u00e3o de obra da pr\u00f3pria Unidade de Gest\u00e3o<\/strong>, al\u00e9m de utilizar material que t\u00ednhamos em estoque\u201d.<\/p>\n<p><strong>LEIA TAMB\u00c9M<\/strong><br \/>\n<a href=\"https:\/\/jundiai.sp.gov.br\/noticias\/2017\/04\/25\/esporte-e-lazer-abre-novas-turmas-das-aulas-gratuitas-de-skate-e-karate\/\">Esporte e Lazer abre novas turmas de aulas gratuitas de skate e karat\u00ea<\/a><\/p>\n<div id=\"attachment_196429\" style=\"width: 410px\" class=\"wp-caption alignright\"><a href=\"https:\/\/jundiai.sp.gov.br\/noticias\/wp-content\/uploads\/sites\/32\/2017\/04\/Reformas-em-Centros-Esportivos_c_5.jpg\"><img loading=\"lazy\" decoding=\"async\" aria-describedby=\"caption-attachment-196429\" class=\"size-full wp-image-196429\" src=\"https:\/\/jundiai.sp.gov.br\/noticias\/wp-content\/uploads\/sites\/32\/2017\/04\/Reformas-em-Centros-Esportivos_c_5.jpg\" alt=\"\" width=\"400\" height=\"350\" \/><\/a><p id=\"caption-attachment-196429\" class=\"wp-caption-text\">Dona Maria do Carmo elogia as melhorias no Bol\u00e3o<\/p><\/div>\n<p>Nem a chuva desta quinta-feira (27) impediu que os funcion\u00e1rios da Prefeitura prosseguissem com a manuten\u00e7\u00e3o dos Centros Esportivos. No <a href=\"https:\/\/jundiai.sp.gov.br\/esporte-e-lazer\/complexos-educacionais-culturais-e-esportivos\/modalidades-por-complexo-esportivo\/cece-dr-nicolino-de-lucca-bolao\/\">Complexo Esportivo Doutor Nicolino de Lucca \u2013 Bol\u00e3o<\/a>, <strong>obras de conten\u00e7\u00e3o das \u00e1guas pluviais<\/strong> foram realizadas, al\u00e9m do <strong>reparo el\u00e9trico, troca de holofotes e reatores da pista de atletismo<\/strong>.<\/p>\n<p>Melhorias que a dona de casa Maria do Carmo Pereira Pontes percebeu logo que chegou para sua caminhada matinal. \u201cEstou em Jundia\u00ed h\u00e1 pouco tempo, mas fico impressionada com a <strong>preserva\u00e7\u00e3o e limpeza dos espa\u00e7os p\u00fablicos. O jundiaiense \u00e9 privilegiado<\/strong> por dispor de tantas alternativas de centros esportivos\u201d, reconhece.<\/p>\n<p>No <a href=\"https:\/\/jundiai.sp.gov.br\/esporte-e-lazer\/complexos-educacionais-culturais-e-esportivos\/modalidades-por-complexo-esportivo\/cece-benedito-de-lima\/\">Complexo Esportivo Benedito de Lima<\/a>, no Retiro, foram trocados <strong>600 metros de fia\u00e7\u00e3o el\u00e9trica, al\u00e9m da pintura e corte de mato<\/strong>. O espa\u00e7o ganhou <strong>refor\u00e7o dos equipamentos de seguran\u00e7a<\/strong> e familiares, que antes esperavam de p\u00e9 a aula de gin\u00e1stica art\u00edstica acabar, v\u00e3o dispor de bancos, que est\u00e3o sendo constru\u00eddos.<\/p>\n<p>\u201c<strong>Finalmente resolveram dar uma aten\u00e7\u00e3o para as m\u00e3es e pais que acompanham os filhos<\/strong>. Estas melhorias s\u00f3 nos fazem querer<strong> frequentar cada vez mais<\/strong> os Complexos Esportivos\u201d, declara Maria Aparecida Pires Vieira, av\u00f3 da ginasta Manuela, de cinco\u00a0anos.<\/p>\n<p>O <strong>mato alto do Ov\u00eddeo Bueno, na Vila liberdade, foi cortado<\/strong>. Torneiras e telhas levadas por v\u00e2ndalos foram substitu\u00eddas. No <a href=\"https:\/\/jundiai.sp.gov.br\/esporte-e-lazer\/complexos-educacionais-culturais-e-esportivos\/modalidades-por-complexo-esportivo\/cece-dal-santo\/\">CECE Francisco Dal Santo<\/a>, na Vila Rami o corte alto j\u00e1 n\u00e3o comp\u00f5e mais o cen\u00e1rio.<\/p>\n<div id=\"attachment_196431\" style=\"width: 410px\" class=\"wp-caption alignleft\"><a href=\"https:\/\/jundiai.sp.gov.br\/noticias\/wp-content\/uploads\/sites\/32\/2017\/04\/75ab2ea5-8e07-47ad-9ab3-460e97fede79.jpg\"><img loading=\"lazy\" decoding=\"async\" aria-describedby=\"caption-attachment-196431\" class=\"size-full wp-image-196431\" src=\"https:\/\/jundiai.sp.gov.br\/noticias\/wp-content\/uploads\/sites\/32\/2017\/04\/75ab2ea5-8e07-47ad-9ab3-460e97fede79.jpg\" alt=\"\" width=\"400\" height=\"350\" \/><\/a><p id=\"caption-attachment-196431\" class=\"wp-caption-text\">No Benedito de Lima o corte de mato e a pintura fizeram a diferen\u00e7a<\/p><\/div>\n<p>As mesmas obras foram realizadas no <a href=\"https:\/\/jundiai.sp.gov.br\/esporte-e-lazer\/complexos-educacionais-culturais-e-esportivos\/modalidades-por-complexo-esportivo\/cece-dr-romao-de-souza\/\">Rom\u00e3o de Souza<\/a>, na Col\u00f4nia; incluindo a <strong>substitui\u00e7\u00e3o de l\u00e2mpadas e reatores da quadra principal<\/strong>. Ponto de parada obrigat\u00f3ria para os adeptos do esporte radical, o <a href=\"https:\/\/jundiai.sp.gov.br\/esporte-e-lazer\/complexos-educacionais-culturais-e-esportivos\/modalidades-por-complexo-esportivo\/cece-jose-brenna-sororoca\/\">Complexo Esportivo Jos\u00e9 Brenna (Sororoca)<\/a>\u00a0ganhou um <strong>refor\u00e7o na sala dos professores e a pista de skate, em breve, deve passar por uma reforma<\/strong>.\u201cEstamos elaborando um projeto junto com os skatista para que as <strong>altera\u00e7\u00f5es garantam a seguran\u00e7a<\/strong> na pr\u00e1tica da modalidade\u201d, afirma Trientina.<\/p>\n<p>Moradores da Ponte S\u00e3o Jo\u00e3o que frequentam o <a href=\"https:\/\/jundiai.sp.gov.br\/esporte-e-lazer\/complexos-educacionais-culturais-e-esportivos\/modalidades-por-complexo-esportivo\/cece-jose-pedro-raymundo\/\">Pedro Raymundo<\/a> v\u00e3o encontrar os <strong>brinquedos e equipamentos de gin\u00e1stica reparados<\/strong>. A picha\u00e7\u00e3o que compunha o cen\u00e1rio do <a href=\"https:\/\/jundiai.sp.gov.br\/esporte-e-lazer\/complexos-educacionais-culturais-e-esportivos\/modalidades-por-complexo-esportivo\/cece-francisco-gastaldo\/\">Complexo Esportivo Francisco Gastaldo<\/a>, no Morada das Vinhas, abre espa\u00e7o para a <strong>pintura nova e corte de mato<\/strong>.<\/p>\n<p>No Sapariranga, o vesti\u00e1rio do <a href=\"https:\/\/jundiai.sp.gov.br\/esporte-e-lazer\/complexos-educacionais-culturais-e-esportivos\/modalidades-por-complexo-esportivo\/cece-leo-pereira-lemos-nogueira\/\">Leo Pereira<\/a> tamb\u00e9m est\u00e1 recebendo<strong> pintura nova. A grama do campo foi podada e o mato cortado<\/strong>. Ao chegar ao <a href=\"https:\/\/jundiai.sp.gov.br\/esporte-e-lazer\/complexos-educacionais-culturais-e-esportivos\/modalidades-por-complexo-esportivo\/cece-helena-cestari\/\">Complexo Esportivo Helena Cestari<\/a>, na Vila Comercial, as centenas de pessoas que diariamente caminham no espa\u00e7o notam o <strong>corte de mato<\/strong>.<\/p>\n<div id=\"attachment_196435\" style=\"width: 410px\" class=\"wp-caption alignright\"><a href=\"https:\/\/jundiai.sp.gov.br\/noticias\/wp-content\/uploads\/sites\/32\/2017\/04\/4573a0cb-3499-443c-8c22-1f85de849fd8-1.jpg\"><img loading=\"lazy\" decoding=\"async\" aria-describedby=\"caption-attachment-196435\" class=\"size-full wp-image-196435\" src=\"https:\/\/jundiai.sp.gov.br\/noticias\/wp-content\/uploads\/sites\/32\/2017\/04\/4573a0cb-3499-443c-8c22-1f85de849fd8-1.jpg\" alt=\"\" width=\"400\" height=\"400\" \/><\/a><p id=\"caption-attachment-196435\" class=\"wp-caption-text\">Trabalho \u00e9 de intensa dedica\u00e7\u00e3o dos funcion\u00e1rios da Unidade<\/p><\/div>\n<p><strong>Vandalismo<\/strong><br \/>\nApesar do <strong>trabalho intenso para recuperar os Complexos Esportivos, a Unidade de Esporte busca alternativas para refor\u00e7ar a seguran\u00e7a, j\u00e1 que a a\u00e7\u00e3o dos v\u00e2ndalos continua ocorrendo.<\/strong> \u201cDal Santo, Rom\u00e3o de Souza e Sororoca s\u00e3o os campe\u00f5es de invas\u00f5es. Os <strong>gastos para repor equipamentos ou consertar o que foi destru\u00eddo poderiam ser investidos em melhorias<\/strong>\u201d, comentou o gestor de esporte.<\/p>\n<p>Em um segundo momento, a Unidade de Esporte e Lazer pretende <strong>refor\u00e7ar a seguran\u00e7a dos espa\u00e7os, al\u00e9m de chamar a popula\u00e7\u00e3o para contribuir com sua manuten\u00e7\u00e3o<\/strong>. \u201cTodas as vezes em que um vidro do Complexo Esportivo \u00e9 quebrado, ou os muros s\u00e3o pichados, <strong>quem perde \u00e9 o morador que frequenta o local<\/strong>\u201d, conclui.<\/p>\n<p><strong><em>Assessoria de Imprensa<br \/>\nFotos: Fot\u00f3grafos PMJ<\/em><\/strong><\/p>\n","protected":false},"excerpt":{"rendered":"<p>Corte de mato, pintura dos muros, troca de refletores e reforma de equipamento esportivo s\u00e3o algumas das obras de melhorias dos espa\u00e7os<\/p>\n","protected":false},"author":14,"featured_media":196444,"comment_status":"closed","ping_status":"closed","sticky":false,"template":"","format":"standard","meta":{"footnotes":""},"categories":[2],"tags":[110,411],"ods":[],"class_list":["post-196425","post","type-post","status-publish","format-standard","has-post-thumbnail","hentry","category-noticias","tag-bolao","tag-centro-esportivo"],"_links":{"self":[{"href":"https:\/\/jundiai.sp.gov.br\/noticias\/wp-json\/wp\/v2\/posts\/196425","targetHints":{"allow":["GET"]}}],"collection":[{"href":"https:\/\/jundiai.sp.gov.br\/noticias\/wp-json\/wp\/v2\/posts"}],"about":[{"href":"https:\/\/jundiai.sp.gov.br\/noticias\/wp-json\/wp\/v2\/types\/post"}],"author":[{"embeddable":true,"href":"https:\/\/jundiai.sp.gov.br\/noticias\/wp-json\/wp\/v2\/users\/14"}],"replies":[{"embeddable":true,"href":"https:\/\/jundiai.sp.gov.br\/noticias\/wp-json\/wp\/v2\/comments?post=196425"}],"version-history":[{"count":9,"href":"https:\/\/jundiai.sp.gov.br\/noticias\/wp-json\/wp\/v2\/posts\/196425\/revisions"}],"predecessor-version":[{"id":196442,"href":"https:\/\/jundiai.sp.gov.br\/noticias\/wp-json\/wp\/v2\/posts\/196425\/revisions\/196442"}],"wp:featuredmedia":[{"embeddable":true,"href":"https:\/\/jundiai.sp.gov.br\/noticias\/wp-json\/wp\/v2\/media\/196444"}],"wp:attachment":[{"href":"https:\/\/jundiai.sp.gov.br\/noticias\/wp-json\/wp\/v2\/media?parent=196425"}],"wp:term":[{"taxonomy":"category","embeddable":true,"href":"https:\/\/jundiai.sp.gov.br\/noticias\/wp-json\/wp\/v2\/categories?post=196425"},{"taxonomy":"post_tag","embeddable":true,"href":"https:\/\/jundiai.sp.gov.br\/noticias\/wp-json\/wp\/v2\/tags?post=196425"},{"taxonomy":"ods","embeddable":true,"href":"https:\/\/jundiai.sp.gov.br\/noticias\/wp-json\/wp\/v2\/ods?post=196425"}],"curies":[{"name":"wp","href":"https:\/\/api.w.org\/{rel}","templated":true}]}}