{"id":196488,"date":"2017-04-28T17:20:47","date_gmt":"2017-04-28T20:20:47","guid":{"rendered":"https:\/\/jundiai.sp.gov.br\/noticias\/?p=196488"},"modified":"2017-04-29T14:45:17","modified_gmt":"2017-04-29T17:45:17","slug":"fundo-social-recebe-doacao-de-200-cobertores","status":"publish","type":"post","link":"https:\/\/jundiai.sp.gov.br\/noticias\/2017\/04\/28\/fundo-social-recebe-doacao-de-200-cobertores\/","title":{"rendered":"Fundo Social recebe doa\u00e7\u00e3o de 200 cobertores"},"content":{"rendered":"<p><strong>A Campanha de Inverno realizada pelo Fundo Social de Solidariedade de Jundia\u00ed (Funss) come\u00e7a a ganhar refor\u00e7o. Al\u00e9m da contribui\u00e7\u00e3o da popula\u00e7\u00e3o, por meio dos 70 pontos de arrecada\u00e7\u00e3o distribu\u00eddos pela cidade, a a\u00e7\u00e3o recebeu a doa\u00e7\u00e3o de 200 cobertores do Maxi Shopping Jundia\u00ed e da empresa Ecofabril, pertencentes ao mesmo grupo empresarial. A entrega foi feita nesta sexta-feira (28), pela gerente de marketing do centro de compras, Silvia Orenga Sandoval.<\/strong><\/p>\n<p><strong>LEIA TAMB\u00c9M<\/strong><br \/>\n<a href=\"https:\/\/jundiai.sp.gov.br\/noticias\/2017\/04\/27\/nova-turma-de-padaria-artesanal-coloca-a-mao-na-massa\/\">Nova turma de Padaria Artesanal coloca a m\u00e3o na massa<\/a><\/p>\n<p><div id=\"attachment_196490\" style=\"width: 410px\" class=\"wp-caption alignright\"><a href=\"https:\/\/jundiai.sp.gov.br\/noticias\/wp-content\/uploads\/sites\/32\/2017\/04\/DPF1373.jpg\"><img loading=\"lazy\" decoding=\"async\" aria-describedby=\"caption-attachment-196490\" src=\"https:\/\/jundiai.sp.gov.br\/noticias\/wp-content\/uploads\/sites\/32\/2017\/04\/DPF1373.jpg\" alt=\"\" width=\"400\" height=\"350\" class=\"size-full wp-image-196490\" \/><\/a><p id=\"caption-attachment-196490\" class=\"wp-caption-text\">Silvia Sandoval e Vanessa Machado: 200 cobertores doados<\/p><\/div>De acordo com Vanessa Machado, presidente do Fundo Social, a iniciativa destaca a import\u00e2ncia das parcerias entre o Poder P\u00fablico, a iniciativa privada e a sociedade civil. \u201cNingu\u00e9m faz nada sozinho. Por isso, refor\u00e7o que toda e qualquer ajuda \u00e9 bem-vinda\u201d, disse. \u201cO Maxi Shopping \u00e9 parceiro do Fundo Social. Doamos, mensalmente, alimentos que s\u00e3o doados por nossos clientes na Central de Cursos. Por isso, nada mais adequado que participarmos tamb\u00e9m desta a\u00e7\u00e3o t\u00e3o importante na cidade\u201d, afirmou Silvia.<\/p>\n<p>O Maxi Shopping Jundia\u00ed \u00e9, ainda, um dos mais de 70 pontos de arrecada\u00e7\u00e3o da Campanha distribu\u00eddos no munic\u00edpio. Os visitantes, lojistas e colaboradores podem fazer suas doa\u00e7\u00f5es durante o hor\u00e1rio de funcionamento do centro de compras, que \u00e9 de segunda a s\u00e1bado, das 10h \u00e0s 22h, e aos domingos e feriados, das 14h \u00e0s 20h. \u201cTemos caixas no Balc\u00e3o do Programa Fidelidade, no piso G1 Leste e no piso G3 Leste, em frente \u00e0 Central de Atendimento\u201d, explicou a gerente de Marketing.<\/p>\n<p>Outros locais de coleta est\u00e3o dispon\u00edveis no <a href=\"https:\/\/jundiai.sp.gov.br\/campanhadeinvernojundiai\/\" target=\"_blank\">site da Campanha de Inverno<\/a>.<\/p>\n<p><strong>Posto permanente<\/strong><br \/>\nAs doa\u00e7\u00f5es para a Campanha de Inverno 2017 tamb\u00e9m podem ser feitas diretamente no Fundo Social de Solidariedade, que fica dentro do Parque da Uva, com acesso pela avenida Dona Manoela Lacerda de Vergueiro, s\/n, port\u00e3o 03, Anhangaba\u00fa. O funcionamento do Fundo Social \u00e9 de segunda a sexta-feira, das 8h \u00e0s 17h. Al\u00e9m disso, empresas podem disponibilizar recursos para a compra de pe\u00e7as novas.<\/p>\n<p><em><strong>Assessoria de Imprensa<br \/>\nFotos: Fot\u00f3grafos PMJ<\/strong><\/em><\/p>\n","protected":false},"excerpt":{"rendered":"<p>Campanha de Inverno ganha refor\u00e7o de doa\u00e7\u00f5es. Popula\u00e7\u00e3o pode contribuir por meio dos 70 pontos de arrecada\u00e7\u00e3o distribu\u00eddos pela cidade<\/p>\n","protected":false},"author":30,"featured_media":196489,"comment_status":"closed","ping_status":"closed","sticky":false,"template":"","format":"standard","meta":{"footnotes":""},"categories":[2],"tags":[1003,416],"ods":[],"class_list":["post-196488","post","type-post","status-publish","format-standard","has-post-thumbnail","hentry","category-noticias","tag-campanha-de-inverno-2017","tag-fundo-social-de-solidariedade-funss"],"_links":{"self":[{"href":"https:\/\/jundiai.sp.gov.br\/noticias\/wp-json\/wp\/v2\/posts\/196488","targetHints":{"allow":["GET"]}}],"collection":[{"href":"https:\/\/jundiai.sp.gov.br\/noticias\/wp-json\/wp\/v2\/posts"}],"about":[{"href":"https:\/\/jundiai.sp.gov.br\/noticias\/wp-json\/wp\/v2\/types\/post"}],"author":[{"embeddable":true,"href":"https:\/\/jundiai.sp.gov.br\/noticias\/wp-json\/wp\/v2\/users\/30"}],"replies":[{"embeddable":true,"href":"https:\/\/jundiai.sp.gov.br\/noticias\/wp-json\/wp\/v2\/comments?post=196488"}],"version-history":[{"count":4,"href":"https:\/\/jundiai.sp.gov.br\/noticias\/wp-json\/wp\/v2\/posts\/196488\/revisions"}],"predecessor-version":[{"id":196494,"href":"https:\/\/jundiai.sp.gov.br\/noticias\/wp-json\/wp\/v2\/posts\/196488\/revisions\/196494"}],"wp:featuredmedia":[{"embeddable":true,"href":"https:\/\/jundiai.sp.gov.br\/noticias\/wp-json\/wp\/v2\/media\/196489"}],"wp:attachment":[{"href":"https:\/\/jundiai.sp.gov.br\/noticias\/wp-json\/wp\/v2\/media?parent=196488"}],"wp:term":[{"taxonomy":"category","embeddable":true,"href":"https:\/\/jundiai.sp.gov.br\/noticias\/wp-json\/wp\/v2\/categories?post=196488"},{"taxonomy":"post_tag","embeddable":true,"href":"https:\/\/jundiai.sp.gov.br\/noticias\/wp-json\/wp\/v2\/tags?post=196488"},{"taxonomy":"ods","embeddable":true,"href":"https:\/\/jundiai.sp.gov.br\/noticias\/wp-json\/wp\/v2\/ods?post=196488"}],"curies":[{"name":"wp","href":"https:\/\/api.w.org\/{rel}","templated":true}]}}