{"id":196939,"date":"2017-05-08T17:10:55","date_gmt":"2017-05-08T20:10:55","guid":{"rendered":"https:\/\/jundiai.sp.gov.br\/noticias\/?p=196939"},"modified":"2017-05-10T16:40:33","modified_gmt":"2017-05-10T19:40:33","slug":"campanha-de-inverno-cesprom-e-ctec-recebem-doacoes","status":"publish","type":"post","link":"https:\/\/jundiai.sp.gov.br\/noticias\/2017\/05\/08\/campanha-de-inverno-cesprom-e-ctec-recebem-doacoes\/","title":{"rendered":"Campanha de Inverno: CESPROM e CTEC recebem doa\u00e7\u00f5es"},"content":{"rendered":"<p><div id=\"attachment_196943\" style=\"width: 410px\" class=\"wp-caption alignright\"><a href=\"https:\/\/jundiai.sp.gov.br\/noticias\/wp-content\/uploads\/sites\/32\/2017\/05\/unnamed-2-1.jpg\"><img loading=\"lazy\" decoding=\"async\" aria-describedby=\"caption-attachment-196943\" src=\"https:\/\/jundiai.sp.gov.br\/noticias\/wp-content\/uploads\/sites\/32\/2017\/05\/unnamed-2-1.jpg\" alt=\"\" width=\"400\" height=\"350\" class=\"size-full wp-image-196943\" \/><\/a><p id=\"caption-attachment-196943\" class=\"wp-caption-text\">CTEC atende adultos em situa\u00e7\u00e3o de rua e abandono<br \/><\/p><\/div><strong>A <a href=\"https:\/\/jundiai.sp.gov.br\/campanhadeinvernojundiai\/\" target=\"_blank\">Campanha de Inverno<\/a>, promovida pelo <a href=\"https:\/\/www.facebook.com\/fundosocialsolidariedadedejundiai\/\" target=\"_blank\">Fundo Social de Solidariedade de Jundia\u00ed<\/a>, entregou doa\u00e7\u00f5es para mais duas entidades, nesta segunda-feira (08). O Centro Scalabriniano de Promo\u00e7\u00e3o do Migrante (CESPROM), localizado no bairro Col\u00f4nia, recebeu mais de 140 itens, entre cobertores, roupas e cal\u00e7ados. A colabora\u00e7\u00e3o ser\u00e1 revertida para crian\u00e7as, adolescentes e adultos, entre eles um grupo de haitianos. \u201cTenho certeza de que esta colabora\u00e7\u00e3o ser\u00e1 muito importante para todos eles, j\u00e1 que recebemos poucas roupas para o frio\u201d, disse uma funcion\u00e1ria, Elza Maria Vertuan.<\/strong><\/p>\n<p>Pr\u00f3ximo dali, foi a vez do Centro Terap\u00eautico Educacional Crist\u00e3o (CTEC) receber as doa\u00e7\u00f5es. A unidade, no bairro Caxambu, atende 20 pessoas em situa\u00e7\u00e3o de rua e abandono. S\u00e3o 16 homens e quatro mulheres, com mais de 40 anos e mobilidade reduzida. \u201cNormalmente, eles chegam \u00e0 nossa entidade sem nada. Toda e qualquer ajuda \u00e9 de grande valia\u201d, afirmou a coordenadora e assistente social, Vanderlea dos Santos Silva.<\/p>\n<p><strong>LEIA TAMB\u00c9M<\/strong><br \/>\n<a href=\"https:\/\/jundiai.sp.gov.br\/noticias\/2017\/05\/06\/dia-da-cidadania-reune-familias-e-promove-a-solidariedade\/\">\u201cDia da Cidadania\u201d re\u00fane fam\u00edlias e promove a solidariedade<\/a><br \/>\n<a href=\"https:\/\/jundiai.sp.gov.br\/noticias\/2017\/05\/05\/fundo-social-da-boas-vindas-a-delegacao-de-jundiai-dos-jori-2017\/\">Fundo Social d\u00e1 boas-vindas \u00e0 delega\u00e7\u00e3o de Jundia\u00ed dos JORI 2017<\/a><\/p>\n<p><strong>Campanha de Inverno<\/strong><br \/>\nDoa\u00e7\u00f5es como estas s\u00e3o poss\u00edveis gra\u00e7as \u00e0 solidariedade da popula\u00e7\u00e3o, que faz a sua doa\u00e7\u00e3o em um dos mais de 90 postos de arrecada\u00e7\u00e3o distribu\u00eddos por Jundia\u00ed. As caixas de coleta est\u00e3o dispon\u00edveis em empresas, supermercados, com\u00e9rcios, na Prefeitura e outros \u00f3rg\u00e3os p\u00fablicos. A lista com todos os endere\u00e7os est\u00e1 dispon\u00edvel <a href=\"https:\/\/jundiai.sp.gov.br\/campanhadeinvernojundiai\/\" target=\"_blank\">aqui<\/a>.<\/p>\n<p>J\u00e1 o Fundo Social \u00e9 um ponto permanente e funciona de segunda a sexta-feira, das 8h \u00e0s 17h, dentro do Parque da Uva, com acesso pela avenida Dona Manoela Lacerda de Vergueiro, s\/n, port\u00e3o 03, Anhangaba\u00fa. Informa\u00e7\u00f5es pelo telefone (11) 4521-2929.<\/p>\n<p><em><strong>Assessoria de Imprensa<\/strong><\/em><\/p>\n","protected":false},"excerpt":{"rendered":"<p>A\u00e7\u00f5es como estas s\u00e3o poss\u00edveis gra\u00e7as \u00e0 solidariedade da popula\u00e7\u00e3o, que faz a sua doa\u00e7\u00e3o em um dos mais de 90 postos de arrecada\u00e7\u00e3o<\/p>\n","protected":false},"author":30,"featured_media":196940,"comment_status":"closed","ping_status":"closed","sticky":false,"template":"","format":"standard","meta":{"footnotes":""},"categories":[2],"tags":[1003,416],"ods":[],"class_list":["post-196939","post","type-post","status-publish","format-standard","has-post-thumbnail","hentry","category-noticias","tag-campanha-de-inverno-2017","tag-fundo-social-de-solidariedade-funss"],"_links":{"self":[{"href":"https:\/\/jundiai.sp.gov.br\/noticias\/wp-json\/wp\/v2\/posts\/196939","targetHints":{"allow":["GET"]}}],"collection":[{"href":"https:\/\/jundiai.sp.gov.br\/noticias\/wp-json\/wp\/v2\/posts"}],"about":[{"href":"https:\/\/jundiai.sp.gov.br\/noticias\/wp-json\/wp\/v2\/types\/post"}],"author":[{"embeddable":true,"href":"https:\/\/jundiai.sp.gov.br\/noticias\/wp-json\/wp\/v2\/users\/30"}],"replies":[{"embeddable":true,"href":"https:\/\/jundiai.sp.gov.br\/noticias\/wp-json\/wp\/v2\/comments?post=196939"}],"version-history":[{"count":6,"href":"https:\/\/jundiai.sp.gov.br\/noticias\/wp-json\/wp\/v2\/posts\/196939\/revisions"}],"predecessor-version":[{"id":196947,"href":"https:\/\/jundiai.sp.gov.br\/noticias\/wp-json\/wp\/v2\/posts\/196939\/revisions\/196947"}],"wp:featuredmedia":[{"embeddable":true,"href":"https:\/\/jundiai.sp.gov.br\/noticias\/wp-json\/wp\/v2\/media\/196940"}],"wp:attachment":[{"href":"https:\/\/jundiai.sp.gov.br\/noticias\/wp-json\/wp\/v2\/media?parent=196939"}],"wp:term":[{"taxonomy":"category","embeddable":true,"href":"https:\/\/jundiai.sp.gov.br\/noticias\/wp-json\/wp\/v2\/categories?post=196939"},{"taxonomy":"post_tag","embeddable":true,"href":"https:\/\/jundiai.sp.gov.br\/noticias\/wp-json\/wp\/v2\/tags?post=196939"},{"taxonomy":"ods","embeddable":true,"href":"https:\/\/jundiai.sp.gov.br\/noticias\/wp-json\/wp\/v2\/ods?post=196939"}],"curies":[{"name":"wp","href":"https:\/\/api.w.org\/{rel}","templated":true}]}}