{"id":197428,"date":"2017-05-16T18:30:59","date_gmt":"2017-05-16T21:30:59","guid":{"rendered":"https:\/\/jundiai.sp.gov.br\/noticias\/?p=197428"},"modified":"2017-05-18T19:26:06","modified_gmt":"2017-05-18T22:26:06","slug":"programa-de-prevencao-da-obesidade-sera-implantado-em-escolas","status":"publish","type":"post","link":"https:\/\/jundiai.sp.gov.br\/noticias\/2017\/05\/16\/programa-de-prevencao-da-obesidade-sera-implantado-em-escolas\/","title":{"rendered":"Escolas receber\u00e3o o Programa de Preven\u00e7\u00e3o da Obesidade"},"content":{"rendered":"<p><div id=\"attachment_197429\" style=\"width: 410px\" class=\"wp-caption alignleft\"><a href=\"https:\/\/jundiai.sp.gov.br\/noticias\/wp-content\/uploads\/sites\/32\/2017\/05\/DPF7824.jpg\"><img loading=\"lazy\" decoding=\"async\" aria-describedby=\"caption-attachment-197429\" src=\"https:\/\/jundiai.sp.gov.br\/noticias\/wp-content\/uploads\/sites\/32\/2017\/05\/DPF7824.jpg\" alt=\"\" width=\"400\" height=\"350\" class=\"size-full wp-image-197429\" \/><\/a><p id=\"caption-attachment-197429\" class=\"wp-caption-text\">O prefeito Luiz Fernando Machado conheceu o Programa de Preven\u00e7\u00e3o da Obesidade<br \/><\/p><\/div><strong>O prefeito Luiz Fernando Machado conheceu, na manh\u00e3 desta ter\u00e7a-feira (16), o Programa de Preven\u00e7\u00e3o da Obesidade que ser\u00e1 implantado em quatro unidades escolares da rede municipal de ensino. O trabalho foi desenvolvido pela <a href=\"http:\/\/fmj.br\/\" target=\"_blank\">Faculdade de Medicina de Jundia\u00ed (FMJ)<\/a> e elaborado por quatro Unidades de Gest\u00e3o: Sa\u00fade, Educa\u00e7\u00e3o, Esporte e Agroneg\u00f3cio.<\/strong><\/p>\n<p>\u201cEste \u00e9 um programa extremamente importante, pois ao cuidar das nossas crian\u00e7as, cuida n\u00e3o apenas do quanto as pessoas v\u00e3o viver, mas com qual qualidade de vida chegar\u00e3o \u00e0 terceira idade\u201d, declara o prefeito.<\/p>\n<p>No total, o programa deve envolver 1.101 alunos dos 4\u00ba e 5\u00ba anos do Ensino Fundamental das Escolas Municipais do Ensino B\u00e1sico (Emebs) Deodato Janski (Jardim Tarum\u00e3), Ivo de Bona (Parque Almerinda Chaves), Ant\u00f4nio Adelino Brand\u00e3o (Morada das Vinhas) e Judith Almeida Arruda (Cidade Nova).<\/p>\n<p><strong>LEIA TAMB\u00c9M<\/strong><br \/>\n<a href=\"https:\/\/jundiai.sp.gov.br\/noticias\/2017\/05\/11\/escolas-municipais-recebem-peca-teatral-sobre-quimica-na-proxima-semana\/\">Escolas municipais recebem pe\u00e7a teatral sobre qu\u00edmica<\/a><br \/>\n<a href=\"https:\/\/jundiai.sp.gov.br\/noticias\/2017\/05\/16\/centro-de-especialidades-odontologicas-muda-de-endereco\/\">Centro de Especialidades Odontol\u00f3gicas muda de endere\u00e7o<\/a><\/p>\n<p>O crit\u00e9rio de escolha, segundo os envolvidos na elabora\u00e7\u00e3o do programa, s\u00e3o \u00e1reas de alta vulnerabilidade com per\u00edodo integral e meio per\u00edodo. Da mesma forma que os dez primeiros anos de vida s\u00e3o considerados os mais influenci\u00e1veis na forma\u00e7\u00e3o de uma crian\u00e7a.<\/p>\n<p>A atua\u00e7\u00e3o em campo deve come\u00e7ar ainda este m\u00eas com a mensura\u00e7\u00e3o antropom\u00e9trica e recordat\u00f3rios alimentar visando servir de base para a elabora\u00e7\u00e3o de um programa municipal de combate \u00e0 obesidade implantado em conjunto com as demais Unidades de Gest\u00e3o. Esta primeira etapa ser\u00e1 desenvolvida pelos alunos do 4\u00ba ano da disciplina de Endocrinologia da FMJ.<\/p>\n<p>\u201cEstamos realizando um sonho: inserir a FMJ, com todo o seu respaldo e chancela, na constru\u00e7\u00e3o de pol\u00edticas p\u00fablicas. Tudo isso engrandece ainda mais este programa\u201d, ressalta o prefeito. Para ele, este diagn\u00f3stico pode trazer um resultado cient\u00edfico capaz de nortear investimentos de excel\u00eancia e estudos em outras inst\u00e2ncias.<br \/>\n<em><br \/>\n<strong>Assessoria de Imprensa<br \/>\nFoto: Fot\u00f3grafos PMJ<\/strong><\/em><\/p>\n","protected":false},"excerpt":{"rendered":"<p>Desenvolvido pela Faculdade de Medicina de Jundia\u00ed (FMJ), o trabalho deve envolver 1.101 alunos dos 4\u00ba e 5\u00ba anos do Ensino Fundamental<\/p>\n","protected":false},"author":30,"featured_media":197462,"comment_status":"closed","ping_status":"closed","sticky":false,"template":"","format":"standard","meta":{"footnotes":""},"categories":[2],"tags":[6,630,378,58,981],"ods":[],"class_list":["post-197428","post","type-post","status-publish","format-standard","has-post-thumbnail","hentry","category-noticias","tag-educacao","tag-emeb","tag-faculdade-de-medicina-de-jundiai-fmj","tag-prefeito","tag-promocao-da-saude"],"_links":{"self":[{"href":"https:\/\/jundiai.sp.gov.br\/noticias\/wp-json\/wp\/v2\/posts\/197428","targetHints":{"allow":["GET"]}}],"collection":[{"href":"https:\/\/jundiai.sp.gov.br\/noticias\/wp-json\/wp\/v2\/posts"}],"about":[{"href":"https:\/\/jundiai.sp.gov.br\/noticias\/wp-json\/wp\/v2\/types\/post"}],"author":[{"embeddable":true,"href":"https:\/\/jundiai.sp.gov.br\/noticias\/wp-json\/wp\/v2\/users\/30"}],"replies":[{"embeddable":true,"href":"https:\/\/jundiai.sp.gov.br\/noticias\/wp-json\/wp\/v2\/comments?post=197428"}],"version-history":[{"count":8,"href":"https:\/\/jundiai.sp.gov.br\/noticias\/wp-json\/wp\/v2\/posts\/197428\/revisions"}],"predecessor-version":[{"id":197465,"href":"https:\/\/jundiai.sp.gov.br\/noticias\/wp-json\/wp\/v2\/posts\/197428\/revisions\/197465"}],"wp:featuredmedia":[{"embeddable":true,"href":"https:\/\/jundiai.sp.gov.br\/noticias\/wp-json\/wp\/v2\/media\/197462"}],"wp:attachment":[{"href":"https:\/\/jundiai.sp.gov.br\/noticias\/wp-json\/wp\/v2\/media?parent=197428"}],"wp:term":[{"taxonomy":"category","embeddable":true,"href":"https:\/\/jundiai.sp.gov.br\/noticias\/wp-json\/wp\/v2\/categories?post=197428"},{"taxonomy":"post_tag","embeddable":true,"href":"https:\/\/jundiai.sp.gov.br\/noticias\/wp-json\/wp\/v2\/tags?post=197428"},{"taxonomy":"ods","embeddable":true,"href":"https:\/\/jundiai.sp.gov.br\/noticias\/wp-json\/wp\/v2\/ods?post=197428"}],"curies":[{"name":"wp","href":"https:\/\/api.w.org\/{rel}","templated":true}]}}