{"id":197644,"date":"2017-05-19T11:37:57","date_gmt":"2017-05-19T14:37:57","guid":{"rendered":"https:\/\/jundiai.sp.gov.br\/noticias\/?p=197644"},"modified":"2017-05-22T15:07:00","modified_gmt":"2017-05-22T18:07:00","slug":"caminhada-do-procon-e-adiada-para-o-dia-28","status":"publish","type":"post","link":"https:\/\/jundiai.sp.gov.br\/noticias\/2017\/05\/19\/caminhada-do-procon-e-adiada-para-o-dia-28\/","title":{"rendered":"Caminhada do Procon \u00e9 adiada para domingo (28)"},"content":{"rendered":"<p><strong>Em fun\u00e7\u00e3o da previs\u00e3o de chuva para este fim de semana, a 5\u00aa edi\u00e7\u00e3o da Caminhada do Procon, que estava marcada para domingo (21), foi adiada para o pr\u00f3ximo dia 28. Quem j\u00e1 fez a inscri\u00e7\u00e3o para o evento n\u00e3o precisa se preocupar, uma vez que a confirma\u00e7\u00e3o de participa\u00e7\u00e3o segue v\u00e1lida.<\/strong><\/p>\n<p>Toda a programa\u00e7\u00e3o tamb\u00e9m est\u00e1 mantida, conforme explica a coordenadora do Procon Jundia\u00ed, Gabriela Glinternik. \u201cA Caminhada contar\u00e1 com uma atra\u00e7\u00e3o especial: uma apresenta\u00e7\u00e3o do <a href=\"https:\/\/jundiai.sp.gov.br\/noticias\/2017\/05\/02\/canil-da-gmj-sobe-ao-podio-em-sumare\/\">Canil da Guarda Municipal de Jundia\u00ed<\/a>, que recentemente foi eleito o 3\u00ba melhor do Estado de S\u00e3o Paulo\u201d, destaca. O evento ser\u00e1 realizado no Parque da Cidade, das 8h \u00e0s 10h30.<\/p>\n<p><strong>LEIA TAMB\u00c9M<\/strong><br \/>\n<a href=\"https:\/\/jundiai.sp.gov.br\/noticias\/2017\/05\/17\/procon-orienta-consumidores-sobre-mudancas-nos-planos-de-saude\/\">Procon orienta consumidores sobre mudan\u00e7as nos planos de sa\u00fade<\/a><\/p>\n<p>Segundo Gabriela, o objetivo do evento \u00e9 chamar a aten\u00e7\u00e3o da popula\u00e7\u00e3o para os servi\u00e7os oferecidos pelo \u00f3rg\u00e3o que t\u00eam como foco principal garantir o respeito aos direitos do consumidor.<\/p>\n<p>A Caminhada contar\u00e1 tamb\u00e9m com a presen\u00e7a do \u201cFarolito\u201d, mascote do <a href=\"https:\/\/jundiai.sp.gov.br\/noticias\/2017\/04\/26\/programacao-maio-amarelo-2017\/\">\u201cMovimento Maio Amarelo&#8221;<\/a>, realizado durante todo o m\u00eas pela Unidade de Mobilidade e Transporte com o objetivo de conscientizar motoristas e pedestres sobre seguran\u00e7a no tr\u00e2nsito e, desta forma, reduzir o n\u00famero de acidentes em Jundia\u00ed. \u201cAgentes de tr\u00e2nsito v\u00e3o distribuir o la\u00e7o s\u00edmbolo da campanha aos participantes\u201d, adianta a coordenadora do Procon, Gabriela Glinternik.<\/p>\n<p>Outra presen\u00e7a j\u00e1 confirmada \u00e9 de funcion\u00e1rios da Unidade de Gest\u00e3o de Esporte e Lazer, que far\u00e3o uma atividade integrativa antes do in\u00edcio da caminhada. Por conta da parceria com o \u201cMaio Amarelo\u201d, a coordenadora pede que os participantes utilizem uma camiseta ou qualquer outro acess\u00f3rio na cor amarela.<\/p>\n<p>Para garantir a hidrata\u00e7\u00e3o dos participantes, o <a href=\"https:\/\/www.facebook.com\/fundosocialsolidariedadedejundiai\/\" target=\"_blank\">Fundo Social de Solidariedade<\/a> vai distribuir \u00e1gua e suco. \u201cQuem quiser pode levar um agasalho para a <a href=\"https:\/\/jundiai.sp.gov.br\/campanhadeinvernojundiai\/\" target=\"_blank\">campanha de inverno<\/a> da entidade. \u00c9 uma boa oportunidade de ajudar a aquecer quem precisa nestes dias frios\u201d, diz Gabriela.<\/p>\n<p>Desde o ano passado, a Caminhada do Procon faz parte do calend\u00e1rio oficial do munic\u00edpio, conforme determina a Lei 8.481\/2015. O evento \u00e9 aberto \u00e0 popula\u00e7\u00e3o, mas a coordenadora pede para que os interessados se inscrevam a fim de contabilizar uma expectativa de p\u00fablico. A inscri\u00e7\u00e3o pode ser realizada <a href=\"https:\/\/docs.google.com\/a\/jundiai.sp.gov.br\/forms\/d\/e\/1FAIpQLScVOgE-0XPsdSBtRxYZqgHnt9_zSbTH_GUvO-PqQMlNEsIO9g\/viewform?c=0&#038;w=1\" target=\"_blank\">neste link<\/a>.<\/p>\n<p><em><strong>Assessoria de Imprensa<br \/>\nFoto: Divulga\u00e7\u00e3o<\/strong><\/em><\/p>\n","protected":false},"excerpt":{"rendered":"<p>Por causa da previs\u00e3o de chuva para este fim de semana, a 5\u00aa edi\u00e7\u00e3o da Caminhada acontece no pr\u00f3ximo fim de semana<\/p>\n","protected":false},"author":30,"featured_media":197657,"comment_status":"closed","ping_status":"closed","sticky":false,"template":"","format":"standard","meta":{"footnotes":""},"categories":[2],"tags":[416,31,982,47,33],"ods":[],"class_list":["post-197644","post","type-post","status-publish","format-standard","has-post-thumbnail","hentry","category-noticias","tag-fundo-social-de-solidariedade-funss","tag-guarda-municipal","tag-mobilidade-e-transporte","tag-parque-da-cidade","tag-procon"],"_links":{"self":[{"href":"https:\/\/jundiai.sp.gov.br\/noticias\/wp-json\/wp\/v2\/posts\/197644","targetHints":{"allow":["GET"]}}],"collection":[{"href":"https:\/\/jundiai.sp.gov.br\/noticias\/wp-json\/wp\/v2\/posts"}],"about":[{"href":"https:\/\/jundiai.sp.gov.br\/noticias\/wp-json\/wp\/v2\/types\/post"}],"author":[{"embeddable":true,"href":"https:\/\/jundiai.sp.gov.br\/noticias\/wp-json\/wp\/v2\/users\/30"}],"replies":[{"embeddable":true,"href":"https:\/\/jundiai.sp.gov.br\/noticias\/wp-json\/wp\/v2\/comments?post=197644"}],"version-history":[{"count":13,"href":"https:\/\/jundiai.sp.gov.br\/noticias\/wp-json\/wp\/v2\/posts\/197644\/revisions"}],"predecessor-version":[{"id":197670,"href":"https:\/\/jundiai.sp.gov.br\/noticias\/wp-json\/wp\/v2\/posts\/197644\/revisions\/197670"}],"wp:featuredmedia":[{"embeddable":true,"href":"https:\/\/jundiai.sp.gov.br\/noticias\/wp-json\/wp\/v2\/media\/197657"}],"wp:attachment":[{"href":"https:\/\/jundiai.sp.gov.br\/noticias\/wp-json\/wp\/v2\/media?parent=197644"}],"wp:term":[{"taxonomy":"category","embeddable":true,"href":"https:\/\/jundiai.sp.gov.br\/noticias\/wp-json\/wp\/v2\/categories?post=197644"},{"taxonomy":"post_tag","embeddable":true,"href":"https:\/\/jundiai.sp.gov.br\/noticias\/wp-json\/wp\/v2\/tags?post=197644"},{"taxonomy":"ods","embeddable":true,"href":"https:\/\/jundiai.sp.gov.br\/noticias\/wp-json\/wp\/v2\/ods?post=197644"}],"curies":[{"name":"wp","href":"https:\/\/api.w.org\/{rel}","templated":true}]}}